{"id":14811,"date":"2024-07-22T01:18:58","date_gmt":"2024-07-22T04:18:58","guid":{"rendered":"https:\/\/infotep.com.ar\/?p=14811"},"modified":"2024-07-22T01:18:59","modified_gmt":"2024-07-22T04:18:59","slug":"programa-moreno-lee-y-escribe-convocatoria-para-espacios-de-alfabetizacion","status":"publish","type":"post","link":"https:\/\/infotep.com.ar\/index.php\/2024\/07\/22\/programa-moreno-lee-y-escribe-convocatoria-para-espacios-de-alfabetizacion\/","title":{"rendered":"Programa Moreno Lee y Escribe\u201d: convocatoria para espacios de alfabetizaci\u00f3n"},"content":{"rendered":"\n<p>La iniciativa est\u00e1 dirigida a centros comunitarios, sociedades de fomento y clubes barriales<\/p>\n\n\n\n<p>En el marco de implementaci\u00f3n del \u201cPrograma Moreno Lee y Escribe\u201d, el Municipio en articulaci\u00f3n con la Secretar\u00eda de Cultura, Educaci\u00f3n y Deportes, abri\u00f3 la convocatoria de inscripci\u00f3n para distintos espacios del distrito que quieran funcionar como centro de alfabetizaci\u00f3n.<\/p>\n\n\n\n<p>Esta iniciativa est\u00e1 dirigida a centros comunitarios, sociedades de fomento y clubes barriales. Donde, en caso de formar parte del programa, se desarrollar\u00e1n las jornadas educativas desde el mes de agosto hasta diciembre, durante los d\u00edas s\u00e1bados de 9 a 13 horas.<\/p>\n\n\n\n<p>Quienes deseen ser parte de esta convocatoria, deber\u00e1n inscribirse por medio del siguiente <a href=\"https:\/\/docs.google.com\/forms\/d\/1i6wpjLgCUVFcUg1stLyuNlNWXvFRbMH_DNUSKIlCvUA\/viewform?chromeless=1&amp;edit_requested=true\" target=\"_blank\" rel=\"noreferrer noopener\">link: <\/a><\/p>\n\n\n\n<p>Moreno Lee y Escribe es una propuesta impulsada por el Gobierno local, que busca saldar las necesidades educativas en materia de comprensi\u00f3n lectora y escritura en las y los estudiantes de segundo ciclo de la Escuela Primaria.<\/p>\n\n\n\n<p>Para m\u00e1s informaci\u00f3n, comunicarse con morenoleeyescribe@moreno.gov.ar.<\/p>\n","protected":false},"excerpt":{"rendered":"<p>La iniciativa est&aacute; dirigida a centros comunitarios, sociedades de fomento y clubes barriales En el marco de implementaci&oacute;n del &ldquo;Programa Moreno Lee y Escribe&rdquo;, el Municipio en articulaci&oacute;n con la Secretar&iacute;a de Cultura, Educaci&oacute;n y Deportes, abri&oacute; la convocatoria de inscripci&oacute;n para distintos espacios del distrito que quieran funcionar como centro de alfabetizaci&oacute;n. Esta iniciativa &hellip; <\/p>\n","protected":false},"author":5,"featured_media":14812,"comment_status":"closed","ping_status":"closed","sticky":false,"template":"","format":"standard","meta":{"om_disable_all_campaigns":false,"_joinchat":[]},"categories":[85],"tags":[46,43],"featured_image_urls":{"full":["https:\/\/infotep.com.ar\/wp-content\/uploads\/2024\/07\/LEE.jpg",600,400,false],"thumbnail":["https:\/\/infotep.com.ar\/wp-content\/uploads\/2024\/07\/LEE-150x150.jpg",150,150,true],"medium":["https:\/\/infotep.com.ar\/wp-content\/uploads\/2024\/07\/LEE-300x200.jpg",300,200,true],"medium_large":["https:\/\/infotep.com.ar\/wp-content\/uploads\/2024\/07\/LEE.jpg",600,400,false],"large":["https:\/\/infotep.com.ar\/wp-content\/uploads\/2024\/07\/LEE.jpg",600,400,false],"1536x1536":["https:\/\/infotep.com.ar\/wp-content\/uploads\/2024\/07\/LEE.jpg",600,400,false],"2048x2048":["https:\/\/infotep.com.ar\/wp-content\/uploads\/2024\/07\/LEE.jpg",600,400,false],"blossom-feminine-slider":["https:\/\/infotep.com.ar\/wp-content\/uploads\/2024\/07\/LEE.jpg",600,400,false],"blossom-feminine-featured":["https:\/\/infotep.com.ar\/wp-content\/uploads\/2024\/07\/LEE.jpg",600,400,false],"blossom-feminine-with-sidebar":["https:\/\/infotep.com.ar\/wp-content\/uploads\/2024\/07\/LEE.jpg",600,400,false],"blossom-feminine-blog":["https:\/\/infotep.com.ar\/wp-content\/uploads\/2024\/07\/LEE-435x400.jpg",435,400,true],"blossom-feminine-cat":["https:\/\/infotep.com.ar\/wp-content\/uploads\/2024\/07\/LEE-450x300.jpg",450,300,true],"blossom-feminine-related":["https:\/\/infotep.com.ar\/wp-content\/uploads\/2024\/07\/LEE-320x200.jpg",320,200,true],"blossom-feminine-schema":["https:\/\/infotep.com.ar\/wp-content\/uploads\/2024\/07\/LEE-90x60.jpg",90,60,true],"blossom-mommy-blog-slider-big":["https:\/\/infotep.com.ar\/wp-content\/uploads\/2024\/07\/LEE.jpg",600,400,false],"blossom-mommy-blog-slider":["https:\/\/infotep.com.ar\/wp-content\/uploads\/2024\/07\/LEE-460x310.jpg",460,310,true],"blossom-mommy-blog-two":["https:\/\/infotep.com.ar\/wp-content\/uploads\/2024\/07\/LEE.jpg",600,400,false]},"author_info":{"info":["Angela Tobar"]},"category_info":"<a href=\"https:\/\/infotep.com.ar\/index.php\/category\/municipales\/moreno\/\" rel=\"category tag\">Moreno<\/a>","tag_info":"Moreno","comment_count":"0","_links":{"self":[{"href":"https:\/\/infotep.com.ar\/index.php\/wp-json\/wp\/v2\/posts\/14811"}],"collection":[{"href":"https:\/\/infotep.com.ar\/index.php\/wp-json\/wp\/v2\/posts"}],"about":[{"href":"https:\/\/infotep.com.ar\/index.php\/wp-json\/wp\/v2\/types\/post"}],"author":[{"embeddable":true,"href":"https:\/\/infotep.com.ar\/index.php\/wp-json\/wp\/v2\/users\/5"}],"replies":[{"embeddable":true,"href":"https:\/\/infotep.com.ar\/index.php\/wp-json\/wp\/v2\/comments?post=14811"}],"version-history":[{"count":1,"href":"https:\/\/infotep.com.ar\/index.php\/wp-json\/wp\/v2\/posts\/14811\/revisions"}],"predecessor-version":[{"id":14813,"href":"https:\/\/infotep.com.ar\/index.php\/wp-json\/wp\/v2\/posts\/14811\/revisions\/14813"}],"wp:featuredmedia":[{"embeddable":true,"href":"https:\/\/infotep.com.ar\/index.php\/wp-json\/wp\/v2\/media\/14812"}],"wp:attachment":[{"href":"https:\/\/infotep.com.ar\/index.php\/wp-json\/wp\/v2\/media?parent=14811"}],"wp:term":[{"taxonomy":"category","embeddable":true,"href":"https:\/\/infotep.com.ar\/index.php\/wp-json\/wp\/v2\/categories?post=14811"},{"taxonomy":"post_tag","embeddable":true,"href":"https:\/\/infotep.com.ar\/index.php\/wp-json\/wp\/v2\/tags?post=14811"}],"curies":[{"name":"wp","href":"https:\/\/api.w.org\/{rel}","templated":true}]}}