{"id":14896,"date":"2024-07-25T14:25:45","date_gmt":"2024-07-25T17:25:45","guid":{"rendered":"https:\/\/infotep.com.ar\/?p=14896"},"modified":"2024-07-25T14:25:46","modified_gmt":"2024-07-25T17:25:46","slug":"se-oficializo-el-bono-para-jubilados-como-quedan-los-haberes-en-agosto","status":"publish","type":"post","link":"https:\/\/infotep.com.ar\/index.php\/2024\/07\/25\/se-oficializo-el-bono-para-jubilados-como-quedan-los-haberes-en-agosto\/","title":{"rendered":"Se oficializ\u00f3 el bono para jubilados: c\u00f3mo quedan los haberes en agosto"},"content":{"rendered":"\n<p>El Gobierno oficializ\u00f3 este jueves el otorgamiento de un nuevo bono de $70.000 en agosto, para jubilados que perciban el haber m\u00ednimo, mediante el Decreto 667\/2024 publicado en el Bolet\u00edn Oficial.<\/p>\n\n\n\n<p>De esta manera, las jubilaciones m\u00ednimas pasar\u00e1n a ser de $295.454,42 en agosto, ya que el haber inicial para el octavo mes del a\u00f1o fue fijado en $225.454,42, a partir del aumento del 4,58%, determinado en l\u00ednea con la inflaci\u00f3n de junio.<\/p>\n\n\n\n<p>En los considerandos de la normativa, para justificar la medida, el Ejecutivo aludi\u00f3 al \u00cdndice de Movilidad Jubilatoria aplicado desde marzo de 2021, por la Ley N\u00b0 27.609, exponiendo los efectos adversos de la inflaci\u00f3n en los haberes jubilatorios abonados bajo la mencionada f\u00f3rmula.<\/p>\n\n\n\n<p>En este sentido, el texto oficial puntualiz\u00f3 que \u201cla f\u00f3rmula all\u00ed establecida presentaba graves y serios inconvenientes, en tanto no resguardaba el riesgo inflacionario que afectaba los beneficios de los adultos mayores, puesto que no contemplaba la variaci\u00f3n de los precios y presentaba un gran desfasaje entre la evoluci\u00f3n de las variables econ\u00f3micas y su traslado a los haberes, entre otras cuestiones\u201d.<\/p>\n\n\n\n<p>Ante ese diagn\u00f3stico, se fueron implementando distintas ayudas econ\u00f3micas previsionales en los \u00faltimos meses. Desde que asumi\u00f3 la presidencia Javier Milei, se otorgaron dos bonos de $55.000 en los primeros dos meses del a\u00f1o y seis bonos de $70.000 desde marzo hasta el recientemente anunciado para agosto.<\/p>\n\n\n\n<p>Al respecto, el Decreto se\u00f1al\u00f3 que \u201cla Ley N\u00b0 27.609 implic\u00f3 efectos perjudiciales para todos los jubilados y pensionados, pero principalmente respecto de aquellos de menores ingresos, resultando necesario acudir a su sostenimiento mediante el otorgamiento de ayudas econ\u00f3micas previsionales y\/o bono extraordinario previsional por diferentes montos, a partir de los meses de enero, febrero, marzo, abril, mayo, junio y julio de 2024\u201d.<\/p>\n\n\n\n<p>Continuando esa l\u00ednea, expres\u00f3 que \u201ca modo de compensaci\u00f3n por los efectos adversos ocasionados por la aplicaci\u00f3n de la Ley N\u00b0 27.609 en los haberes previsionales de los adultos mayores de menores ingresos, para el mensual de agosto 2024 se considera oportuno el otorgamiento de un Bono Extraordinario Previsional\u201d.<\/p>\n\n\n\n<p><strong>A qui\u00e9nes les corresponde el bono de $70.000 en agosto<br><\/strong>El Decreto detall\u00f3 que el bono previsional ser\u00e1 otorgado a:<\/p>\n\n\n\n<p>a. Las personas titulares de las prestaciones contributivas previsionales a cargo de la Administraci\u00f3n Nacional de la Seguridad Social (ANSES), otorgadas en virtud de la Ley N\u00b0 24.241, sus modificatorias y complementarias, de reg\u00edmenes nacionales generales anteriores y sus modificatorias, de reg\u00edmenes especiales derogados, o por las ex-Cajas o Institutos Provinciales y Municipales de Previsi\u00f3n cuyos reg\u00edmenes fueron transferidos a la Naci\u00f3n, cuya movilidad se rija por el art\u00edculo 32 de la Ley N\u00b0 24.241 y de las prestaciones del r\u00e9gimen establecido por el Decreto N\u00ba 160\/05;<br>b. Las personas beneficiarias de la Pensi\u00f3n Universal para el Adulto Mayor, instituida por el art\u00edculo 13 de la Ley N\u00ba 27.260 y sus modificatorias;<br>c. Las personas beneficiarias de pensiones no contributivas por vejez, invalidez, madres de 7 hijos o m\u00e1s y dem\u00e1s pensiones no contributivas y pensiones graciables cuyo pago se encuentra a cargo de la ANSES.<\/p>\n","protected":false},"excerpt":{"rendered":"<p>El Gobierno oficializ&oacute; este jueves el otorgamiento de un nuevo bono de $70.000 en agosto, para jubilados que perciban el haber m&iacute;nimo, mediante el Decreto 667\/2024 publicado en el Bolet&iacute;n Oficial. De esta manera, las jubilaciones m&iacute;nimas pasar&aacute;n a ser de $295.454,42 en agosto, ya que el haber inicial para el octavo mes del a&ntilde;o &hellip; <\/p>\n","protected":false},"author":5,"featured_media":10124,"comment_status":"closed","ping_status":"closed","sticky":false,"template":"","format":"standard","meta":{"om_disable_all_campaigns":false,"_joinchat":[]},"categories":[3],"tags":[46,43],"featured_image_urls":{"full":["https:\/\/infotep.com.ar\/wp-content\/uploads\/2023\/12\/anses-1.jpg",1200,675,false],"thumbnail":["https:\/\/infotep.com.ar\/wp-content\/uploads\/2023\/12\/anses-1-150x150.jpg",150,150,true],"medium":["https:\/\/infotep.com.ar\/wp-content\/uploads\/2023\/12\/anses-1-300x169.jpg",300,169,true],"medium_large":["https:\/\/infotep.com.ar\/wp-content\/uploads\/2023\/12\/anses-1-768x432.jpg",768,432,true],"large":["https:\/\/infotep.com.ar\/wp-content\/uploads\/2023\/12\/anses-1-1024x576.jpg",1020,574,true],"1536x1536":["https:\/\/infotep.com.ar\/wp-content\/uploads\/2023\/12\/anses-1.jpg",1200,675,false],"2048x2048":["https:\/\/infotep.com.ar\/wp-content\/uploads\/2023\/12\/anses-1.jpg",1200,675,false],"blossom-feminine-slider":["https:\/\/infotep.com.ar\/wp-content\/uploads\/2023\/12\/anses-1-1200x649.jpg",1200,649,true],"blossom-feminine-featured":["https:\/\/infotep.com.ar\/wp-content\/uploads\/2023\/12\/anses-1-1200x600.jpg",1200,600,true],"blossom-feminine-with-sidebar":["https:\/\/infotep.com.ar\/wp-content\/uploads\/2023\/12\/anses-1-1020x600.jpg",1020,600,true],"blossom-feminine-blog":["https:\/\/infotep.com.ar\/wp-content\/uploads\/2023\/12\/anses-1-435x435.jpg",435,435,true],"blossom-feminine-cat":["https:\/\/infotep.com.ar\/wp-content\/uploads\/2023\/12\/anses-1-450x300.jpg",450,300,true],"blossom-feminine-related":["https:\/\/infotep.com.ar\/wp-content\/uploads\/2023\/12\/anses-1-320x200.jpg",320,200,true],"blossom-feminine-schema":["https:\/\/infotep.com.ar\/wp-content\/uploads\/2023\/12\/anses-1-107x60.jpg",107,60,true],"blossom-mommy-blog-slider-big":["https:\/\/infotep.com.ar\/wp-content\/uploads\/2023\/12\/anses-1-920x650.jpg",920,650,true],"blossom-mommy-blog-slider":["https:\/\/infotep.com.ar\/wp-content\/uploads\/2023\/12\/anses-1-460x310.jpg",460,310,true],"blossom-mommy-blog-two":["https:\/\/infotep.com.ar\/wp-content\/uploads\/2023\/12\/anses-1-768x480.jpg",768,480,true]},"author_info":{"info":["Angela Tobar"]},"category_info":"<a href=\"https:\/\/infotep.com.ar\/index.php\/category\/nacionales\/\" rel=\"category tag\">Nacionales<\/a>","tag_info":"Nacionales","comment_count":"0","_links":{"self":[{"href":"https:\/\/infotep.com.ar\/index.php\/wp-json\/wp\/v2\/posts\/14896"}],"collection":[{"href":"https:\/\/infotep.com.ar\/index.php\/wp-json\/wp\/v2\/posts"}],"about":[{"href":"https:\/\/infotep.com.ar\/index.php\/wp-json\/wp\/v2\/types\/post"}],"author":[{"embeddable":true,"href":"https:\/\/infotep.com.ar\/index.php\/wp-json\/wp\/v2\/users\/5"}],"replies":[{"embeddable":true,"href":"https:\/\/infotep.com.ar\/index.php\/wp-json\/wp\/v2\/comments?post=14896"}],"version-history":[{"count":1,"href":"https:\/\/infotep.com.ar\/index.php\/wp-json\/wp\/v2\/posts\/14896\/revisions"}],"predecessor-version":[{"id":14898,"href":"https:\/\/infotep.com.ar\/index.php\/wp-json\/wp\/v2\/posts\/14896\/revisions\/14898"}],"wp:featuredmedia":[{"embeddable":true,"href":"https:\/\/infotep.com.ar\/index.php\/wp-json\/wp\/v2\/media\/10124"}],"wp:attachment":[{"href":"https:\/\/infotep.com.ar\/index.php\/wp-json\/wp\/v2\/media?parent=14896"}],"wp:term":[{"taxonomy":"category","embeddable":true,"href":"https:\/\/infotep.com.ar\/index.php\/wp-json\/wp\/v2\/categories?post=14896"},{"taxonomy":"post_tag","embeddable":true,"href":"https:\/\/infotep.com.ar\/index.php\/wp-json\/wp\/v2\/tags?post=14896"}],"curies":[{"name":"wp","href":"https:\/\/api.w.org\/{rel}","templated":true}]}}