{"id":14902,"date":"2024-07-25T17:49:02","date_gmt":"2024-07-25T20:49:02","guid":{"rendered":"https:\/\/infotep.com.ar\/?p=14902"},"modified":"2024-07-25T17:49:04","modified_gmt":"2024-07-25T20:49:04","slug":"finde-en-tu-barrio-llega-este-fin-de-semana-a-las-plazas-de-luzuriaga-laferrere-y-virrey-del-pino","status":"publish","type":"post","link":"https:\/\/infotep.com.ar\/index.php\/2024\/07\/25\/finde-en-tu-barrio-llega-este-fin-de-semana-a-las-plazas-de-luzuriaga-laferrere-y-virrey-del-pino\/","title":{"rendered":"Finde en Tu Barrio llega este fin de semana a las plazas de Luzuriaga, Laferrere y Virrey del Pino"},"content":{"rendered":"\n<p><\/p>\n\n\n\n<p>La nueva propuesta cultural del Gobierno local transforma las plazas de La Matanza en espacios de encuentros gratuitos, para que toda la familia disfrute con m\u00fasica, espect\u00e1culos, arte y gastronom\u00eda local._<\/p>\n\n\n\n<p>Este 26, 27 y 28 de julio, a partir de las 14 horas, Finde en Tu Barrio estar\u00e1 en Villa Luzuriaga, Gregorio de Laferrere y Virrey del Pino, ofreciendo ferias gastron\u00f3micas, actividades culturales y shows en vivo.<\/p>\n\n\n\n<p>Cada fin de semana tienen lugar los diferentes espect\u00e1culos y presentaciones de artistas locales seleccionados a partir de la convocatoria promovida por el Municipio, desde la Secretar\u00eda de Cultura local, junto a actividades culturales y recreativas para toda la comunidad. Adem\u00e1s, cuentan con las exquisitas propuestas que brindan las distintas ferias gastron\u00f3micas.<\/p>\n\n\n\n<p> Agenda Finde en Tu Barrio \u2013 26, 27, 28 de julio<\/p>\n\n\n\n<p><strong><em>Plaza Ej\u00e9rcito de los Andes, Gregorio de Laferrere &#8211; Avenida Luro 5800<\/em><\/strong><\/p>\n\n\n\n<p><strong>Viernes 26 de julio<\/strong><\/p>\n\n\n\n<p>20 h &#8211; Actuaci\u00f3n en vivo de Brain C.<br>20:30 h &#8211; Cierre musical: Nadia Aguilera<\/p>\n\n\n\n<p><strong>S\u00e1bado 27 de julio<\/strong><\/p>\n\n\n\n<p>13.30 h &#8211; Freestyle<br>14.00 h &#8211; Actuaci\u00f3n en vivo de Lorena Garc\u00eda<br>14.30 h &#8211; Muestra del Taller de Guitarra<br>15.00 h &#8211; Muestra del Taller de Danza Contempor\u00e1nea<br>15.30 h &#8211; Actuaci\u00f3n en vivo de \u00c1ngel Quinteros junto a Fuerza Criolla<br>16.00 h &#8211; Muestra de folclore infantil<br>16.30 h &#8211; Clase abierta de folklore<br>17:00 h &#8211; Show en vivo de Soledad Ledesma y Moni Denis<br>17:30 h &#8211; Clase abierta de tango y actuaci\u00f3n en vivo de Emiliano Medina<br>18:00 h &#8211; Baile urbano<br>19:30 h &#8211; Actuaciones en vivo de Luly Sol, Tinyjunn y Erik Su\u00e1rez<br>21.00 h \u2013 Cierre musical: Los \u00c1vila<\/p>\n\n\n\n<p>Postas de vacunaci\u00f3n: COVID, Antigripal y Calendario<br>Control de salud: presi\u00f3n y glucemia<br>Punto de Gesti\u00f3n<br>Sorteos<\/p>\n\n\n\n<p><strong>Domingo 28 de julio<\/strong><\/p>\n\n\n\n<p>19:30 h &#8211; Show en vivo de El\u00edas<br>20:00 h &#8211; Marmolado en concierto<br>20:30 h \u2013 Cierre musical: MM RKT<\/p>\n\n\n\n<p><strong><em>Plaza La Foresta, Virrey del Pino &#8211; Santiago del Estero y California<\/em><\/strong><\/p>\n\n\n\n<p><strong>Viernes 26 de julio<\/strong><\/p>\n\n\n\n<p>Desde las 14 h &#8211; Tarde de tributos y cl\u00e1sicos<br>Sorteos<br>Juegos para ni\u00f1as y ni\u00f1os<\/p>\n\n\n\n<p><strong>S\u00e1bado 27 de julio<\/strong><\/p>\n\n\n\n<p>14.00 horas &#8211; Freestyle<br>15.00 horas &#8211; Show Infantil El Mago N\u00e9stor<br>16.00 horas &#8211; Actuaci\u00f3n en vivo de Sof\u00eda Gim\u00e9nez y Clase abierta Taller de folklore<br>16:30 horas &#8211; Actuaci\u00f3n en vivo de la Banda Gringa Venegas<br>17.00 horas &#8211; Cuadro musical del Ballet Estampas Nativas<br>17:30 horas &#8211; Actuaci\u00f3n en vivo del chino ELBUSK<br>18:30 horas &#8211; Sorteos y baile para ni\u00f1os<br>19:30 horas &#8211; Actuaci\u00f3n musical de Cumbia con clase<br>20 horas &#8211; Cierre musical: Los chicos de la v\u00eda<\/p>\n\n\n\n<p>Postas de vacunaci\u00f3n: COVID, Antigripal y Calendario<br>Zoonosis: vacunaci\u00f3n antirr\u00e1bica<br>Control de salud: presi\u00f3n y glucemia<br>Punto de Gesti\u00f3n<br>Sorteos<\/p>\n\n\n\n<p><strong>Domingo 28 de julio<\/strong><\/p>\n\n\n\n<p>16.00 h &#8211; Show infantil<br>17.00 h &#8211; Sorteo y juegos<br>18.00 h &#8211; Actuaci\u00f3n musical de S\u00faper quinteto<br>19.00 h &#8211; Cierre musical: Tributo de cumbia de los a\u00f1os 90<\/p>\n\n\n\n<p><strong><em>Plaza Manzanares, Villa Luzuriaga &#8211; Berna e Ituzaing\u00f3<\/em><\/strong><\/p>\n\n\n\n<p><strong>S\u00e1bado 26 de julio<\/strong><\/p>\n\n\n\n<p>15.00 h &#8211; Clase de Zumba<br>16.00 h &#8211; Taller de Folklore<br>16:30 h &#8211; Actuaci\u00f3n musical de Maru Larrea<br>17.00 h &#8211; Baile Urbano<br>17.00 h &#8211; Actuaci\u00f3n musical del d\u00fao Bentivenga Haylan<\/p>\n\n\n\n<p>Postas de vacunaci\u00f3n: COVID, Antigripal y Calendario<br>Control de salud: presi\u00f3n y glucemia<br>Punto de Gesti\u00f3n<br>Actividades recreativas para ni\u00f1os y ni\u00f1as<\/p>\n\n\n\n<p><strong>Domingo 27 de julio<\/strong><\/p>\n\n\n\n<p>18.00 h &#8211; Cierre musical: Los \u00c1vila<\/p>\n","protected":false},"excerpt":{"rendered":"<p>La nueva propuesta cultural del Gobierno local transforma las plazas de La Matanza en espacios de encuentros gratuitos, para que toda la familia disfrute con m&uacute;sica, espect&aacute;culos, arte y gastronom&iacute;a local._ Este 26, 27 y 28 de julio, a partir de las 14 horas, Finde en Tu Barrio estar&aacute; en Villa Luzuriaga, Gregorio de Laferrere &hellip; <\/p>\n","protected":false},"author":5,"featured_media":14904,"comment_status":"closed","ping_status":"closed","sticky":false,"template":"","format":"standard","meta":{"om_disable_all_campaigns":false,"_joinchat":[]},"categories":[26],"tags":[46,59,43],"featured_image_urls":{"full":["https:\/\/infotep.com.ar\/wp-content\/uploads\/2024\/07\/FINDE-EN-TU-BARRIO-3-scaled.jpg",2560,1706,false],"thumbnail":["https:\/\/infotep.com.ar\/wp-content\/uploads\/2024\/07\/FINDE-EN-TU-BARRIO-3-150x150.jpg",150,150,true],"medium":["https:\/\/infotep.com.ar\/wp-content\/uploads\/2024\/07\/FINDE-EN-TU-BARRIO-3-300x200.jpg",300,200,true],"medium_large":["https:\/\/infotep.com.ar\/wp-content\/uploads\/2024\/07\/FINDE-EN-TU-BARRIO-3-768x512.jpg",768,512,true],"large":["https:\/\/infotep.com.ar\/wp-content\/uploads\/2024\/07\/FINDE-EN-TU-BARRIO-3-1024x683.jpg",1020,680,true],"1536x1536":["https:\/\/infotep.com.ar\/wp-content\/uploads\/2024\/07\/FINDE-EN-TU-BARRIO-3-1536x1024.jpg",1536,1024,true],"2048x2048":["https:\/\/infotep.com.ar\/wp-content\/uploads\/2024\/07\/FINDE-EN-TU-BARRIO-3-2048x1365.jpg",2048,1365,true],"blossom-feminine-slider":["https:\/\/infotep.com.ar\/wp-content\/uploads\/2024\/07\/FINDE-EN-TU-BARRIO-3-1920x649.jpg",1920,649,true],"blossom-feminine-featured":["https:\/\/infotep.com.ar\/wp-content\/uploads\/2024\/07\/FINDE-EN-TU-BARRIO-3-1410x600.jpg",1410,600,true],"blossom-feminine-with-sidebar":["https:\/\/infotep.com.ar\/wp-content\/uploads\/2024\/07\/FINDE-EN-TU-BARRIO-3-1020x600.jpg",1020,600,true],"blossom-feminine-blog":["https:\/\/infotep.com.ar\/wp-content\/uploads\/2024\/07\/FINDE-EN-TU-BARRIO-3-435x435.jpg",435,435,true],"blossom-feminine-cat":["https:\/\/infotep.com.ar\/wp-content\/uploads\/2024\/07\/FINDE-EN-TU-BARRIO-3-450x300.jpg",450,300,true],"blossom-feminine-related":["https:\/\/infotep.com.ar\/wp-content\/uploads\/2024\/07\/FINDE-EN-TU-BARRIO-3-320x200.jpg",320,200,true],"blossom-feminine-schema":["https:\/\/infotep.com.ar\/wp-content\/uploads\/2024\/07\/FINDE-EN-TU-BARRIO-3-90x60.jpg",90,60,true],"blossom-mommy-blog-slider-big":["https:\/\/infotep.com.ar\/wp-content\/uploads\/2024\/07\/FINDE-EN-TU-BARRIO-3-920x650.jpg",920,650,true],"blossom-mommy-blog-slider":["https:\/\/infotep.com.ar\/wp-content\/uploads\/2024\/07\/FINDE-EN-TU-BARRIO-3-460x310.jpg",460,310,true],"blossom-mommy-blog-two":["https:\/\/infotep.com.ar\/wp-content\/uploads\/2024\/07\/FINDE-EN-TU-BARRIO-3-768x480.jpg",768,480,true]},"author_info":{"info":["Angela Tobar"]},"category_info":"<a href=\"https:\/\/infotep.com.ar\/index.php\/category\/municipales\/la-matanza\/\" rel=\"category tag\">La Matanza<\/a>","tag_info":"La Matanza","comment_count":"0","_links":{"self":[{"href":"https:\/\/infotep.com.ar\/index.php\/wp-json\/wp\/v2\/posts\/14902"}],"collection":[{"href":"https:\/\/infotep.com.ar\/index.php\/wp-json\/wp\/v2\/posts"}],"about":[{"href":"https:\/\/infotep.com.ar\/index.php\/wp-json\/wp\/v2\/types\/post"}],"author":[{"embeddable":true,"href":"https:\/\/infotep.com.ar\/index.php\/wp-json\/wp\/v2\/users\/5"}],"replies":[{"embeddable":true,"href":"https:\/\/infotep.com.ar\/index.php\/wp-json\/wp\/v2\/comments?post=14902"}],"version-history":[{"count":1,"href":"https:\/\/infotep.com.ar\/index.php\/wp-json\/wp\/v2\/posts\/14902\/revisions"}],"predecessor-version":[{"id":14905,"href":"https:\/\/infotep.com.ar\/index.php\/wp-json\/wp\/v2\/posts\/14902\/revisions\/14905"}],"wp:featuredmedia":[{"embeddable":true,"href":"https:\/\/infotep.com.ar\/index.php\/wp-json\/wp\/v2\/media\/14904"}],"wp:attachment":[{"href":"https:\/\/infotep.com.ar\/index.php\/wp-json\/wp\/v2\/media?parent=14902"}],"wp:term":[{"taxonomy":"category","embeddable":true,"href":"https:\/\/infotep.com.ar\/index.php\/wp-json\/wp\/v2\/categories?post=14902"},{"taxonomy":"post_tag","embeddable":true,"href":"https:\/\/infotep.com.ar\/index.php\/wp-json\/wp\/v2\/tags?post=14902"}],"curies":[{"name":"wp","href":"https:\/\/api.w.org\/{rel}","templated":true}]}}