{"id":14909,"date":"2024-07-26T00:59:25","date_gmt":"2024-07-26T03:59:25","guid":{"rendered":"https:\/\/infotep.com.ar\/?p=14909"},"modified":"2024-07-26T00:59:26","modified_gmt":"2024-07-26T03:59:26","slug":"la-cgt-endurece-su-postura-y-se-retira-del-dialogo-social-con-el-gobierno","status":"publish","type":"post","link":"https:\/\/infotep.com.ar\/index.php\/2024\/07\/26\/la-cgt-endurece-su-postura-y-se-retira-del-dialogo-social-con-el-gobierno\/","title":{"rendered":"La CGT endurece su postura y se retira del &#8220;di\u00e1logo social&#8221; con el Gobierno"},"content":{"rendered":"\n<p>Enojados con el Gobierno, dejaron de lado sus diferencias internas y reaccionaron as\u00ed a la reglamentaci\u00f3n que hizo el gobierno de aspectos de la reforma laboral.<br><br>La CGT resolvi\u00f3 hoy retirarse del &#8220;di\u00e1logo social&#8221; con el Gobierno y el sector empresario que hab\u00eda sido promovido en el marco del Consejo de Mayo, por lo que no asistir\u00e1 a la reuni\u00f3n tripartita que estaba prevista para el mi\u00e9rcoles de la semana pr\u00f3xima.<\/p>\n\n\n\n<p>As\u00ed se defini\u00f3 en una extensa reuni\u00f3n de m\u00e1s de tres horas que el Consejo Directivo de la central obrera mantuvo en su sede de la calle Azopardo, donde adem\u00e1s anticip\u00f3 que el 7 de agosto se plegar\u00e1 a la movilizaci\u00f3n que las organizaciones sociales realizan todos los a\u00f1os a San Cayetano.<\/p>\n\n\n\n<p>Enojados con el Gobierno, los referentes cegetistas dejaron de lado por un momento sus diferencias y consensuaron abandonar la mesa de di\u00e1logo con la Casa Rosada, luego de aducir que la gesti\u00f3n de Javier Milei avanz\u00f3 por su cuenta con la reglamentaci\u00f3n de la vuelta del Impuesto a las Ganancias y la nueva figura de colabores independientes para que empresas puedan tomar hasta tres trabajadores bajo el sistema de monotributo, dos cuestiones que integran la aprobada Ley de Bases y que cayeron muy mal en los sindicalistas.<\/p>\n\n\n\n<p>As\u00ed lo sostuvo, el cotitular de la central obrera H\u00e9ctor Daer en la conferencia de prensa posterior a la reuni\u00f3n de los dirigentes de los gremios que integran la conducci\u00f3n cegetista.<\/p>\n\n\n\n<p>Tampoco gust\u00f3 que el Gobierno no diera ning\u00fan paso tendiente a retirar la apelaci\u00f3n que hizo al amparo presentado por la CGT para declarar ilegal el cap\u00edtulo de reformas laborales contenidas en el mega DNU, el cual sigue sin entrar en vigencia porque la central logr\u00f3 frenarlo en la Justicia laboral, detall\u00f3 Daer.<\/p>\n\n\n\n<p>El referente del gremio de la Sanidad lament\u00f3 que &#8220;el Gobierno no ha dado respuesta a temas fundamentales&#8221; que hab\u00edan pedido como gesto en la reuni\u00f3n que tuvieron la semana pasada con el secretario de Trabajo, Julio Cordero.<\/p>\n\n\n\n<p>Tambi\u00e9n Daer dijo que rechazan de la Ley de Bases la iniciativa de despido con causa, al se\u00f1alar que se trata de &#8220;un articulo muy mal escrito y nocivo&#8221;, que supuestamente busca penalizar a los empleados que hagan bloqueos en las f\u00e1bricas pero que por su redacci\u00f3n podr\u00edan extender a otras formas de acci\u00f3n sindical, seg\u00fan alert\u00f3.<\/p>\n\n\n\n<p>&#8220;Hab\u00edamos quedado con el Gobierno en que \u00edbamos a discutir la reglamentaci\u00f3n, cuando el Gobierno luego reglament\u00f3 varios aspectos nocivos de la Ley de Bases&#8221;, argument\u00f3 sobre la decisi\u00f3n de la CGT.<\/p>\n\n\n\n<p>Tambi\u00e9n critic\u00f3 duro el contenido de la reuni\u00f3n del d\u00eda anterior entre el Gobierno y los principales empresarios del pa\u00eds, conocidos como el G6, al se\u00f1alar: &#8220;En vez de hablar con el secretario de Trabajo de como lograr m\u00e1s producci\u00f3n, m\u00e1s empleo, m\u00e1s inversi\u00f3n, la UIA fue a pedir que la agenda de discusi\u00f3n sea implementar lo que est\u00e1 frenado del DNU, que es precarizar m\u00e1s a los trabajadores y rapi\u00f1ar derechos laborales, entonces esta CGT no va a ir a esa discusi\u00f3n&#8221;, insisti\u00f3.<\/p>\n\n\n\n<p>Luego tom\u00f3 la palabra su colega del triunvirato Pablo Moyano, del sector m\u00e1s opositor al Gobierno, quien al ser consultado sobre un posible tercer paro en la gesti\u00f3n Milei, dijo que los pasos que van dando los llevan hacia ese corolario.<\/p>\n\n\n\n<p>&#8220;El paro se va a dar naturalmente. Ya nos bajamos de la mesa tripartita, tambi\u00e9n vamos a convocar a las regionales\u2026&#8221;, enumer\u00f3 el referente de Camioneros.<\/p>\n\n\n\n<p>Fuentes de la CGT anticiparon adem\u00e1s a la Agencia Noticias Argentinas que los sindicalistas llevar\u00e1n adelante este viernes una marcha de antorchas por el aniversario de la muerte de Eva Per\u00f3n, que se hace todos los a\u00f1os desde la sede de la CGT hasta el Cementerio de la Recoleta donde descansan los restos de la Abanderada de los Humildes.<\/p>\n","protected":false},"excerpt":{"rendered":"<p>Enojados con el Gobierno, dejaron de lado sus diferencias internas y reaccionaron as&iacute; a la reglamentaci&oacute;n que hizo el gobierno de aspectos de la reforma laboral. La CGT resolvi&oacute; hoy retirarse del &ldquo;di&aacute;logo social&rdquo; con el Gobierno y el sector empresario que hab&iacute;a sido promovido en el marco del Consejo de Mayo, por lo que &hellip; <\/p>\n","protected":false},"author":5,"featured_media":14910,"comment_status":"closed","ping_status":"closed","sticky":false,"template":"","format":"standard","meta":{"om_disable_all_campaigns":false,"_joinchat":[]},"categories":[7,4],"tags":[46,43],"featured_image_urls":{"full":["https:\/\/infotep.com.ar\/wp-content\/uploads\/2024\/07\/cgt.webp",1280,629,false],"thumbnail":["https:\/\/infotep.com.ar\/wp-content\/uploads\/2024\/07\/cgt-150x150.webp",150,150,true],"medium":["https:\/\/infotep.com.ar\/wp-content\/uploads\/2024\/07\/cgt-300x147.webp",300,147,true],"medium_large":["https:\/\/infotep.com.ar\/wp-content\/uploads\/2024\/07\/cgt-768x377.webp",768,377,true],"large":["https:\/\/infotep.com.ar\/wp-content\/uploads\/2024\/07\/cgt-1024x503.webp",1020,501,true],"1536x1536":["https:\/\/infotep.com.ar\/wp-content\/uploads\/2024\/07\/cgt.webp",1280,629,false],"2048x2048":["https:\/\/infotep.com.ar\/wp-content\/uploads\/2024\/07\/cgt.webp",1280,629,false],"blossom-feminine-slider":["https:\/\/infotep.com.ar\/wp-content\/uploads\/2024\/07\/cgt.webp",1280,629,false],"blossom-feminine-featured":["https:\/\/infotep.com.ar\/wp-content\/uploads\/2024\/07\/cgt-1280x600.webp",1280,600,true],"blossom-feminine-with-sidebar":["https:\/\/infotep.com.ar\/wp-content\/uploads\/2024\/07\/cgt-1020x600.webp",1020,600,true],"blossom-feminine-blog":["https:\/\/infotep.com.ar\/wp-content\/uploads\/2024\/07\/cgt-435x435.webp",435,435,true],"blossom-feminine-cat":["https:\/\/infotep.com.ar\/wp-content\/uploads\/2024\/07\/cgt-450x300.webp",450,300,true],"blossom-feminine-related":["https:\/\/infotep.com.ar\/wp-content\/uploads\/2024\/07\/cgt-320x200.webp",320,200,true],"blossom-feminine-schema":["https:\/\/infotep.com.ar\/wp-content\/uploads\/2024\/07\/cgt-122x60.webp",122,60,true],"blossom-mommy-blog-slider-big":["https:\/\/infotep.com.ar\/wp-content\/uploads\/2024\/07\/cgt-920x629.webp",920,629,true],"blossom-mommy-blog-slider":["https:\/\/infotep.com.ar\/wp-content\/uploads\/2024\/07\/cgt-460x310.webp",460,310,true],"blossom-mommy-blog-two":["https:\/\/infotep.com.ar\/wp-content\/uploads\/2024\/07\/cgt-768x480.webp",768,480,true]},"author_info":{"info":["Angela Tobar"]},"category_info":"<a href=\"https:\/\/infotep.com.ar\/index.php\/category\/gremios\/\" rel=\"category tag\">Gremios<\/a> <a href=\"https:\/\/infotep.com.ar\/index.php\/category\/provinciales\/\" rel=\"category tag\">Provinciales<\/a>","tag_info":"Provinciales","comment_count":"0","_links":{"self":[{"href":"https:\/\/infotep.com.ar\/index.php\/wp-json\/wp\/v2\/posts\/14909"}],"collection":[{"href":"https:\/\/infotep.com.ar\/index.php\/wp-json\/wp\/v2\/posts"}],"about":[{"href":"https:\/\/infotep.com.ar\/index.php\/wp-json\/wp\/v2\/types\/post"}],"author":[{"embeddable":true,"href":"https:\/\/infotep.com.ar\/index.php\/wp-json\/wp\/v2\/users\/5"}],"replies":[{"embeddable":true,"href":"https:\/\/infotep.com.ar\/index.php\/wp-json\/wp\/v2\/comments?post=14909"}],"version-history":[{"count":1,"href":"https:\/\/infotep.com.ar\/index.php\/wp-json\/wp\/v2\/posts\/14909\/revisions"}],"predecessor-version":[{"id":14911,"href":"https:\/\/infotep.com.ar\/index.php\/wp-json\/wp\/v2\/posts\/14909\/revisions\/14911"}],"wp:featuredmedia":[{"embeddable":true,"href":"https:\/\/infotep.com.ar\/index.php\/wp-json\/wp\/v2\/media\/14910"}],"wp:attachment":[{"href":"https:\/\/infotep.com.ar\/index.php\/wp-json\/wp\/v2\/media?parent=14909"}],"wp:term":[{"taxonomy":"category","embeddable":true,"href":"https:\/\/infotep.com.ar\/index.php\/wp-json\/wp\/v2\/categories?post=14909"},{"taxonomy":"post_tag","embeddable":true,"href":"https:\/\/infotep.com.ar\/index.php\/wp-json\/wp\/v2\/tags?post=14909"}],"curies":[{"name":"wp","href":"https:\/\/api.w.org\/{rel}","templated":true}]}}