{"id":14921,"date":"2024-07-26T01:08:12","date_gmt":"2024-07-26T04:08:12","guid":{"rendered":"https:\/\/infotep.com.ar\/?p=14921"},"modified":"2024-07-30T11:26:42","modified_gmt":"2024-07-30T14:26:42","slug":"mariel-fernandez-inauguro-obras-en-moreno-sur","status":"publish","type":"post","link":"https:\/\/infotep.com.ar\/index.php\/2024\/07\/26\/mariel-fernandez-inauguro-obras-en-moreno-sur\/","title":{"rendered":"Mariel Fern\u00e1ndez inaugur\u00f3 obras en Moreno Sur"},"content":{"rendered":"\n<p>La intendenta de Moreno, Mariel Fern\u00e1ndez, junto a vecinas y vecinos de la zona inaugur\u00f3 las nuevas obras realizadas en la localidad de Moreno Sur.<\/p>\n\n\n\n<p><strong>All\u00ed se asfaltaron 27 cuadras: \u00c1lvarez Thomas, desde Juli\u00e1n \u00c1lvarez hasta San Nicol\u00e1s; San Nicol\u00e1s, desde \u00c1lvarez Thomas hasta Beethoven; Santa Mar\u00eda de Oro, desde Padre Fahy hasta San Carlos; Las Piedras, entre Padre Fahy y San Nicol\u00e1s; Beethoven, entre San Cayetano y San Nicol\u00e1s; San Cayetano, entre Santa Mar\u00eda de Oro y Beethoven. Donde adem\u00e1s se llev\u00f3 adelante la instalaci\u00f3n de luminarias LED.<\/strong><\/p>\n\n\n\n<p>&#8220;La cantidad de cosas que se hacen en Moreno no ser\u00edan posibles si no se apoyaran en sus vecinas y vecinos, si no nos apoyamos en la comunidad, no se avanza&#8221;, afirm\u00f3 la jefa comunal.<\/p>\n\n\n\n<p>Asimismo, se realiz\u00f3 la renovaci\u00f3n integral de la plaza Parque Lavin, un lugar de encuentro y recreaci\u00f3n hist\u00f3rico para la comunidad. All\u00ed se realiz\u00f3 la colocaci\u00f3n de mobiliario urbano, la instalaci\u00f3n de juegos nuevos y se restaur\u00f3 el m\u00e1stil. Tambi\u00e9n, se llevaron adelante los trabajos de parquizaci\u00f3n y forestaci\u00f3n, se pintaron dos murales y se coloc\u00f3 una placa homenaje en honor al primer vecino del barrio.<\/p>\n\n\n\n<p>Durante la inauguraci\u00f3n, tambi\u00e9n estuvieron presentes: la secretaria de Obras y Servicios P\u00fablicos, Mar\u00eda Gim\u00e9nez; la diputada provincial y vecina del barrio, Noelia Saavedra; y el Padre Leonardo Sillio.<\/p>\n\n\n\n<p><\/p>\n","protected":false},"excerpt":{"rendered":"<p>La intendenta de Moreno, Mariel Fern&aacute;ndez, junto a vecinas y vecinos de la zona inaugur&oacute; las nuevas obras realizadas en la localidad de Moreno Sur. All&iacute; se asfaltaron 27 cuadras: &Aacute;lvarez Thomas, desde Juli&aacute;n &Aacute;lvarez hasta San Nicol&aacute;s; San Nicol&aacute;s, desde &Aacute;lvarez Thomas hasta Beethoven; Santa Mar&iacute;a de Oro, desde Padre Fahy hasta San Carlos; &hellip; <\/p>\n","protected":false},"author":5,"featured_media":14922,"comment_status":"closed","ping_status":"closed","sticky":false,"template":"","format":"standard","meta":{"om_disable_all_campaigns":false,"_joinchat":[]},"categories":[85],"tags":[46,107,43],"featured_image_urls":{"full":["https:\/\/infotep.com.ar\/wp-content\/uploads\/2024\/07\/mariel-fernandez-scaled.jpg",2560,1708,false],"thumbnail":["https:\/\/infotep.com.ar\/wp-content\/uploads\/2024\/07\/mariel-fernandez-150x150.jpg",150,150,true],"medium":["https:\/\/infotep.com.ar\/wp-content\/uploads\/2024\/07\/mariel-fernandez-300x200.jpg",300,200,true],"medium_large":["https:\/\/infotep.com.ar\/wp-content\/uploads\/2024\/07\/mariel-fernandez-768x512.jpg",768,512,true],"large":["https:\/\/infotep.com.ar\/wp-content\/uploads\/2024\/07\/mariel-fernandez-1024x683.jpg",1020,680,true],"1536x1536":["https:\/\/infotep.com.ar\/wp-content\/uploads\/2024\/07\/mariel-fernandez-1536x1025.jpg",1536,1025,true],"2048x2048":["https:\/\/infotep.com.ar\/wp-content\/uploads\/2024\/07\/mariel-fernandez-2048x1366.jpg",2048,1366,true],"blossom-feminine-slider":["https:\/\/infotep.com.ar\/wp-content\/uploads\/2024\/07\/mariel-fernandez-1920x649.jpg",1920,649,true],"blossom-feminine-featured":["https:\/\/infotep.com.ar\/wp-content\/uploads\/2024\/07\/mariel-fernandez-1410x600.jpg",1410,600,true],"blossom-feminine-with-sidebar":["https:\/\/infotep.com.ar\/wp-content\/uploads\/2024\/07\/mariel-fernandez-1020x600.jpg",1020,600,true],"blossom-feminine-blog":["https:\/\/infotep.com.ar\/wp-content\/uploads\/2024\/07\/mariel-fernandez-435x435.jpg",435,435,true],"blossom-feminine-cat":["https:\/\/infotep.com.ar\/wp-content\/uploads\/2024\/07\/mariel-fernandez-450x300.jpg",450,300,true],"blossom-feminine-related":["https:\/\/infotep.com.ar\/wp-content\/uploads\/2024\/07\/mariel-fernandez-320x200.jpg",320,200,true],"blossom-feminine-schema":["https:\/\/infotep.com.ar\/wp-content\/uploads\/2024\/07\/mariel-fernandez-90x60.jpg",90,60,true],"blossom-mommy-blog-slider-big":["https:\/\/infotep.com.ar\/wp-content\/uploads\/2024\/07\/mariel-fernandez-920x650.jpg",920,650,true],"blossom-mommy-blog-slider":["https:\/\/infotep.com.ar\/wp-content\/uploads\/2024\/07\/mariel-fernandez-460x310.jpg",460,310,true],"blossom-mommy-blog-two":["https:\/\/infotep.com.ar\/wp-content\/uploads\/2024\/07\/mariel-fernandez-768x480.jpg",768,480,true]},"author_info":{"info":["Angela Tobar"]},"category_info":"<a href=\"https:\/\/infotep.com.ar\/index.php\/category\/municipales\/moreno\/\" rel=\"category tag\">Moreno<\/a>","tag_info":"Moreno","comment_count":"0","_links":{"self":[{"href":"https:\/\/infotep.com.ar\/index.php\/wp-json\/wp\/v2\/posts\/14921"}],"collection":[{"href":"https:\/\/infotep.com.ar\/index.php\/wp-json\/wp\/v2\/posts"}],"about":[{"href":"https:\/\/infotep.com.ar\/index.php\/wp-json\/wp\/v2\/types\/post"}],"author":[{"embeddable":true,"href":"https:\/\/infotep.com.ar\/index.php\/wp-json\/wp\/v2\/users\/5"}],"replies":[{"embeddable":true,"href":"https:\/\/infotep.com.ar\/index.php\/wp-json\/wp\/v2\/comments?post=14921"}],"version-history":[{"count":1,"href":"https:\/\/infotep.com.ar\/index.php\/wp-json\/wp\/v2\/posts\/14921\/revisions"}],"predecessor-version":[{"id":14923,"href":"https:\/\/infotep.com.ar\/index.php\/wp-json\/wp\/v2\/posts\/14921\/revisions\/14923"}],"wp:featuredmedia":[{"embeddable":true,"href":"https:\/\/infotep.com.ar\/index.php\/wp-json\/wp\/v2\/media\/14922"}],"wp:attachment":[{"href":"https:\/\/infotep.com.ar\/index.php\/wp-json\/wp\/v2\/media?parent=14921"}],"wp:term":[{"taxonomy":"category","embeddable":true,"href":"https:\/\/infotep.com.ar\/index.php\/wp-json\/wp\/v2\/categories?post=14921"},{"taxonomy":"post_tag","embeddable":true,"href":"https:\/\/infotep.com.ar\/index.php\/wp-json\/wp\/v2\/tags?post=14921"}],"curies":[{"name":"wp","href":"https:\/\/api.w.org\/{rel}","templated":true}]}}