{"id":14970,"date":"2024-07-29T14:04:21","date_gmt":"2024-07-29T17:04:21","guid":{"rendered":"https:\/\/infotep.com.ar\/?p=14970"},"modified":"2024-07-29T14:04:22","modified_gmt":"2024-07-29T17:04:22","slug":"vacaciones-de-invierno-con-bolsillos-frios-cayo-la-cantidad-de-turistas-y-el-gasto","status":"publish","type":"post","link":"https:\/\/infotep.com.ar\/index.php\/2024\/07\/29\/vacaciones-de-invierno-con-bolsillos-frios-cayo-la-cantidad-de-turistas-y-el-gasto\/","title":{"rendered":"Vacaciones de invierno con bolsillos fr\u00edos: cay\u00f3 la cantidad de turistas y el gasto"},"content":{"rendered":"\n<p class=\"has-light-green-cyan-background-color has-background\">Tambi\u00e9n se redujeron las estad\u00edas. Son datos elaborados por la Confederaci\u00f3n Argentina de la Mediana Empresa (CAME).<br><br><strong>Cerca de 4,9 millones de turistas se movilizaron por las vacaciones de invierno, lo que representa una ca\u00edda de 11,9% respecto al a\u00f1o pasado, seg\u00fan inform\u00f3 la Confederaci\u00f3n Argentina de la Mediana Empresa (CAME).<\/strong><\/p>\n\n\n\n<p>En tanto, el gasto total ascendi\u00f3 a $ 1,2 billones en las ciudades que integran el circuito tur\u00edstico del pa\u00eds, lo que implica una ca\u00edda de 22,2% con relaci\u00f3n a 2023 a precios constantes.<\/p>\n\n\n\n<p>Por su parte, la estad\u00eda media baj\u00f3 a 4,1 d\u00edas, desde el 4,5 y el gasto diario en promedio fue de $59.890, que a precios reales (es decir, descontando la inflaci\u00f3n) result\u00f3 3% inferior a la temporada pasada.<\/p>\n\n\n\n<p>Los n\u00fameros elaborados por CAME son en base a informaci\u00f3n brindada por entidades de provincias y municipios.<\/p>\n\n\n\n<p>Las cifras reflejan \u201cun mes con bajo consumo en actividades, y con un p\u00fablico fiel a la nieve que achic\u00f3 estad\u00edas, pero no dej\u00f3 de pasar por los centros de esqu\u00ed\u201d, indic\u00f3 el trabajo de la entidad.<\/p>\n\n\n\n<p>\u201cLos que se redujo en estas vacaciones fueron los encuentros culturales, especialmente musicales, que fueron m\u00e1s discretos, incluso en las fiestas populares se pudo observar menor presencia de bandas con convocatorias masivas. En cambio, s\u00ed hubo abundantes competencias deportivas\u201d, indic\u00f3 la entidad.<\/p>\n\n\n\n<p>Asimismo, se\u00f1al\u00f3 que \u201cel desdoblamiento de las vacaciones escolares permiti\u00f3 una distribuci\u00f3n m\u00e1s equitativa del flujo de turistas y evit\u00f3 la sobrecarga de las rutas nacionales\u201d.<\/p>\n\n\n\n<p><strong>Para CAME \u201cfue un invierno fr\u00edo, con las zonas de playas menos concurridas que otros a\u00f1os, y un visitante que se inclin\u00f3 a opciones termales, monta\u00f1as, nieve y campo.<\/strong><\/p>\n\n\n\n<p>\u201cMuchas ciudades compararon este invierno con los resultados obtenidos en la prepandemia, entre 2017 y 2019\u201d, afirm\u00f3 la entidad.<\/p>\n","protected":false},"excerpt":{"rendered":"<p>Tambi&eacute;n se redujeron las estad&iacute;as. Son datos elaborados por la Confederaci&oacute;n Argentina de la Mediana Empresa (CAME). Cerca de 4,9 millones de turistas se movilizaron por las vacaciones de invierno, lo que representa una ca&iacute;da de 11,9% respecto al a&ntilde;o pasado, seg&uacute;n inform&oacute; la Confederaci&oacute;n Argentina de la Mediana Empresa (CAME). En tanto, el gasto &hellip; <\/p>\n","protected":false},"author":5,"featured_media":5338,"comment_status":"closed","ping_status":"closed","sticky":false,"template":"","format":"standard","meta":{"om_disable_all_campaigns":false,"_joinchat":[]},"categories":[3],"tags":[46,43],"featured_image_urls":{"full":["https:\/\/infotep.com.ar\/wp-content\/uploads\/2023\/05\/vacaciones-de-invierno-2023.jpg",700,463,false],"thumbnail":["https:\/\/infotep.com.ar\/wp-content\/uploads\/2023\/05\/vacaciones-de-invierno-2023-150x150.jpg",150,150,true],"medium":["https:\/\/infotep.com.ar\/wp-content\/uploads\/2023\/05\/vacaciones-de-invierno-2023-300x198.jpg",300,198,true],"medium_large":["https:\/\/infotep.com.ar\/wp-content\/uploads\/2023\/05\/vacaciones-de-invierno-2023.jpg",700,463,false],"large":["https:\/\/infotep.com.ar\/wp-content\/uploads\/2023\/05\/vacaciones-de-invierno-2023.jpg",700,463,false],"1536x1536":["https:\/\/infotep.com.ar\/wp-content\/uploads\/2023\/05\/vacaciones-de-invierno-2023.jpg",700,463,false],"2048x2048":["https:\/\/infotep.com.ar\/wp-content\/uploads\/2023\/05\/vacaciones-de-invierno-2023.jpg",700,463,false],"blossom-feminine-slider":["https:\/\/infotep.com.ar\/wp-content\/uploads\/2023\/05\/vacaciones-de-invierno-2023.jpg",700,463,false],"blossom-feminine-featured":["https:\/\/infotep.com.ar\/wp-content\/uploads\/2023\/05\/vacaciones-de-invierno-2023.jpg",700,463,false],"blossom-feminine-with-sidebar":["https:\/\/infotep.com.ar\/wp-content\/uploads\/2023\/05\/vacaciones-de-invierno-2023.jpg",700,463,false],"blossom-feminine-blog":["https:\/\/infotep.com.ar\/wp-content\/uploads\/2023\/05\/vacaciones-de-invierno-2023-435x435.jpg",435,435,true],"blossom-feminine-cat":["https:\/\/infotep.com.ar\/wp-content\/uploads\/2023\/05\/vacaciones-de-invierno-2023-450x300.jpg",450,300,true],"blossom-feminine-related":["https:\/\/infotep.com.ar\/wp-content\/uploads\/2023\/05\/vacaciones-de-invierno-2023-320x200.jpg",320,200,true],"blossom-feminine-schema":["https:\/\/infotep.com.ar\/wp-content\/uploads\/2023\/05\/vacaciones-de-invierno-2023-91x60.jpg",91,60,true],"blossom-mommy-blog-slider-big":["https:\/\/infotep.com.ar\/wp-content\/uploads\/2023\/05\/vacaciones-de-invierno-2023.jpg",700,463,false],"blossom-mommy-blog-slider":["https:\/\/infotep.com.ar\/wp-content\/uploads\/2023\/05\/vacaciones-de-invierno-2023-460x310.jpg",460,310,true],"blossom-mommy-blog-two":["https:\/\/infotep.com.ar\/wp-content\/uploads\/2023\/05\/vacaciones-de-invierno-2023.jpg",700,463,false]},"author_info":{"info":["Angela Tobar"]},"category_info":"<a href=\"https:\/\/infotep.com.ar\/index.php\/category\/nacionales\/\" rel=\"category tag\">Nacionales<\/a>","tag_info":"Nacionales","comment_count":"0","_links":{"self":[{"href":"https:\/\/infotep.com.ar\/index.php\/wp-json\/wp\/v2\/posts\/14970"}],"collection":[{"href":"https:\/\/infotep.com.ar\/index.php\/wp-json\/wp\/v2\/posts"}],"about":[{"href":"https:\/\/infotep.com.ar\/index.php\/wp-json\/wp\/v2\/types\/post"}],"author":[{"embeddable":true,"href":"https:\/\/infotep.com.ar\/index.php\/wp-json\/wp\/v2\/users\/5"}],"replies":[{"embeddable":true,"href":"https:\/\/infotep.com.ar\/index.php\/wp-json\/wp\/v2\/comments?post=14970"}],"version-history":[{"count":1,"href":"https:\/\/infotep.com.ar\/index.php\/wp-json\/wp\/v2\/posts\/14970\/revisions"}],"predecessor-version":[{"id":14971,"href":"https:\/\/infotep.com.ar\/index.php\/wp-json\/wp\/v2\/posts\/14970\/revisions\/14971"}],"wp:featuredmedia":[{"embeddable":true,"href":"https:\/\/infotep.com.ar\/index.php\/wp-json\/wp\/v2\/media\/5338"}],"wp:attachment":[{"href":"https:\/\/infotep.com.ar\/index.php\/wp-json\/wp\/v2\/media?parent=14970"}],"wp:term":[{"taxonomy":"category","embeddable":true,"href":"https:\/\/infotep.com.ar\/index.php\/wp-json\/wp\/v2\/categories?post=14970"},{"taxonomy":"post_tag","embeddable":true,"href":"https:\/\/infotep.com.ar\/index.php\/wp-json\/wp\/v2\/tags?post=14970"}],"curies":[{"name":"wp","href":"https:\/\/api.w.org\/{rel}","templated":true}]}}