{"id":15020,"date":"2024-07-31T18:14:53","date_gmt":"2024-07-31T21:14:53","guid":{"rendered":"https:\/\/infotep.com.ar\/?p=15020"},"modified":"2024-07-31T18:14:54","modified_gmt":"2024-07-31T21:14:54","slug":"un-hombre-murio-mientras-hacia-actividad-fisica-en-un-gimnasio-de-la-plata","status":"publish","type":"post","link":"https:\/\/infotep.com.ar\/index.php\/2024\/07\/31\/un-hombre-murio-mientras-hacia-actividad-fisica-en-un-gimnasio-de-la-plata\/","title":{"rendered":"Un hombre muri\u00f3 mientras hac\u00eda actividad f\u00edsica en un gimnasio de La Plata"},"content":{"rendered":"\n<p>Un hombre muri\u00f3 mientras realizaba actividad f\u00edsica en un gimnasio en la localidad bonaerense de La Plata. Por el momento, se desconocen las causas del deceso.<\/p>\n\n\n\n<p>Se trata de Marcelo Javier Vispo, de 52 a\u00f1os, quien falleci\u00f3 durante un entrenamiento en Kualia Gym situado en la calle 80 entre 121 y 122, cerca de las 20 horas.<\/p>\n\n\n\n<p>Los testigos en el gimnasio informaron a los medios locales que Vispo se encontraba ejercitando cuando comenz\u00f3 a mostrar s\u00edntomas de decaimiento, lo que llamo la atenci\u00f3n de los trabajadores del establecimiento. Debido a eso, se encargaron de pedir una ambulancia de Emergencias.<\/p>\n\n\n\n<p>Al llegar, los m\u00e9dicos trataron de asistirlo, pero no lograron reanimarlo y culminaron con la confirmaci\u00f3n del fallecimiento.<\/p>\n\n\n\n<p>Luego de la llegada del SAME, tambi\u00e9n se present\u00f3 al lugar personal de la Comisar\u00eda 6ta, que se encarg\u00f3 de entrevistar a las personas presentes y recopilar testimonios para ayudar a esclarecer los hechos.<\/p>\n\n\n\n<p>La principal hip\u00f3tesis es que la v\u00edctima sufri\u00f3 un paro card\u00edaco mientras ejercitaba, pero se desconoce la causa de esta muerte. Por otro lado, fuentes policiales informaron que desde la Unidad Fiscal N\u00b03 dispusieron no hacer actuaciones al respecto.<\/p>\n","protected":false},"excerpt":{"rendered":"<p>Un hombre muri&oacute; mientras realizaba actividad f&iacute;sica en un gimnasio en la localidad bonaerense de La Plata. Por el momento, se desconocen las causas del deceso. Se trata de Marcelo Javier Vispo, de 52 a&ntilde;os, quien falleci&oacute; durante un entrenamiento en Kualia Gym situado en la calle 80 entre 121 y 122, cerca de las &hellip; <\/p>\n","protected":false},"author":5,"featured_media":15021,"comment_status":"closed","ping_status":"closed","sticky":false,"template":"","format":"standard","meta":{"om_disable_all_campaigns":false,"_joinchat":[]},"categories":[4],"tags":[46,43],"featured_image_urls":{"full":["https:\/\/infotep.com.ar\/wp-content\/uploads\/2024\/07\/720-1-3.webp",1280,568,false],"thumbnail":["https:\/\/infotep.com.ar\/wp-content\/uploads\/2024\/07\/720-1-3-150x150.webp",150,150,true],"medium":["https:\/\/infotep.com.ar\/wp-content\/uploads\/2024\/07\/720-1-3-300x133.webp",300,133,true],"medium_large":["https:\/\/infotep.com.ar\/wp-content\/uploads\/2024\/07\/720-1-3-768x341.webp",768,341,true],"large":["https:\/\/infotep.com.ar\/wp-content\/uploads\/2024\/07\/720-1-3-1024x454.webp",1020,452,true],"1536x1536":["https:\/\/infotep.com.ar\/wp-content\/uploads\/2024\/07\/720-1-3.webp",1280,568,false],"2048x2048":["https:\/\/infotep.com.ar\/wp-content\/uploads\/2024\/07\/720-1-3.webp",1280,568,false],"blossom-feminine-slider":["https:\/\/infotep.com.ar\/wp-content\/uploads\/2024\/07\/720-1-3.webp",1280,568,false],"blossom-feminine-featured":["https:\/\/infotep.com.ar\/wp-content\/uploads\/2024\/07\/720-1-3.webp",1280,568,false],"blossom-feminine-with-sidebar":["https:\/\/infotep.com.ar\/wp-content\/uploads\/2024\/07\/720-1-3-1020x568.webp",1020,568,true],"blossom-feminine-blog":["https:\/\/infotep.com.ar\/wp-content\/uploads\/2024\/07\/720-1-3-435x435.webp",435,435,true],"blossom-feminine-cat":["https:\/\/infotep.com.ar\/wp-content\/uploads\/2024\/07\/720-1-3-450x300.webp",450,300,true],"blossom-feminine-related":["https:\/\/infotep.com.ar\/wp-content\/uploads\/2024\/07\/720-1-3-320x200.webp",320,200,true],"blossom-feminine-schema":["https:\/\/infotep.com.ar\/wp-content\/uploads\/2024\/07\/720-1-3-135x60.webp",135,60,true],"blossom-mommy-blog-slider-big":["https:\/\/infotep.com.ar\/wp-content\/uploads\/2024\/07\/720-1-3-920x568.webp",920,568,true],"blossom-mommy-blog-slider":["https:\/\/infotep.com.ar\/wp-content\/uploads\/2024\/07\/720-1-3-460x310.webp",460,310,true],"blossom-mommy-blog-two":["https:\/\/infotep.com.ar\/wp-content\/uploads\/2024\/07\/720-1-3-768x480.webp",768,480,true]},"author_info":{"info":["Angela Tobar"]},"category_info":"<a href=\"https:\/\/infotep.com.ar\/index.php\/category\/provinciales\/\" rel=\"category tag\">Provinciales<\/a>","tag_info":"Provinciales","comment_count":"0","_links":{"self":[{"href":"https:\/\/infotep.com.ar\/index.php\/wp-json\/wp\/v2\/posts\/15020"}],"collection":[{"href":"https:\/\/infotep.com.ar\/index.php\/wp-json\/wp\/v2\/posts"}],"about":[{"href":"https:\/\/infotep.com.ar\/index.php\/wp-json\/wp\/v2\/types\/post"}],"author":[{"embeddable":true,"href":"https:\/\/infotep.com.ar\/index.php\/wp-json\/wp\/v2\/users\/5"}],"replies":[{"embeddable":true,"href":"https:\/\/infotep.com.ar\/index.php\/wp-json\/wp\/v2\/comments?post=15020"}],"version-history":[{"count":1,"href":"https:\/\/infotep.com.ar\/index.php\/wp-json\/wp\/v2\/posts\/15020\/revisions"}],"predecessor-version":[{"id":15022,"href":"https:\/\/infotep.com.ar\/index.php\/wp-json\/wp\/v2\/posts\/15020\/revisions\/15022"}],"wp:featuredmedia":[{"embeddable":true,"href":"https:\/\/infotep.com.ar\/index.php\/wp-json\/wp\/v2\/media\/15021"}],"wp:attachment":[{"href":"https:\/\/infotep.com.ar\/index.php\/wp-json\/wp\/v2\/media?parent=15020"}],"wp:term":[{"taxonomy":"category","embeddable":true,"href":"https:\/\/infotep.com.ar\/index.php\/wp-json\/wp\/v2\/categories?post=15020"},{"taxonomy":"post_tag","embeddable":true,"href":"https:\/\/infotep.com.ar\/index.php\/wp-json\/wp\/v2\/tags?post=15020"}],"curies":[{"name":"wp","href":"https:\/\/api.w.org\/{rel}","templated":true}]}}