{"id":15038,"date":"2024-08-01T15:16:31","date_gmt":"2024-08-01T18:16:31","guid":{"rendered":"https:\/\/infotep.com.ar\/?p=15038"},"modified":"2024-08-01T15:28:45","modified_gmt":"2024-08-01T18:28:45","slug":"moreno-firmo-un-convenio-con-abuelas-de-plaza-de-mayo-para-fortalecer-politicas-de-identidad","status":"publish","type":"post","link":"https:\/\/infotep.com.ar\/index.php\/2024\/08\/01\/moreno-firmo-un-convenio-con-abuelas-de-plaza-de-mayo-para-fortalecer-politicas-de-identidad\/","title":{"rendered":"Moreno firm\u00f3 un convenio con Abuelas de Plaza de Mayo para fortalecer pol\u00edticas de identidad"},"content":{"rendered":"\n<p>Permitir\u00e1 profundizar el trabajo realizado por el Municipio en materia de Derechos Humanos<\/p>\n\n\n\n<p><strong>La intendenta de Moreno, Mariel Fern\u00e1ndez, y la presidenta de la Asociaci\u00f3n Civil &#8220;Abuelas de Plaza de Mayo&#8221;, Estela de Carlotto, firmaron un convenio para fortalecer pol\u00edticas que garantizan el derecho a la identidad en el distrito.<\/strong><\/p>\n\n\n\n<p class=\"has-light-green-cyan-background-color has-background\">Con esta iniciativa, se promover\u00e1 la b\u00fasqueda de ni\u00f1as y ni\u00f1os apropiados durante la \u00e9poca del terrorismo de Estado en Argentina. Y, por otro lado, se fortalecer\u00e1 la difusi\u00f3n y accesibilidad de mecanismos que aseguran que todas las personas cuenten con su respectivo Documento Nacional de Identidad (DNI) y partida de nacimiento.<\/p>\n\n\n\n<p>En este marco, se profundizar\u00e1 la implementaci\u00f3n del programa \u201cMi Identidad, Mi Derecho\u201d que el gobierno municipal realiza junto a la Provincia de Buenos Aires. Un proyecto que permiti\u00f3 que cientos de morenenses j\u00f3venes y adultos puedan tener por primera vez su partida de nacimiento.<\/p>\n\n\n\n<p>\u201cEs una enorme alegr\u00eda trabajar junto a nuestras queridas Abuelas para fortalecer las pol\u00edticas que garantizar el derecho a la identidad de nuestra comunidad\u201d, afirm\u00f3 Mariel Fern\u00e1ndez.<\/p>\n\n\n\n<p>De este modo, el nuevo convenio permite continuar y profundizar el trabajo realizado por el Municipio de Moreno en materia de Derechos Humanos.<\/p>\n","protected":false},"excerpt":{"rendered":"<p>Permitir&aacute; profundizar el trabajo realizado por el Municipio en materia de Derechos Humanos La intendenta de Moreno, Mariel Fern&aacute;ndez, y la presidenta de la Asociaci&oacute;n Civil &ldquo;Abuelas de Plaza de Mayo&rdquo;, Estela de Carlotto, firmaron un convenio para fortalecer pol&iacute;ticas que garantizan el derecho a la identidad en el distrito. Con esta iniciativa, se promover&aacute; &hellip; <\/p>\n","protected":false},"author":5,"featured_media":15039,"comment_status":"closed","ping_status":"closed","sticky":false,"template":"","format":"standard","meta":{"om_disable_all_campaigns":false,"_joinchat":[]},"categories":[85],"tags":[46,107,43],"featured_image_urls":{"full":["https:\/\/infotep.com.ar\/wp-content\/uploads\/2024\/08\/moreno.jpg",276,182,false],"thumbnail":["https:\/\/infotep.com.ar\/wp-content\/uploads\/2024\/08\/moreno-150x150.jpg",150,150,true],"medium":["https:\/\/infotep.com.ar\/wp-content\/uploads\/2024\/08\/moreno.jpg",276,182,false],"medium_large":["https:\/\/infotep.com.ar\/wp-content\/uploads\/2024\/08\/moreno.jpg",276,182,false],"large":["https:\/\/infotep.com.ar\/wp-content\/uploads\/2024\/08\/moreno.jpg",276,182,false],"1536x1536":["https:\/\/infotep.com.ar\/wp-content\/uploads\/2024\/08\/moreno.jpg",276,182,false],"2048x2048":["https:\/\/infotep.com.ar\/wp-content\/uploads\/2024\/08\/moreno.jpg",276,182,false],"blossom-feminine-slider":["https:\/\/infotep.com.ar\/wp-content\/uploads\/2024\/08\/moreno.jpg",276,182,false],"blossom-feminine-featured":["https:\/\/infotep.com.ar\/wp-content\/uploads\/2024\/08\/moreno.jpg",276,182,false],"blossom-feminine-with-sidebar":["https:\/\/infotep.com.ar\/wp-content\/uploads\/2024\/08\/moreno.jpg",276,182,false],"blossom-feminine-blog":["https:\/\/infotep.com.ar\/wp-content\/uploads\/2024\/08\/moreno.jpg",276,182,false],"blossom-feminine-cat":["https:\/\/infotep.com.ar\/wp-content\/uploads\/2024\/08\/moreno.jpg",276,182,false],"blossom-feminine-related":["https:\/\/infotep.com.ar\/wp-content\/uploads\/2024\/08\/moreno.jpg",276,182,false],"blossom-feminine-schema":["https:\/\/infotep.com.ar\/wp-content\/uploads\/2024\/08\/moreno-91x60.jpg",91,60,true],"blossom-mommy-blog-slider-big":["https:\/\/infotep.com.ar\/wp-content\/uploads\/2024\/08\/moreno.jpg",276,182,false],"blossom-mommy-blog-slider":["https:\/\/infotep.com.ar\/wp-content\/uploads\/2024\/08\/moreno.jpg",276,182,false],"blossom-mommy-blog-two":["https:\/\/infotep.com.ar\/wp-content\/uploads\/2024\/08\/moreno.jpg",276,182,false]},"author_info":{"info":["Angela Tobar"]},"category_info":"<a href=\"https:\/\/infotep.com.ar\/index.php\/category\/municipales\/moreno\/\" rel=\"category tag\">Moreno<\/a>","tag_info":"Moreno","comment_count":"0","_links":{"self":[{"href":"https:\/\/infotep.com.ar\/index.php\/wp-json\/wp\/v2\/posts\/15038"}],"collection":[{"href":"https:\/\/infotep.com.ar\/index.php\/wp-json\/wp\/v2\/posts"}],"about":[{"href":"https:\/\/infotep.com.ar\/index.php\/wp-json\/wp\/v2\/types\/post"}],"author":[{"embeddable":true,"href":"https:\/\/infotep.com.ar\/index.php\/wp-json\/wp\/v2\/users\/5"}],"replies":[{"embeddable":true,"href":"https:\/\/infotep.com.ar\/index.php\/wp-json\/wp\/v2\/comments?post=15038"}],"version-history":[{"count":1,"href":"https:\/\/infotep.com.ar\/index.php\/wp-json\/wp\/v2\/posts\/15038\/revisions"}],"predecessor-version":[{"id":15040,"href":"https:\/\/infotep.com.ar\/index.php\/wp-json\/wp\/v2\/posts\/15038\/revisions\/15040"}],"wp:featuredmedia":[{"embeddable":true,"href":"https:\/\/infotep.com.ar\/index.php\/wp-json\/wp\/v2\/media\/15039"}],"wp:attachment":[{"href":"https:\/\/infotep.com.ar\/index.php\/wp-json\/wp\/v2\/media?parent=15038"}],"wp:term":[{"taxonomy":"category","embeddable":true,"href":"https:\/\/infotep.com.ar\/index.php\/wp-json\/wp\/v2\/categories?post=15038"},{"taxonomy":"post_tag","embeddable":true,"href":"https:\/\/infotep.com.ar\/index.php\/wp-json\/wp\/v2\/tags?post=15038"}],"curies":[{"name":"wp","href":"https:\/\/api.w.org\/{rel}","templated":true}]}}