{"id":15187,"date":"2024-08-07T03:36:00","date_gmt":"2024-08-07T06:36:00","guid":{"rendered":"https:\/\/infotep.com.ar\/?p=15187"},"modified":"2024-08-07T15:37:40","modified_gmt":"2024-08-07T18:37:40","slug":"kicillof-la-unica-realidad-es-que-milei-decidio-castigar-a-los-bonaerenses-porque-no-lo-votaron","status":"publish","type":"post","link":"https:\/\/infotep.com.ar\/index.php\/2024\/08\/07\/kicillof-la-unica-realidad-es-que-milei-decidio-castigar-a-los-bonaerenses-porque-no-lo-votaron\/","title":{"rendered":"Kicillof: \u201cLa \u00fanica realidad es que Milei decidi\u00f3 castigar a los bonaerenses porque no lo votaron\u201d"},"content":{"rendered":"\n<p>Fue en el marco de una conferencia de prensa tras la decisi\u00f3n de YPF de no realizar la planta de GNL en Bah\u00eda Blanca.<\/p>\n\n\n\n<p>\u201cEstamos ante un hecho de enorme gravedad, una irresponsabilidad del presidente Javier Milei, que como resultado de un capricho ideol\u00f3gico est\u00e1 poniendo en riesgo un proyecto en el que venimos trabajando hace 10 a\u00f1os\u201d, afirm\u00f3 el gobernador de la provincia de Buenos Aires, Axel Kicillof, al encabezar este mi\u00e9rcoles una conferencia de prensa en el Sal\u00f3n Dorado de la Casa de Gobierno. Fue junto a la vicegobernadora Ver\u00f3nica Magario; los ministros de Gobierno, Carlos Bianco; de Producci\u00f3n, Ciencia e Innovaci\u00f3n Tecnol\u00f3gica, Augusta Costa; y de Infraestructura y Servicios P\u00fablicos, Gabriel Katopodis.<\/p>\n\n\n\n<p>En ese marco, Kicillof afirm\u00f3: \u201cLa localizaci\u00f3n de la planta de GNL no se defini\u00f3 por la adhesi\u00f3n o no de la provincia de Buenos Aires al RIGI: si la empresa entra el RIGI nacional, obtiene los beneficios impositivos, jur\u00eddicos, asociados a la disponibilidad de los recursos y divisas, m\u00e1s all\u00e1 de que la provincia adhiera o no\u201d. \u201cEl presidente de YPF, Horacio Mar\u00edn, me comunic\u00f3 ayer que la decisi\u00f3n no ten\u00eda nada que ver con el RIGI provincial: dada la gravedad del tema, espero y exijo que ratifique p\u00fablicamente lo que me expres\u00f3 en privado\u201d, sostuvo y agreg\u00f3 que \u201ctambi\u00e9n me confirm\u00f3 en Bah\u00eda Blanca las inversiones de MEGA y PROFERTIL por 2.200 millones de d\u00f3lares\u201d.<\/p>\n\n\n\n<p>\u201cEsto no es un Boca \u2013 River, es una decisi\u00f3n muy importante y no puede ser una disputa entre provincias. No es bueno o malo para una provincia u otra, es malo para la Argentina\u201d, expres\u00f3 y remarc\u00f3: \u201cNo nos vamos a pelear con otros gobernadores: el \u00fanico responsable de esta decisi\u00f3n es el presidente de la Naci\u00f3n\u201d.<\/p>\n\n\n\n<p>\u201cLa verdad es que Milei no soporta haber perdido las tres elecciones en la provincia de Buenos Aires y ha entrado en una disputa permanente desde el primer d\u00eda: no es una novedad que nos haya quitado esta inversi\u00f3n, porque ya hab\u00eda quitado fondos para el salario de los docentes, los boletos del colectivo y la seguridad\u201d, se\u00f1al\u00f3 el Gobernador y agreg\u00f3: \u201cEsto se inscribe dentro de las peores pr\u00e1cticas de la pol\u00edtica: piensa que si nos castiga, los bonaerenses lo van a votar; pero se equivoca y est\u00e1 generando un da\u00f1o enorme\u201d.<\/p>\n\n\n\n<p>Por \u00faltimo, Kicillof sostuvo: \u201cEl fundamentalismo ideol\u00f3gico de Milei nos est\u00e1 trayendo muchos problemas tanto en el plano internacional como local\u201d. \u201cAunque los medios digan que fue por un capricho m\u00edo que se llevan la inversi\u00f3n a Punta Colorada, la \u00fanica realidad es que por decisi\u00f3n de Milei se suspenden las inversiones previstas en Bah\u00eda Blanca\u201d, concluy\u00f3.<\/p>\n\n\n\n<p>Estuvieron presentes el ministro de Transporte, Jorge D\u2019 Onofrio; la ministra de H\u00e1bitat y Desarrollo Urbano, Silvina Batakis; la secretaria general de la Gobernaci\u00f3n, Agustina Vila; el asesor General de Gobierno, Santiago P\u00e9rez Teruel; el director ejecutivo de ARBA, Cristian Girard; la directora ejecutiva del Organismo Provincial de Integraci\u00f3n Social y Urbana (OPISU), Romina Barrios; el subsecretario de Asuntos Portuarios, Juan Cruz Lucero; y el director provincial de Vinculaci\u00f3n con el Sistema Universitario y Cient\u00edfico, Juan Brardinelli.<\/p>\n","protected":false},"excerpt":{"rendered":"<p>Fue en el marco de una conferencia de prensa tras la decisi&oacute;n de YPF de no realizar la planta de GNL en Bah&iacute;a Blanca. &ldquo;Estamos ante un hecho de enorme gravedad, una irresponsabilidad del presidente Javier Milei, que como resultado de un capricho ideol&oacute;gico est&aacute; poniendo en riesgo un proyecto en el que venimos trabajando &hellip; <\/p>\n","protected":false},"author":5,"featured_media":15188,"comment_status":"closed","ping_status":"closed","sticky":false,"template":"","format":"standard","meta":{"om_disable_all_campaigns":false,"_joinchat":[]},"categories":[4],"tags":[46,43],"featured_image_urls":{"full":["https:\/\/infotep.com.ar\/wp-content\/uploads\/2024\/08\/axel-conferencia-sobre-planta-GNL.jpg",700,467,false],"thumbnail":["https:\/\/infotep.com.ar\/wp-content\/uploads\/2024\/08\/axel-conferencia-sobre-planta-GNL-150x150.jpg",150,150,true],"medium":["https:\/\/infotep.com.ar\/wp-content\/uploads\/2024\/08\/axel-conferencia-sobre-planta-GNL-300x200.jpg",300,200,true],"medium_large":["https:\/\/infotep.com.ar\/wp-content\/uploads\/2024\/08\/axel-conferencia-sobre-planta-GNL.jpg",700,467,false],"large":["https:\/\/infotep.com.ar\/wp-content\/uploads\/2024\/08\/axel-conferencia-sobre-planta-GNL.jpg",700,467,false],"1536x1536":["https:\/\/infotep.com.ar\/wp-content\/uploads\/2024\/08\/axel-conferencia-sobre-planta-GNL.jpg",700,467,false],"2048x2048":["https:\/\/infotep.com.ar\/wp-content\/uploads\/2024\/08\/axel-conferencia-sobre-planta-GNL.jpg",700,467,false],"blossom-feminine-slider":["https:\/\/infotep.com.ar\/wp-content\/uploads\/2024\/08\/axel-conferencia-sobre-planta-GNL.jpg",700,467,false],"blossom-feminine-featured":["https:\/\/infotep.com.ar\/wp-content\/uploads\/2024\/08\/axel-conferencia-sobre-planta-GNL.jpg",700,467,false],"blossom-feminine-with-sidebar":["https:\/\/infotep.com.ar\/wp-content\/uploads\/2024\/08\/axel-conferencia-sobre-planta-GNL.jpg",700,467,false],"blossom-feminine-blog":["https:\/\/infotep.com.ar\/wp-content\/uploads\/2024\/08\/axel-conferencia-sobre-planta-GNL-435x435.jpg",435,435,true],"blossom-feminine-cat":["https:\/\/infotep.com.ar\/wp-content\/uploads\/2024\/08\/axel-conferencia-sobre-planta-GNL-450x300.jpg",450,300,true],"blossom-feminine-related":["https:\/\/infotep.com.ar\/wp-content\/uploads\/2024\/08\/axel-conferencia-sobre-planta-GNL-320x200.jpg",320,200,true],"blossom-feminine-schema":["https:\/\/infotep.com.ar\/wp-content\/uploads\/2024\/08\/axel-conferencia-sobre-planta-GNL-90x60.jpg",90,60,true],"blossom-mommy-blog-slider-big":["https:\/\/infotep.com.ar\/wp-content\/uploads\/2024\/08\/axel-conferencia-sobre-planta-GNL.jpg",700,467,false],"blossom-mommy-blog-slider":["https:\/\/infotep.com.ar\/wp-content\/uploads\/2024\/08\/axel-conferencia-sobre-planta-GNL-460x310.jpg",460,310,true],"blossom-mommy-blog-two":["https:\/\/infotep.com.ar\/wp-content\/uploads\/2024\/08\/axel-conferencia-sobre-planta-GNL.jpg",700,467,false]},"author_info":{"info":["Angela Tobar"]},"category_info":"<a href=\"https:\/\/infotep.com.ar\/index.php\/category\/provinciales\/\" rel=\"category tag\">Provinciales<\/a>","tag_info":"Provinciales","comment_count":"0","_links":{"self":[{"href":"https:\/\/infotep.com.ar\/index.php\/wp-json\/wp\/v2\/posts\/15187"}],"collection":[{"href":"https:\/\/infotep.com.ar\/index.php\/wp-json\/wp\/v2\/posts"}],"about":[{"href":"https:\/\/infotep.com.ar\/index.php\/wp-json\/wp\/v2\/types\/post"}],"author":[{"embeddable":true,"href":"https:\/\/infotep.com.ar\/index.php\/wp-json\/wp\/v2\/users\/5"}],"replies":[{"embeddable":true,"href":"https:\/\/infotep.com.ar\/index.php\/wp-json\/wp\/v2\/comments?post=15187"}],"version-history":[{"count":1,"href":"https:\/\/infotep.com.ar\/index.php\/wp-json\/wp\/v2\/posts\/15187\/revisions"}],"predecessor-version":[{"id":15189,"href":"https:\/\/infotep.com.ar\/index.php\/wp-json\/wp\/v2\/posts\/15187\/revisions\/15189"}],"wp:featuredmedia":[{"embeddable":true,"href":"https:\/\/infotep.com.ar\/index.php\/wp-json\/wp\/v2\/media\/15188"}],"wp:attachment":[{"href":"https:\/\/infotep.com.ar\/index.php\/wp-json\/wp\/v2\/media?parent=15187"}],"wp:term":[{"taxonomy":"category","embeddable":true,"href":"https:\/\/infotep.com.ar\/index.php\/wp-json\/wp\/v2\/categories?post=15187"},{"taxonomy":"post_tag","embeddable":true,"href":"https:\/\/infotep.com.ar\/index.php\/wp-json\/wp\/v2\/tags?post=15187"}],"curies":[{"name":"wp","href":"https:\/\/api.w.org\/{rel}","templated":true}]}}