{"id":15339,"date":"2024-08-13T15:08:12","date_gmt":"2024-08-13T18:08:12","guid":{"rendered":"https:\/\/infotep.com.ar\/?p=15339"},"modified":"2024-08-13T15:08:13","modified_gmt":"2024-08-13T18:08:13","slug":"kicillof-el-pueblo-bonaerense-esta-dispuesto-a-defender-la-universidad-publica-y-gratuita-de-quienes-la-quieren-destruir","status":"publish","type":"post","link":"https:\/\/infotep.com.ar\/index.php\/2024\/08\/13\/kicillof-el-pueblo-bonaerense-esta-dispuesto-a-defender-la-universidad-publica-y-gratuita-de-quienes-la-quieren-destruir\/","title":{"rendered":"Kicillof: &#8220;El pueblo bonaerense est\u00e1 dispuesto a defender la universidad p\u00fablica y gratuita de quienes la quieren destruir\u201d"},"content":{"rendered":"\n<p>El gobernador de la provincia de Buenos Aires sostuvo que \u201cpor m\u00e1s que Milei\u201d siga \u201cdesfinanciando\u201d la educaci\u00f3n superior, en su gesti\u00f3n es \u201cla puerta de acceso a un futuro con m\u00e1s oportunidades\u201d.<br><br>El gobernador de la provincia de Buenos Aire, Axel Kicillof, sostuvo que \u201cel pueblo bonaerense est\u00e1 dispuesto a defender la universidad p\u00fablica y gratuita de quienes la quieren destruir\u201d, en referencia al paro docente de 72 horas que comenz\u00f3 a nivel nacional.<\/p>\n\n\n\n<p><strong>Desde el lunes, los profesores universitarios bonaerenses decidieron adherirse a la medida de fuerza debido a la p\u00e9rdida de poder adquisitivo por encima del 60 %; volver\u00e1n a retomar sus actividades, normalmente, el d\u00eda jueves 15.<\/strong><\/p>\n\n\n\n<p>\u201cPor m\u00e1s que el gobierno de (Javier) Milei siga atacando y desfinanciando a las universidades, los bonaerenses saben que la educaci\u00f3n superior es la puerta de acceso a un futuro con m\u00e1s oportunidades y con m\u00e1s igualdad\u201d, public\u00f3 Kicillof en su cuenta personal de la red social X.<br><br>Quienes se sumaron al paro, m\u00e1s all\u00e1 de los docentes, fueron los trabajadores de todos los gremios y federaciones universitarias; adem\u00e1s realizar\u00e1n asambleas y protestas en todas las instituciones educativas adheridas.<\/p>\n\n\n\n<p class=\"has-light-green-cyan-background-color has-background\">El pasado viernes, los representantes de las universidades nacionales, de los gremios que nuclean a los docentes y del Consejo Interuniversitario Nacional (CIN) se reunieron con el Gobierno por el reclamo salarial y s\u00f3lo les ofrecieron \u201cun 3% de aumento para agosto y un 2% para septiembre\u201d, cuando, en los \u00faltimos meses, hubo aumentos en alimentos y servicios de hasta un 136 % y los salarios de docentes universitarios apenas subieron el 80%.<\/p>\n\n\n\n<p>\u201cLa contundente adhesi\u00f3n al paro universitario en la provincia es la expresi\u00f3n de ese compromiso y la muestra de que nuestro pueblo no baja sus banderas\u201d, concluy\u00f3 Kicillof.<\/p>\n","protected":false},"excerpt":{"rendered":"<p>El gobernador de la provincia de Buenos Aires sostuvo que &ldquo;por m&aacute;s que Milei&rdquo; siga &ldquo;desfinanciando&rdquo; la educaci&oacute;n superior, en su gesti&oacute;n es &ldquo;la puerta de acceso a un futuro con m&aacute;s oportunidades&rdquo;. El gobernador de la provincia de Buenos Aire, Axel Kicillof, sostuvo que &ldquo;el pueblo bonaerense est&aacute; dispuesto a defender la universidad p&uacute;blica &hellip; <\/p>\n","protected":false},"author":5,"featured_media":9712,"comment_status":"closed","ping_status":"closed","sticky":false,"template":"","format":"standard","meta":{"om_disable_all_campaigns":false,"_joinchat":[]},"categories":[4,6],"tags":[46,43],"featured_image_urls":{"full":["https:\/\/infotep.com.ar\/wp-content\/uploads\/2023\/12\/kicillof-1.jpg",1200,675,false],"thumbnail":["https:\/\/infotep.com.ar\/wp-content\/uploads\/2023\/12\/kicillof-1-150x150.jpg",150,150,true],"medium":["https:\/\/infotep.com.ar\/wp-content\/uploads\/2023\/12\/kicillof-1-300x169.jpg",300,169,true],"medium_large":["https:\/\/infotep.com.ar\/wp-content\/uploads\/2023\/12\/kicillof-1-768x432.jpg",768,432,true],"large":["https:\/\/infotep.com.ar\/wp-content\/uploads\/2023\/12\/kicillof-1-1024x576.jpg",1020,574,true],"1536x1536":["https:\/\/infotep.com.ar\/wp-content\/uploads\/2023\/12\/kicillof-1.jpg",1200,675,false],"2048x2048":["https:\/\/infotep.com.ar\/wp-content\/uploads\/2023\/12\/kicillof-1.jpg",1200,675,false],"blossom-feminine-slider":["https:\/\/infotep.com.ar\/wp-content\/uploads\/2023\/12\/kicillof-1-1200x649.jpg",1200,649,true],"blossom-feminine-featured":["https:\/\/infotep.com.ar\/wp-content\/uploads\/2023\/12\/kicillof-1-1200x600.jpg",1200,600,true],"blossom-feminine-with-sidebar":["https:\/\/infotep.com.ar\/wp-content\/uploads\/2023\/12\/kicillof-1-1020x600.jpg",1020,600,true],"blossom-feminine-blog":["https:\/\/infotep.com.ar\/wp-content\/uploads\/2023\/12\/kicillof-1-435x435.jpg",435,435,true],"blossom-feminine-cat":["https:\/\/infotep.com.ar\/wp-content\/uploads\/2023\/12\/kicillof-1-450x300.jpg",450,300,true],"blossom-feminine-related":["https:\/\/infotep.com.ar\/wp-content\/uploads\/2023\/12\/kicillof-1-320x200.jpg",320,200,true],"blossom-feminine-schema":["https:\/\/infotep.com.ar\/wp-content\/uploads\/2023\/12\/kicillof-1-107x60.jpg",107,60,true],"blossom-mommy-blog-slider-big":["https:\/\/infotep.com.ar\/wp-content\/uploads\/2023\/12\/kicillof-1-920x650.jpg",920,650,true],"blossom-mommy-blog-slider":["https:\/\/infotep.com.ar\/wp-content\/uploads\/2023\/12\/kicillof-1-460x310.jpg",460,310,true],"blossom-mommy-blog-two":["https:\/\/infotep.com.ar\/wp-content\/uploads\/2023\/12\/kicillof-1-768x480.jpg",768,480,true]},"author_info":{"info":["Angela Tobar"]},"category_info":"<a href=\"https:\/\/infotep.com.ar\/index.php\/category\/provinciales\/\" rel=\"category tag\">Provinciales<\/a> <a href=\"https:\/\/infotep.com.ar\/index.php\/category\/universitarias\/\" rel=\"category tag\">Universitarias<\/a>","tag_info":"Universitarias","comment_count":"0","_links":{"self":[{"href":"https:\/\/infotep.com.ar\/index.php\/wp-json\/wp\/v2\/posts\/15339"}],"collection":[{"href":"https:\/\/infotep.com.ar\/index.php\/wp-json\/wp\/v2\/posts"}],"about":[{"href":"https:\/\/infotep.com.ar\/index.php\/wp-json\/wp\/v2\/types\/post"}],"author":[{"embeddable":true,"href":"https:\/\/infotep.com.ar\/index.php\/wp-json\/wp\/v2\/users\/5"}],"replies":[{"embeddable":true,"href":"https:\/\/infotep.com.ar\/index.php\/wp-json\/wp\/v2\/comments?post=15339"}],"version-history":[{"count":1,"href":"https:\/\/infotep.com.ar\/index.php\/wp-json\/wp\/v2\/posts\/15339\/revisions"}],"predecessor-version":[{"id":15340,"href":"https:\/\/infotep.com.ar\/index.php\/wp-json\/wp\/v2\/posts\/15339\/revisions\/15340"}],"wp:featuredmedia":[{"embeddable":true,"href":"https:\/\/infotep.com.ar\/index.php\/wp-json\/wp\/v2\/media\/9712"}],"wp:attachment":[{"href":"https:\/\/infotep.com.ar\/index.php\/wp-json\/wp\/v2\/media?parent=15339"}],"wp:term":[{"taxonomy":"category","embeddable":true,"href":"https:\/\/infotep.com.ar\/index.php\/wp-json\/wp\/v2\/categories?post=15339"},{"taxonomy":"post_tag","embeddable":true,"href":"https:\/\/infotep.com.ar\/index.php\/wp-json\/wp\/v2\/tags?post=15339"}],"curies":[{"name":"wp","href":"https:\/\/api.w.org\/{rel}","templated":true}]}}