{"id":15342,"date":"2024-08-13T15:13:56","date_gmt":"2024-08-13T18:13:56","guid":{"rendered":"https:\/\/infotep.com.ar\/?p=15342"},"modified":"2024-08-13T15:13:57","modified_gmt":"2024-08-13T18:13:57","slug":"bianco-en-la-provincia-estamos-trabajando-para-continuar-con-la-obra-publica","status":"publish","type":"post","link":"https:\/\/infotep.com.ar\/index.php\/2024\/08\/13\/bianco-en-la-provincia-estamos-trabajando-para-continuar-con-la-obra-publica\/","title":{"rendered":"Bianco: \u201cEn la Provincia estamos trabajando para continuar con la obra p\u00fablica\u201d"},"content":{"rendered":"\n<p>En conferencia de prensa, el Ministro de Gobierno bonaerense brind\u00f3 un panorama de las obras que lleva adelante la provincia, junto la directora ejecutiva del OPISU, Romina Barrios y el diputado nacional Sergio Palazzo.<\/p>\n\n\n\n<p><br>\u201cA diferencia de un Gobierno nacional que se rige bajo el lema de \u2018obra p\u00fablica cero\u2019, en el Gobierno bonaerense estamos trabajando para continuar e impulsar esta pol\u00edtica, porque se trata de un instrumento central para la creaci\u00f3n de empleo, el desarrollo regional y la mejora de las condiciones materiales de vida de las y los bonaerenses\u201d, afirm\u00f3 este lunes el ministro de Gobierno, Carlos Bianco, durante una nueva conferencia de prensa en el Sal\u00f3n Dorado de la Gobernaci\u00f3n. Estuvo acompa\u00f1ado por el diputado nacional por la provincia de Buenos Aires y secretario general de la Asociaci\u00f3n Bancaria, Sergio Palazzo, y la directora ejecutiva del Organismo Provincial de Integraci\u00f3n Social y Urbana (OPISU), Romina Barrios, quien present\u00f3 un informe sobre las obras ejecutadas por el Estado provincial en los barrios populares.<\/p>\n\n\n\n<p><strong>En ese marco, Bianco anunci\u00f3 que durante el segundo mandato del gobernador Axel Kicillof ya se han lanzado 43 nuevas licitaciones de obras p\u00fablicas provinciales, por un monto total de 125.000 millones de pesos, y brind\u00f3 detalles sobre la reuni\u00f3n que mantuvo la semana pasada con el jefe de Gabinete nacional, Guillermo Francos: \u201cVolvimos a solicitar que se pongan en ejecuci\u00f3n nuevamente esas casi mil obras p\u00fablicas por cinco billones de pesos que hoy est\u00e1n paradas en la provincia de Buenos Aires\u201d.<\/strong><\/p>\n\n\n\n<p>Asimismo, el Ministro de Gobierno present\u00f3 el lanzamiento de la campa\u00f1a \u201cViciar con las apuestas no da\u201d, destinada a prevenir los consumos problem\u00e1ticos en apuestas digitales por parte de adolescentes, detectar y desalentar las apuestas ilegales y promover acciones destinadas a los entornos de personas que est\u00e9n atravesando una situaci\u00f3n de ludopat\u00eda. El sitio web de la campa\u00f1a es https:\/\/noda.gba.gob.ar\/ y contiene informaci\u00f3n y materiales de libre descarga sobre la tem\u00e1tica. Asimismo, Bianco anunci\u00f3 que se est\u00e1 trabajando en la creaci\u00f3n de un censo sobre el uso de las redes sociales en la poblaci\u00f3n joven.<\/p>\n\n\n\n<p>Por su parte, Barrios comunic\u00f3 las distintas pol\u00edticas p\u00fablicas impulsadas por el OPISU para garantizar el acceso a un h\u00e1bitat justo en los barrios populares del territorio bonaerense. Actualmente, el organismo cuenta con nueve obras pr\u00f3ximas a comenzar, que representan una inversi\u00f3n por parte del Estado provincial de m\u00e1s de 24.000 millones de pesos. Entre ellas, se encuentran la construcci\u00f3n de un complejo de 28 viviendas y nueve locales comerciales en La Matanza; la pavimentaci\u00f3n de m\u00e1s de 15.000 metros lineales en barrios de La Matanza, Escobar y Quilmes; y la construcci\u00f3n de edificios educativos y espacios p\u00fablicos y recreativos, as\u00ed como trabajos de conexi\u00f3n a redes de agua y cloacas.<\/p>\n\n\n\n<p>\u201cHay una decisi\u00f3n del gobernador Kicillof de seguir implementando pol\u00edticas p\u00fablicas que garanticen la dignidad en los barrios populares. A contramano de la definici\u00f3n del Gobierno nacional de paralizar la obra p\u00fablica y el perjuicio que ello conlleva en la vida cotidiana de las y los bonaerenses, hoy desde la Provincia estamos reafirmando nuestro compromiso de avanzar con proyectos para lograr un h\u00e1bitat digno y justo en las comunidades, acompa\u00f1ando con un Estado presente a los que m\u00e1s lo necesitan\u201d, precis\u00f3 Barrios.<\/p>\n\n\n\n<p>Finalmente, Palazzo se refiri\u00f3 al pedido de acceso a la informaci\u00f3n p\u00fablica realizado el mes pasado al titular del Banco Central de la Rep\u00fablica Argentina (BCRA), Santiago Bausili, con motivo del env\u00edo de reservas en oro al exterior: \u201cCreemos que es absolutamente necesario que el Gobierno nacional le ponga claridad a algo que hoy no lo tiene y que cada d\u00eda que pasa genera muchas m\u00e1s dudas. Con la impunidad de creer que la cosa p\u00fablica es privada, el Gobierno se equivoca en no comunicar sus actos de gesti\u00f3n, porque nuestro pueblo tiene el derecho de saber qu\u00e9 est\u00e1n haciendo con el oro de todos los argentinos\u201d. En tal sentido, el diputado nacional calific\u00f3 al hecho como de una \u201cgravedad extrema\u201d y puntualiz\u00f3 que se trata de cuatro cargamentos, enviados entre junio y agosto, de entre 250 y 300 millones de d\u00f3lares estadounidenses cada uno: \u201cSe han llevado fuera del pa\u00eds un cuarto de las reservas de oro que ten\u00eda la Rep\u00fablica Argentina\u201d, finaliz\u00f3 Palazzo.<\/p>\n","protected":false},"excerpt":{"rendered":"<p>En conferencia de prensa, el Ministro de Gobierno bonaerense brind&oacute; un panorama de las obras que lleva adelante la provincia, junto la directora ejecutiva del OPISU, Romina Barrios y el diputado nacional Sergio Palazzo. &ldquo;A diferencia de un Gobierno nacional que se rige bajo el lema de &lsquo;obra p&uacute;blica cero&rsquo;, en el Gobierno bonaerense estamos &hellip; <\/p>\n","protected":false},"author":5,"featured_media":15343,"comment_status":"closed","ping_status":"closed","sticky":false,"template":"","format":"standard","meta":{"om_disable_all_campaigns":false,"_joinchat":[]},"categories":[4],"tags":[46,43],"featured_image_urls":{"full":["https:\/\/infotep.com.ar\/wp-content\/uploads\/2024\/08\/Conferencia-Bianco-Barrios-y-Palazzo.jpeg",743,530,false],"thumbnail":["https:\/\/infotep.com.ar\/wp-content\/uploads\/2024\/08\/Conferencia-Bianco-Barrios-y-Palazzo-150x150.jpeg",150,150,true],"medium":["https:\/\/infotep.com.ar\/wp-content\/uploads\/2024\/08\/Conferencia-Bianco-Barrios-y-Palazzo-300x214.jpeg",300,214,true],"medium_large":["https:\/\/infotep.com.ar\/wp-content\/uploads\/2024\/08\/Conferencia-Bianco-Barrios-y-Palazzo.jpeg",743,530,false],"large":["https:\/\/infotep.com.ar\/wp-content\/uploads\/2024\/08\/Conferencia-Bianco-Barrios-y-Palazzo.jpeg",743,530,false],"1536x1536":["https:\/\/infotep.com.ar\/wp-content\/uploads\/2024\/08\/Conferencia-Bianco-Barrios-y-Palazzo.jpeg",743,530,false],"2048x2048":["https:\/\/infotep.com.ar\/wp-content\/uploads\/2024\/08\/Conferencia-Bianco-Barrios-y-Palazzo.jpeg",743,530,false],"blossom-feminine-slider":["https:\/\/infotep.com.ar\/wp-content\/uploads\/2024\/08\/Conferencia-Bianco-Barrios-y-Palazzo.jpeg",743,530,false],"blossom-feminine-featured":["https:\/\/infotep.com.ar\/wp-content\/uploads\/2024\/08\/Conferencia-Bianco-Barrios-y-Palazzo.jpeg",743,530,false],"blossom-feminine-with-sidebar":["https:\/\/infotep.com.ar\/wp-content\/uploads\/2024\/08\/Conferencia-Bianco-Barrios-y-Palazzo.jpeg",743,530,false],"blossom-feminine-blog":["https:\/\/infotep.com.ar\/wp-content\/uploads\/2024\/08\/Conferencia-Bianco-Barrios-y-Palazzo-435x435.jpeg",435,435,true],"blossom-feminine-cat":["https:\/\/infotep.com.ar\/wp-content\/uploads\/2024\/08\/Conferencia-Bianco-Barrios-y-Palazzo-450x300.jpeg",450,300,true],"blossom-feminine-related":["https:\/\/infotep.com.ar\/wp-content\/uploads\/2024\/08\/Conferencia-Bianco-Barrios-y-Palazzo-320x200.jpeg",320,200,true],"blossom-feminine-schema":["https:\/\/infotep.com.ar\/wp-content\/uploads\/2024\/08\/Conferencia-Bianco-Barrios-y-Palazzo-84x60.jpeg",84,60,true],"blossom-mommy-blog-slider-big":["https:\/\/infotep.com.ar\/wp-content\/uploads\/2024\/08\/Conferencia-Bianco-Barrios-y-Palazzo.jpeg",743,530,false],"blossom-mommy-blog-slider":["https:\/\/infotep.com.ar\/wp-content\/uploads\/2024\/08\/Conferencia-Bianco-Barrios-y-Palazzo-460x310.jpeg",460,310,true],"blossom-mommy-blog-two":["https:\/\/infotep.com.ar\/wp-content\/uploads\/2024\/08\/Conferencia-Bianco-Barrios-y-Palazzo-743x480.jpeg",743,480,true]},"author_info":{"info":["Angela Tobar"]},"category_info":"<a href=\"https:\/\/infotep.com.ar\/index.php\/category\/provinciales\/\" rel=\"category tag\">Provinciales<\/a>","tag_info":"Provinciales","comment_count":"0","_links":{"self":[{"href":"https:\/\/infotep.com.ar\/index.php\/wp-json\/wp\/v2\/posts\/15342"}],"collection":[{"href":"https:\/\/infotep.com.ar\/index.php\/wp-json\/wp\/v2\/posts"}],"about":[{"href":"https:\/\/infotep.com.ar\/index.php\/wp-json\/wp\/v2\/types\/post"}],"author":[{"embeddable":true,"href":"https:\/\/infotep.com.ar\/index.php\/wp-json\/wp\/v2\/users\/5"}],"replies":[{"embeddable":true,"href":"https:\/\/infotep.com.ar\/index.php\/wp-json\/wp\/v2\/comments?post=15342"}],"version-history":[{"count":1,"href":"https:\/\/infotep.com.ar\/index.php\/wp-json\/wp\/v2\/posts\/15342\/revisions"}],"predecessor-version":[{"id":15344,"href":"https:\/\/infotep.com.ar\/index.php\/wp-json\/wp\/v2\/posts\/15342\/revisions\/15344"}],"wp:featuredmedia":[{"embeddable":true,"href":"https:\/\/infotep.com.ar\/index.php\/wp-json\/wp\/v2\/media\/15343"}],"wp:attachment":[{"href":"https:\/\/infotep.com.ar\/index.php\/wp-json\/wp\/v2\/media?parent=15342"}],"wp:term":[{"taxonomy":"category","embeddable":true,"href":"https:\/\/infotep.com.ar\/index.php\/wp-json\/wp\/v2\/categories?post=15342"},{"taxonomy":"post_tag","embeddable":true,"href":"https:\/\/infotep.com.ar\/index.php\/wp-json\/wp\/v2\/tags?post=15342"}],"curies":[{"name":"wp","href":"https:\/\/api.w.org\/{rel}","templated":true}]}}