{"id":15416,"date":"2024-08-19T10:25:40","date_gmt":"2024-08-19T13:25:40","guid":{"rendered":"https:\/\/infotep.com.ar\/?p=15416"},"modified":"2024-08-19T10:25:40","modified_gmt":"2024-08-19T13:25:40","slug":"fabiola-yanez-dijo-que-perdio-el-celular-que-contenia-los-chats-con-alberto-fernandez","status":"publish","type":"post","link":"https:\/\/infotep.com.ar\/index.php\/2024\/08\/19\/fabiola-yanez-dijo-que-perdio-el-celular-que-contenia-los-chats-con-alberto-fernandez\/","title":{"rendered":"Fabiola Ya\u00f1ez dijo que perdi\u00f3 el celular que conten\u00eda los chats con Alberto Fern\u00e1ndez"},"content":{"rendered":"\n<p>Asimismo, asegur\u00f3 que tiene las capturas de pantalla de las conversaciones.<br><br>En el marco de su declaraci\u00f3n por la denuncia por violencia de g\u00e9nero contra el ex presidente, la ex primera dama Fabiola Ya\u00f1ez sostuvo ante la Justicia en las \u00faltimas horas que extravi\u00f3 el tel\u00e9fono celular que conten\u00eda las conversaciones con Alberto Fern\u00e1ndez. Se trata de los chats que evidencian el maltrato y las golpizas.<\/p>\n\n\n\n<p>Seg\u00fan inform\u00f3 La Naci\u00f3n, Fabiola indic\u00f3 que el tel\u00e9fono lo perdi\u00f3 durante una de las mudanzas que realiz\u00f3 en Espa\u00f1a, cuando se fue del departamento que compart\u00eda con el ex mandatario en Madrid.<\/p>\n\n\n\n<p>De todas formas la Justicia conf\u00eda en poder reconstruir las conversaciones, ya que Ya\u00f1ez cuenta con capturas de pantalla de las conversaciones anteriores a 2024 y aportar\u00e1 a la Justicia los intercambios de los \u00faltimos meses.<\/p>\n\n\n\n<p>Por su parte, Fern\u00e1ndez asegur\u00f3 durante la entrevista al diario El Pa\u00eds que le &#8220;desaparecieron&#8221; los chats con su ex pareja entre los a\u00f1os 2022 y 2023. \u201cNo tengo manera de corroborar c\u00f3mo es toda esa conversaci\u00f3n\u201d, argument\u00f3.<\/p>\n\n\n\n<p>Se espera que en los pr\u00f3ximos d\u00edas Fabiola vuelva a presentarse ante la Justicia para presentar los chats con Fern\u00e1ndez de las \u00faltimas semanas, los cuales probar\u00edan que viol\u00f3 la orden del juez de no comunicarse con ella, una restricci\u00f3n notificada al ex presidente el 6 de agosto.<\/p>\n\n\n\n<p>En tanto, Fabiola Ya\u00f1ez rechaz\u00f3 que la causa por lesiones graves y violencia de g\u00e9nero contra el ex presidente Alberto Fern\u00e1ndez pase a los tribunales de San Isidro, como hab\u00eda pedido el ex mandatario.<\/p>\n\n\n\n<p>En un escrito presentado en la causa que tramita en los tribunales de Comodoro Py, la abogada de Ya\u00f1ez, Mariana Gallego, remarc\u00f3 que los hechos de violencia comenzaron en el barrio porte\u00f1o de Puerto Madero en 2016.<\/p>\n\n\n\n<p>El planteo de incompetencia fue realizado por Alberto Fern\u00e1ndez, quien pretende que el juez federal Juli\u00e1n Ercolini se desprenda del caso y lo pase a San Isidro, asegurando que es la jurisdicci\u00f3n que corresponde sobre la quinta de Olivos.<\/p>\n\n\n\n<p>Sobre este tema se expedir\u00e1 primero el fiscal Ramiro Gonz\u00e1lez y luego el juez Ercolini.<\/p>\n","protected":false},"excerpt":{"rendered":"<p>Asimismo, asegur&oacute; que tiene las capturas de pantalla de las conversaciones. En el marco de su declaraci&oacute;n por la denuncia por violencia de g&eacute;nero contra el ex presidente, la ex primera dama Fabiola Ya&ntilde;ez sostuvo ante la Justicia en las &uacute;ltimas horas que extravi&oacute; el tel&eacute;fono celular que conten&iacute;a las conversaciones con Alberto Fern&aacute;ndez. Se &hellip; <\/p>\n","protected":false},"author":5,"featured_media":15337,"comment_status":"closed","ping_status":"closed","sticky":false,"template":"","format":"standard","meta":{"om_disable_all_campaigns":false,"_joinchat":[]},"categories":[3],"tags":[46,43],"featured_image_urls":{"full":["https:\/\/infotep.com.ar\/wp-content\/uploads\/2024\/08\/fabiola-2.webp",1114,720,false],"thumbnail":["https:\/\/infotep.com.ar\/wp-content\/uploads\/2024\/08\/fabiola-2-150x150.webp",150,150,true],"medium":["https:\/\/infotep.com.ar\/wp-content\/uploads\/2024\/08\/fabiola-2-300x194.webp",300,194,true],"medium_large":["https:\/\/infotep.com.ar\/wp-content\/uploads\/2024\/08\/fabiola-2-768x496.webp",768,496,true],"large":["https:\/\/infotep.com.ar\/wp-content\/uploads\/2024\/08\/fabiola-2-1024x662.webp",1020,659,true],"1536x1536":["https:\/\/infotep.com.ar\/wp-content\/uploads\/2024\/08\/fabiola-2.webp",1114,720,false],"2048x2048":["https:\/\/infotep.com.ar\/wp-content\/uploads\/2024\/08\/fabiola-2.webp",1114,720,false],"blossom-feminine-slider":["https:\/\/infotep.com.ar\/wp-content\/uploads\/2024\/08\/fabiola-2-1114x649.webp",1114,649,true],"blossom-feminine-featured":["https:\/\/infotep.com.ar\/wp-content\/uploads\/2024\/08\/fabiola-2-1114x600.webp",1114,600,true],"blossom-feminine-with-sidebar":["https:\/\/infotep.com.ar\/wp-content\/uploads\/2024\/08\/fabiola-2-1020x600.webp",1020,600,true],"blossom-feminine-blog":["https:\/\/infotep.com.ar\/wp-content\/uploads\/2024\/08\/fabiola-2-435x435.webp",435,435,true],"blossom-feminine-cat":["https:\/\/infotep.com.ar\/wp-content\/uploads\/2024\/08\/fabiola-2-450x300.webp",450,300,true],"blossom-feminine-related":["https:\/\/infotep.com.ar\/wp-content\/uploads\/2024\/08\/fabiola-2-320x200.webp",320,200,true],"blossom-feminine-schema":["https:\/\/infotep.com.ar\/wp-content\/uploads\/2024\/08\/fabiola-2-93x60.webp",93,60,true],"blossom-mommy-blog-slider-big":["https:\/\/infotep.com.ar\/wp-content\/uploads\/2024\/08\/fabiola-2-920x650.webp",920,650,true],"blossom-mommy-blog-slider":["https:\/\/infotep.com.ar\/wp-content\/uploads\/2024\/08\/fabiola-2-460x310.webp",460,310,true],"blossom-mommy-blog-two":["https:\/\/infotep.com.ar\/wp-content\/uploads\/2024\/08\/fabiola-2-768x480.webp",768,480,true]},"author_info":{"info":["Angela Tobar"]},"category_info":"<a href=\"https:\/\/infotep.com.ar\/index.php\/category\/nacionales\/\" rel=\"category tag\">Nacionales<\/a>","tag_info":"Nacionales","comment_count":"0","_links":{"self":[{"href":"https:\/\/infotep.com.ar\/index.php\/wp-json\/wp\/v2\/posts\/15416"}],"collection":[{"href":"https:\/\/infotep.com.ar\/index.php\/wp-json\/wp\/v2\/posts"}],"about":[{"href":"https:\/\/infotep.com.ar\/index.php\/wp-json\/wp\/v2\/types\/post"}],"author":[{"embeddable":true,"href":"https:\/\/infotep.com.ar\/index.php\/wp-json\/wp\/v2\/users\/5"}],"replies":[{"embeddable":true,"href":"https:\/\/infotep.com.ar\/index.php\/wp-json\/wp\/v2\/comments?post=15416"}],"version-history":[{"count":1,"href":"https:\/\/infotep.com.ar\/index.php\/wp-json\/wp\/v2\/posts\/15416\/revisions"}],"predecessor-version":[{"id":15417,"href":"https:\/\/infotep.com.ar\/index.php\/wp-json\/wp\/v2\/posts\/15416\/revisions\/15417"}],"wp:featuredmedia":[{"embeddable":true,"href":"https:\/\/infotep.com.ar\/index.php\/wp-json\/wp\/v2\/media\/15337"}],"wp:attachment":[{"href":"https:\/\/infotep.com.ar\/index.php\/wp-json\/wp\/v2\/media?parent=15416"}],"wp:term":[{"taxonomy":"category","embeddable":true,"href":"https:\/\/infotep.com.ar\/index.php\/wp-json\/wp\/v2\/categories?post=15416"},{"taxonomy":"post_tag","embeddable":true,"href":"https:\/\/infotep.com.ar\/index.php\/wp-json\/wp\/v2\/tags?post=15416"}],"curies":[{"name":"wp","href":"https:\/\/api.w.org\/{rel}","templated":true}]}}