{"id":15569,"date":"2024-08-26T17:06:08","date_gmt":"2024-08-26T20:06:08","guid":{"rendered":"https:\/\/infotep.com.ar\/?p=15569"},"modified":"2024-08-26T17:06:09","modified_gmt":"2024-08-26T20:06:09","slug":"mas-de-450-estudiantes-de-moron-viajaron-a-mar-del-plata","status":"publish","type":"post","link":"https:\/\/infotep.com.ar\/index.php\/2024\/08\/26\/mas-de-450-estudiantes-de-moron-viajaron-a-mar-del-plata\/","title":{"rendered":"M\u00e1s de 450 estudiantes de Mor\u00f3n viajaron a Mar del Plata"},"content":{"rendered":"\n<p>Alumnos y alumnas del distrito realizaron un viaje recreativo y de estudios gracias a la iniciativa municipal \u201cSexto al Mar\u201d.<\/p>\n\n\n\n<p><strong>El pasado viernes volvi\u00f3 de Mar del Plata el \u00faltimo contingente del a\u00f1o de m\u00e1s de 450 estudiantes de sexto grado de escuelas primarias de todo el distrito, en el marco del programa municipal 6to al Mar. Se trata de un viaje de estudios y recreaci\u00f3n a la ciudad balnearia del que participan 22 establecimientos educativos del distrito, financiados por el Gobierno municipal.<\/strong><\/p>\n\n\n\n<p>El intendente de Mor\u00f3n, Lucas Ghi, destac\u00f3 el programa: \u201cEs una de las experiencias m\u00e1s gratificantes que podemos llevar adelante. Es fruto del compromiso de los equipos directivos, de los docentes, de las escuelas, con todas las comunidades educativas, para que los chicos y las chicas puedan disfrutar y cerrar una etapa. Pero adem\u00e1s, pueden hacerlo en el marco de un viaje de aprendizaje, de crecimiento de juegos, de diversi\u00f3n y de mucho amor\u201d.<\/p>\n\n\n\n<p>Por su parte, la Secretaria de Educaci\u00f3n Municipal, Mar\u00eda Jos\u00e9 Peteira, subray\u00f3 que \u201cfue un proyecto que iniciamos en el a\u00f1o 2022, despu\u00e9s de atravesar la pandemia y las dificultades para resociabilizar que ten\u00edan nuestros estudiantes. Pensamos en este programa que est\u00e1 destinado a los alumnos de las escuelas de gesti\u00f3n estatal y las escuelas especiales de nuestro distrito\u201d.<\/p>\n\n\n\n<figure class=\"wp-block-image size-large\"><img decoding=\"async\" loading=\"lazy\" width=\"1024\" height=\"682\" src=\"https:\/\/infotep.com.ar\/wp-content\/uploads\/2024\/08\/sexto-al-mar-2-1024x682.webp\" alt=\"\" class=\"wp-image-15570\" srcset=\"https:\/\/infotep.com.ar\/wp-content\/uploads\/2024\/08\/sexto-al-mar-2-1024x682.webp 1024w, https:\/\/infotep.com.ar\/wp-content\/uploads\/2024\/08\/sexto-al-mar-2-300x200.webp 300w, https:\/\/infotep.com.ar\/wp-content\/uploads\/2024\/08\/sexto-al-mar-2-768x511.webp 768w, https:\/\/infotep.com.ar\/wp-content\/uploads\/2024\/08\/sexto-al-mar-2-450x300.webp 450w, https:\/\/infotep.com.ar\/wp-content\/uploads\/2024\/08\/sexto-al-mar-2-90x60.webp 90w, https:\/\/infotep.com.ar\/wp-content\/uploads\/2024\/08\/sexto-al-mar-2.webp 1280w\" sizes=\"(max-width: 1024px) 100vw, 1024px\" \/><\/figure>\n\n\n\n<p>Con esta tercera edici\u00f3n m\u00e1s de 2500 alumnas y alumnos vivieron la experiencia de realizar un viaje a Mar del Plata desde la puesta en marcha del programa.<\/p>\n\n\n\n<p>La iniciativa incluye el viaje en micro a la ciudad balnearia, hospedaje de cuatro d\u00edas en la Colonia Municipal \u201cC\u00e9sar Albistur Villegas\u201d con pensi\u00f3n completa, excursiones, capacitaciones y paseos guiados a diversos puntos tur\u00edsticos de la ciudad balnearia.<\/p>\n\n\n\n<p>\u201cAparte de tener a los profesionales docentes, contamos con la asistencia de dos enfermeras y un guardavidas que vienen en cada viaje para garantizar la seguridad y tranquilidad de las familias y la diversi\u00f3n de los chicos\u201d, detall\u00f3 Peteira.<\/p>\n\n\n\n<p>La iniciativa \u201cSexto al mar\u201d es llevada a cabo por el Municipio de Mor\u00f3n y financiada con fondos municipales y provinciales a trav\u00e9s del Servicio Alimentario Escolar (SAE).<\/p>\n","protected":false},"excerpt":{"rendered":"<p>Alumnos y alumnas del distrito realizaron un viaje recreativo y de estudios gracias a la iniciativa municipal &ldquo;Sexto al Mar&rdquo;. El pasado viernes volvi&oacute; de Mar del Plata el &uacute;ltimo contingente del a&ntilde;o de m&aacute;s de 450 estudiantes de sexto grado de escuelas primarias de todo el distrito, en el marco del programa municipal 6to &hellip; <\/p>\n","protected":false},"author":5,"featured_media":15571,"comment_status":"closed","ping_status":"closed","sticky":false,"template":"","format":"standard","meta":{"om_disable_all_campaigns":false,"_joinchat":[]},"categories":[31,9],"tags":[46,56,53,43],"featured_image_urls":{"full":["https:\/\/infotep.com.ar\/wp-content\/uploads\/2024\/08\/sexto-al-mar.webp",720,479,false],"thumbnail":["https:\/\/infotep.com.ar\/wp-content\/uploads\/2024\/08\/sexto-al-mar-150x150.webp",150,150,true],"medium":["https:\/\/infotep.com.ar\/wp-content\/uploads\/2024\/08\/sexto-al-mar-300x200.webp",300,200,true],"medium_large":["https:\/\/infotep.com.ar\/wp-content\/uploads\/2024\/08\/sexto-al-mar.webp",720,479,false],"large":["https:\/\/infotep.com.ar\/wp-content\/uploads\/2024\/08\/sexto-al-mar.webp",720,479,false],"1536x1536":["https:\/\/infotep.com.ar\/wp-content\/uploads\/2024\/08\/sexto-al-mar.webp",720,479,false],"2048x2048":["https:\/\/infotep.com.ar\/wp-content\/uploads\/2024\/08\/sexto-al-mar.webp",720,479,false],"blossom-feminine-slider":["https:\/\/infotep.com.ar\/wp-content\/uploads\/2024\/08\/sexto-al-mar.webp",720,479,false],"blossom-feminine-featured":["https:\/\/infotep.com.ar\/wp-content\/uploads\/2024\/08\/sexto-al-mar.webp",720,479,false],"blossom-feminine-with-sidebar":["https:\/\/infotep.com.ar\/wp-content\/uploads\/2024\/08\/sexto-al-mar.webp",720,479,false],"blossom-feminine-blog":["https:\/\/infotep.com.ar\/wp-content\/uploads\/2024\/08\/sexto-al-mar-435x435.webp",435,435,true],"blossom-feminine-cat":["https:\/\/infotep.com.ar\/wp-content\/uploads\/2024\/08\/sexto-al-mar-450x300.webp",450,300,true],"blossom-feminine-related":["https:\/\/infotep.com.ar\/wp-content\/uploads\/2024\/08\/sexto-al-mar-320x200.webp",320,200,true],"blossom-feminine-schema":["https:\/\/infotep.com.ar\/wp-content\/uploads\/2024\/08\/sexto-al-mar-90x60.webp",90,60,true],"blossom-mommy-blog-slider-big":["https:\/\/infotep.com.ar\/wp-content\/uploads\/2024\/08\/sexto-al-mar.webp",720,479,false],"blossom-mommy-blog-slider":["https:\/\/infotep.com.ar\/wp-content\/uploads\/2024\/08\/sexto-al-mar-460x310.webp",460,310,true],"blossom-mommy-blog-two":["https:\/\/infotep.com.ar\/wp-content\/uploads\/2024\/08\/sexto-al-mar.webp",720,479,false]},"author_info":{"info":["Angela Tobar"]},"category_info":"<a href=\"https:\/\/infotep.com.ar\/index.php\/category\/destacadas\/\" rel=\"category tag\">Destacadas<\/a> <a href=\"https:\/\/infotep.com.ar\/index.php\/category\/municipales\/moron\/\" rel=\"category tag\">Mor\u00f3n<\/a>","tag_info":"Mor\u00f3n","comment_count":"0","_links":{"self":[{"href":"https:\/\/infotep.com.ar\/index.php\/wp-json\/wp\/v2\/posts\/15569"}],"collection":[{"href":"https:\/\/infotep.com.ar\/index.php\/wp-json\/wp\/v2\/posts"}],"about":[{"href":"https:\/\/infotep.com.ar\/index.php\/wp-json\/wp\/v2\/types\/post"}],"author":[{"embeddable":true,"href":"https:\/\/infotep.com.ar\/index.php\/wp-json\/wp\/v2\/users\/5"}],"replies":[{"embeddable":true,"href":"https:\/\/infotep.com.ar\/index.php\/wp-json\/wp\/v2\/comments?post=15569"}],"version-history":[{"count":1,"href":"https:\/\/infotep.com.ar\/index.php\/wp-json\/wp\/v2\/posts\/15569\/revisions"}],"predecessor-version":[{"id":15572,"href":"https:\/\/infotep.com.ar\/index.php\/wp-json\/wp\/v2\/posts\/15569\/revisions\/15572"}],"wp:featuredmedia":[{"embeddable":true,"href":"https:\/\/infotep.com.ar\/index.php\/wp-json\/wp\/v2\/media\/15571"}],"wp:attachment":[{"href":"https:\/\/infotep.com.ar\/index.php\/wp-json\/wp\/v2\/media?parent=15569"}],"wp:term":[{"taxonomy":"category","embeddable":true,"href":"https:\/\/infotep.com.ar\/index.php\/wp-json\/wp\/v2\/categories?post=15569"},{"taxonomy":"post_tag","embeddable":true,"href":"https:\/\/infotep.com.ar\/index.php\/wp-json\/wp\/v2\/tags?post=15569"}],"curies":[{"name":"wp","href":"https:\/\/api.w.org\/{rel}","templated":true}]}}