{"id":15576,"date":"2024-08-26T17:41:26","date_gmt":"2024-08-26T20:41:26","guid":{"rendered":"https:\/\/infotep.com.ar\/?p=15576"},"modified":"2024-08-26T17:41:27","modified_gmt":"2024-08-26T20:41:27","slug":"colectivos-a-partir-de-septiembre-habra-menos-servicios-nocturnos-y-los-fines-de-semana-en-el-amba","status":"publish","type":"post","link":"https:\/\/infotep.com.ar\/index.php\/2024\/08\/26\/colectivos-a-partir-de-septiembre-habra-menos-servicios-nocturnos-y-los-fines-de-semana-en-el-amba\/","title":{"rendered":"Colectivos: a partir de septiembre habr\u00e1 menos servicios nocturnos y los fines de semana en el AMBA"},"content":{"rendered":"\n<p>Las empresas aumentar\u00e1n la reducci\u00f3n de las frecuencias en medio del conflicto por los subsidios.<br><br>Las empresas de colectivos del \u00c1rea Metropolitana de Buenos Aires (AMBA) informaron que aumentar\u00e1n la reducci\u00f3n en la frecuencia de los servicios nocturnos y de fines de semana a partir de septiembre.<\/p>\n\n\n\n<p><strong>La medida est\u00e1 relacionada al conflicto existente entre los gobiernos nacional, bonaerense y porte\u00f1o por la responsabilidad del financiamiento de los subsidios al transporte en el territorio metropolitano.<\/strong><\/p>\n\n\n\n<p>En este marco, las c\u00e1maras empresarias del sector manifestaron en un comunicado que la continuidad de los servicios est\u00e1 en riesgo por \u201cla falta de acuerdo entre las jurisdicciones del AMBA (Naci\u00f3n, CABA y PBA)\u201d sobre la cobertura de los subsidios a las l\u00edneas de CABA desde el 1\/9\/2024, la cobertura de la RED SUBE para aquellas l\u00edneas que no son de Jurisdicci\u00f3n Nacional y recorren el AMBA, la falta de actualizaci\u00f3n de la estructura de costo utilizada para calcular subsidios y el sub-reconocimiento en c\u00e1lculo de subsidios de costo de inversi\u00f3n en coches, respecto al que denuncian que existe una \u201cbrecha mayor al 100%\u201d.<\/p>\n\n\n\n<p><strong>El documento empresario expres\u00f3 que \u201csi bien desde el 12\/8\/24 se ajust\u00f3 la Tarifa en 37%, se recuerda que esto es un mecanismo que utiliza el Regulador para ahorrar subsidios, por lo que no tiene impacto sobre las econom\u00edas de las empresas\u201d.<\/strong><\/p>\n\n\n\n<p class=\"has-light-green-cyan-background-color has-background\">En este sentido, detall\u00f3 que \u201centre Tarifa y Subsidios los operadores recibimos $862 promedio por viaje, lo cual lejos est\u00e1 de cubrir las necesidades de inversi\u00f3n que demanda un sistema del tama\u00f1o del AMBA, con las responsabilidades civiles que ello conlleva\u201d, se\u00f1alando que \u201cesta crisis no es nueva\u201d, sino que \u201cse agrav\u00f3 a la salida de la pandemia, y no logra recomponerse, por eso los usuarios perciben un servicio cada vez peor mientras parad\u00f3jicamente pagan m\u00e1s\u201d.<\/p>\n\n\n\n<p>Ante el escenario descripto, las empresas indicaron que \u201cno hemos logrado comunicaciones eficaces con las autoridades, de manera de prever c\u00f3mo garantizar los servicios el mes que viene ante eventuales quitas de subsidios que no sean compensadas con tarifa, ante la falta de acuerdo entre ellas. Por tal motivo desde la semana que viene se reducir\u00e1n los servicios en horarios nocturnos y fines de semana, para evitar una par\u00e1lisis mayor\u201d.<\/p>\n\n\n\n<p><strong>Est\u00e1 decisi\u00f3n implica un aumento en la reducci\u00f3n de los servicios que ya se viene aplicando en los \u00faltimos meses, lo que se refleja en que \u201cya se perdieron 5% de las frecuencias, cifras que se ir\u00e1n incrementando\u201d, seg\u00fan puntualizan los empresarios.<\/strong><\/p>\n\n\n\n<p><strong><em>En este contexto, tambi\u00e9n peligran los puestos de trabajo de los colectiveros ya que las empresas aseguran que \u201cno podremos garantizar continuidad de fuentes laborales, hasta tanto se resuelva c\u00f3mo y qui\u00e9n paga por este transporte que emplea a 50.000 trabajadores, que moviliza casi 10 millones de pasajeros diarios, y cuya tarifa cubre solo un 20% del costo real, medici\u00f3n que invitamos a cualquier investigador independiente para que eval\u00fae\u201d.<\/em><\/strong><\/p>\n\n\n\n<p>Al mismo tiempo, remarcaron que \u201cagrava el cuadro la irregular distribuci\u00f3n de subsidios en favor del Grupo DOTA, en desmedro del resto, al recibir el equivalente a m\u00e1s de 30.000 millones de pesos de fondos p\u00fablicos de manera indebida desde 2022\u201d.<\/p>\n\n\n\n<p>Al respecto, se\u00f1alaron que \u201cesta situaci\u00f3n derivada de una poco transparente distribuci\u00f3n de subsidios al gasoil entre todos operadores, y que beneficia a ese grupo, ya ha sido advertida por las actuales autoridades que heredaron este tema que empez\u00f3 hace m\u00e1s de 2 a\u00f1os, y que si bien existe el compromiso de que se corregir\u00e1 a trav\u00e9s de la orientaci\u00f3n del subsidio a la demanda, el da\u00f1o producido contribuye a agravar la crisis del sector, hasta tanto tal irregularidad sea corregida\u201d.<\/p>\n\n\n\n<p>El comunicado fue firmado por la Asociaci\u00f3n Argentina de Empresarios del Transporte Automotor (AAETA), la C\u00e1mara Empresaria del Autotransporte de Pasajeros (CEAP), la C\u00e1mara de Transporte de la Provincia de Buenos de Buenos Aires (CTPBA), y la C\u00e1mara de Empresarios Unidos del Transporte Urbano de Pasajeros de Buenos Aires (CEUTUPBA).<\/p>\n","protected":false},"excerpt":{"rendered":"<p>Las empresas aumentar&aacute;n la reducci&oacute;n de las frecuencias en medio del conflicto por los subsidios. Las empresas de colectivos del &Aacute;rea Metropolitana de Buenos Aires (AMBA) informaron que aumentar&aacute;n la reducci&oacute;n en la frecuencia de los servicios nocturnos y de fines de semana a partir de septiembre. La medida est&aacute; relacionada al conflicto existente entre &hellip; <\/p>\n","protected":false},"author":5,"featured_media":10184,"comment_status":"closed","ping_status":"closed","sticky":false,"template":"","format":"standard","meta":{"om_disable_all_campaigns":false,"_joinchat":[]},"categories":[31,7,4],"tags":[46,43],"featured_image_urls":{"full":["https:\/\/infotep.com.ar\/wp-content\/uploads\/2023\/12\/colectivo-1.jpg",1200,675,false],"thumbnail":["https:\/\/infotep.com.ar\/wp-content\/uploads\/2023\/12\/colectivo-1-150x150.jpg",150,150,true],"medium":["https:\/\/infotep.com.ar\/wp-content\/uploads\/2023\/12\/colectivo-1-300x169.jpg",300,169,true],"medium_large":["https:\/\/infotep.com.ar\/wp-content\/uploads\/2023\/12\/colectivo-1-768x432.jpg",768,432,true],"large":["https:\/\/infotep.com.ar\/wp-content\/uploads\/2023\/12\/colectivo-1-1024x576.jpg",1020,574,true],"1536x1536":["https:\/\/infotep.com.ar\/wp-content\/uploads\/2023\/12\/colectivo-1.jpg",1200,675,false],"2048x2048":["https:\/\/infotep.com.ar\/wp-content\/uploads\/2023\/12\/colectivo-1.jpg",1200,675,false],"blossom-feminine-slider":["https:\/\/infotep.com.ar\/wp-content\/uploads\/2023\/12\/colectivo-1-1200x649.jpg",1200,649,true],"blossom-feminine-featured":["https:\/\/infotep.com.ar\/wp-content\/uploads\/2023\/12\/colectivo-1-1200x600.jpg",1200,600,true],"blossom-feminine-with-sidebar":["https:\/\/infotep.com.ar\/wp-content\/uploads\/2023\/12\/colectivo-1-1020x600.jpg",1020,600,true],"blossom-feminine-blog":["https:\/\/infotep.com.ar\/wp-content\/uploads\/2023\/12\/colectivo-1-435x435.jpg",435,435,true],"blossom-feminine-cat":["https:\/\/infotep.com.ar\/wp-content\/uploads\/2023\/12\/colectivo-1-450x300.jpg",450,300,true],"blossom-feminine-related":["https:\/\/infotep.com.ar\/wp-content\/uploads\/2023\/12\/colectivo-1-320x200.jpg",320,200,true],"blossom-feminine-schema":["https:\/\/infotep.com.ar\/wp-content\/uploads\/2023\/12\/colectivo-1-107x60.jpg",107,60,true],"blossom-mommy-blog-slider-big":["https:\/\/infotep.com.ar\/wp-content\/uploads\/2023\/12\/colectivo-1-920x650.jpg",920,650,true],"blossom-mommy-blog-slider":["https:\/\/infotep.com.ar\/wp-content\/uploads\/2023\/12\/colectivo-1-460x310.jpg",460,310,true],"blossom-mommy-blog-two":["https:\/\/infotep.com.ar\/wp-content\/uploads\/2023\/12\/colectivo-1-768x480.jpg",768,480,true]},"author_info":{"info":["Angela Tobar"]},"category_info":"<a href=\"https:\/\/infotep.com.ar\/index.php\/category\/destacadas\/\" rel=\"category tag\">Destacadas<\/a> <a href=\"https:\/\/infotep.com.ar\/index.php\/category\/gremios\/\" rel=\"category tag\">Gremios<\/a> <a href=\"https:\/\/infotep.com.ar\/index.php\/category\/provinciales\/\" rel=\"category tag\">Provinciales<\/a>","tag_info":"Provinciales","comment_count":"0","_links":{"self":[{"href":"https:\/\/infotep.com.ar\/index.php\/wp-json\/wp\/v2\/posts\/15576"}],"collection":[{"href":"https:\/\/infotep.com.ar\/index.php\/wp-json\/wp\/v2\/posts"}],"about":[{"href":"https:\/\/infotep.com.ar\/index.php\/wp-json\/wp\/v2\/types\/post"}],"author":[{"embeddable":true,"href":"https:\/\/infotep.com.ar\/index.php\/wp-json\/wp\/v2\/users\/5"}],"replies":[{"embeddable":true,"href":"https:\/\/infotep.com.ar\/index.php\/wp-json\/wp\/v2\/comments?post=15576"}],"version-history":[{"count":1,"href":"https:\/\/infotep.com.ar\/index.php\/wp-json\/wp\/v2\/posts\/15576\/revisions"}],"predecessor-version":[{"id":15577,"href":"https:\/\/infotep.com.ar\/index.php\/wp-json\/wp\/v2\/posts\/15576\/revisions\/15577"}],"wp:featuredmedia":[{"embeddable":true,"href":"https:\/\/infotep.com.ar\/index.php\/wp-json\/wp\/v2\/media\/10184"}],"wp:attachment":[{"href":"https:\/\/infotep.com.ar\/index.php\/wp-json\/wp\/v2\/media?parent=15576"}],"wp:term":[{"taxonomy":"category","embeddable":true,"href":"https:\/\/infotep.com.ar\/index.php\/wp-json\/wp\/v2\/categories?post=15576"},{"taxonomy":"post_tag","embeddable":true,"href":"https:\/\/infotep.com.ar\/index.php\/wp-json\/wp\/v2\/tags?post=15576"}],"curies":[{"name":"wp","href":"https:\/\/api.w.org\/{rel}","templated":true}]}}