{"id":15746,"date":"2024-09-02T17:00:29","date_gmt":"2024-09-02T20:00:29","guid":{"rendered":"https:\/\/infotep.com.ar\/?p=15746"},"modified":"2024-09-02T17:00:30","modified_gmt":"2024-09-02T20:00:30","slug":"pablo-descalzo-defender-la-industria-es-defender-el-futuro-de-las-familias-de-ituzaingo-de-la-provincia-y-del-pais","status":"publish","type":"post","link":"https:\/\/infotep.com.ar\/index.php\/2024\/09\/02\/pablo-descalzo-defender-la-industria-es-defender-el-futuro-de-las-familias-de-ituzaingo-de-la-provincia-y-del-pais\/","title":{"rendered":"Pablo Descalzo: \u201cDefender la industria es defender el futuro de las familias de Ituzaing\u00f3, de la provincia y del pa\u00eds\u201d"},"content":{"rendered":"\n<p><\/p>\n\n\n\n<p>En un encuentro de empresarios que se llev\u00f3 adelante en Ituzaing\u00f3, el intendente local Pablo Descalzo junto al gobernador de la provincia de Buenos aires Axel Kicillof y el \u00a0Ministro de Producci\u00f3n, Ciencia e Innovaci\u00f3n Tecnol\u00f3gica de la provincia de Buenos, Augusto Costa, analizaron la situaci\u00f3n del sector industrial, productivo y la preocupaci\u00f3n por la ausencia de pol\u00edtica por parte del gobierno nacional en el desarrollo de pol\u00edticas que apunten a fortalecer y defender al sector de la producci\u00f3n.<\/p>\n\n\n\n<figure class=\"wp-block-image size-full\"><img decoding=\"async\" loading=\"lazy\" width=\"840\" height=\"271\" src=\"https:\/\/infotep.com.ar\/wp-content\/uploads\/2024\/09\/Captura-de-pantalla-2024-09-02-165804.png\" alt=\"\" class=\"wp-image-15748\" srcset=\"https:\/\/infotep.com.ar\/wp-content\/uploads\/2024\/09\/Captura-de-pantalla-2024-09-02-165804.png 840w, https:\/\/infotep.com.ar\/wp-content\/uploads\/2024\/09\/Captura-de-pantalla-2024-09-02-165804-300x97.png 300w, https:\/\/infotep.com.ar\/wp-content\/uploads\/2024\/09\/Captura-de-pantalla-2024-09-02-165804-768x248.png 768w, https:\/\/infotep.com.ar\/wp-content\/uploads\/2024\/09\/Captura-de-pantalla-2024-09-02-165804-186x60.png 186w\" sizes=\"(max-width: 840px) 100vw, 840px\" \/><\/figure>\n\n\n\n<p class=\"has-light-green-cyan-background-color has-background\">En este contexto, Pablo Descalzo en la apertura del encuentro agradeci\u00f3 la presencia del gobernador Axel Kicillof y por haber elegido a Ituzaing\u00f3 en una fecha como hoy\u201d y destac\u00f3: \u201ccoincidimos en que la defensa de la producci\u00f3n y la industria es parte de la agenda de pol\u00edtica de Estado provincial y local\u201d.<\/p>\n\n\n\n<p>De esta manera el &nbsp;intendente de Ituzaing\u00f3 marc\u00f3 ante un auditorio de funcionarios e industriales, que el distrito \u201ces parte de una provincia pujante, con una producci\u00f3n que enfrenta nuevos desaf\u00edos y de un mundo del trabajo que enfrenta viejas discusiones\u201d.<\/p>\n\n\n\n<p>Descalzo en su discurso afirm\u00f3 que \u201cfrente a un gobierno nacional que pretende llevarse por delante el aparato productivo, ac\u00e1 en Ituzaing\u00f3, nos encontramos nosotros junto a la provincia para defender la industria nacional. Porque protegerla es defender la soberan\u00eda de Ituzaing\u00f3, de la regi\u00f3n, la provincia y el pa\u00eds\u201d.<\/p>\n\n\n\n<p>En otro tramo de su alocuci\u00f3n, record\u00f3 que \u201cen Ituzaing\u00f3 el crecimiento y desarrollo no fue casualidad, sino que fue producto de gesti\u00f3n y proyecci\u00f3n\u201d y lo ejemplific\u00f3 al detallar que se logr\u00f3 \u201cdiscutir con la comunidad el dise\u00f1o del nuevo c\u00f3digo de planeamiento urbano que permiti\u00f3 la llegada de industrias, pymes, comercios y emprendimientos que hoy dan miles de trabajo a vecinos y vecinas de Ituzaing\u00f3\u201d.<\/p>\n\n\n\n<p>Y destac\u00f3 la presencia del gobernador e industriales al asegurar que \u201ces trascendental este encuentro para poder llevar adelante herramientas que puedan mejorar a la producci\u00f3n y al trabajo\u201d.<\/p>\n\n\n\n<p>\u201cItuzaing\u00f3 se va a desarrollar en la medida en que integremos a todos los sectores sociales y es nuestra responsabilidad hacer comprender al Gobierno Nacional que hay que defender, cuidar y proteger a la industria, a la producci\u00f3n y a cada emprendimiento\u201d, analiz\u00f3 Descalzo.<\/p>\n\n\n\n<p>Inmediatamente agreg\u00f3: \u201cPara que eso sea posible debemos estar m\u00e1s cerca que nunca de la comunidad organizada. Hay un pueblo que comparte sue\u00f1os que quiere crecer y quiere desarrollarse\u201d.<\/p>\n\n\n\n<p>\u201cNo bajemos los brazos. Trabajemos en unidad, en comuni\u00f3n para defender a la industria que es defender el futuro de las familias de Ituzaing\u00f3, las familias de la provincia de Buenos aires y a cada familia de la Argentina\u201d, certific\u00f3.<\/p>\n\n\n\n<p>\u201cConstruyamos entre todos y todas, el lugar para vivir que so\u00f1amos\u201d, finaliz\u00f3.<\/p>\n\n\n\n<p>La jornada que se llev\u00f3 adelante en las instalaciones de la empresa Traverso Alerju SA \u2013 ubicada en Brandsen 1400, Ituzaing\u00f3 norte, cuenta con la presencia de funcionarios locale , bonaerenses y empresarios de toda la provincia.<\/p>\n","protected":false},"excerpt":{"rendered":"<p>En un encuentro de empresarios que se llev&oacute; adelante en Ituzaing&oacute;, el intendente local Pablo Descalzo junto al gobernador de la provincia de Buenos aires Axel Kicillof y el &nbsp;Ministro de Producci&oacute;n, Ciencia e Innovaci&oacute;n Tecnol&oacute;gica de la provincia de Buenos, Augusto Costa, analizaron la situaci&oacute;n del sector industrial, productivo y la preocupaci&oacute;n por la &hellip; <\/p>\n","protected":false},"author":5,"featured_media":15747,"comment_status":"closed","ping_status":"closed","sticky":false,"template":"","format":"standard","meta":{"om_disable_all_campaigns":false,"_joinchat":[]},"categories":[31,8,4],"tags":[46,51,43],"featured_image_urls":{"full":["https:\/\/infotep.com.ar\/wp-content\/uploads\/2024\/09\/Captura-de-pantalla-2024-09-02-160627.png",679,379,false],"thumbnail":["https:\/\/infotep.com.ar\/wp-content\/uploads\/2024\/09\/Captura-de-pantalla-2024-09-02-160627-150x150.png",150,150,true],"medium":["https:\/\/infotep.com.ar\/wp-content\/uploads\/2024\/09\/Captura-de-pantalla-2024-09-02-160627-300x167.png",300,167,true],"medium_large":["https:\/\/infotep.com.ar\/wp-content\/uploads\/2024\/09\/Captura-de-pantalla-2024-09-02-160627.png",679,379,false],"large":["https:\/\/infotep.com.ar\/wp-content\/uploads\/2024\/09\/Captura-de-pantalla-2024-09-02-160627.png",679,379,false],"1536x1536":["https:\/\/infotep.com.ar\/wp-content\/uploads\/2024\/09\/Captura-de-pantalla-2024-09-02-160627.png",679,379,false],"2048x2048":["https:\/\/infotep.com.ar\/wp-content\/uploads\/2024\/09\/Captura-de-pantalla-2024-09-02-160627.png",679,379,false],"blossom-feminine-slider":["https:\/\/infotep.com.ar\/wp-content\/uploads\/2024\/09\/Captura-de-pantalla-2024-09-02-160627.png",679,379,false],"blossom-feminine-featured":["https:\/\/infotep.com.ar\/wp-content\/uploads\/2024\/09\/Captura-de-pantalla-2024-09-02-160627.png",679,379,false],"blossom-feminine-with-sidebar":["https:\/\/infotep.com.ar\/wp-content\/uploads\/2024\/09\/Captura-de-pantalla-2024-09-02-160627.png",679,379,false],"blossom-feminine-blog":["https:\/\/infotep.com.ar\/wp-content\/uploads\/2024\/09\/Captura-de-pantalla-2024-09-02-160627-435x379.png",435,379,true],"blossom-feminine-cat":["https:\/\/infotep.com.ar\/wp-content\/uploads\/2024\/09\/Captura-de-pantalla-2024-09-02-160627-450x300.png",450,300,true],"blossom-feminine-related":["https:\/\/infotep.com.ar\/wp-content\/uploads\/2024\/09\/Captura-de-pantalla-2024-09-02-160627-320x200.png",320,200,true],"blossom-feminine-schema":["https:\/\/infotep.com.ar\/wp-content\/uploads\/2024\/09\/Captura-de-pantalla-2024-09-02-160627-107x60.png",107,60,true],"blossom-mommy-blog-slider-big":["https:\/\/infotep.com.ar\/wp-content\/uploads\/2024\/09\/Captura-de-pantalla-2024-09-02-160627.png",679,379,false],"blossom-mommy-blog-slider":["https:\/\/infotep.com.ar\/wp-content\/uploads\/2024\/09\/Captura-de-pantalla-2024-09-02-160627-460x310.png",460,310,true],"blossom-mommy-blog-two":["https:\/\/infotep.com.ar\/wp-content\/uploads\/2024\/09\/Captura-de-pantalla-2024-09-02-160627.png",679,379,false]},"author_info":{"info":["Angela Tobar"]},"category_info":"<a href=\"https:\/\/infotep.com.ar\/index.php\/category\/destacadas\/\" rel=\"category tag\">Destacadas<\/a> <a href=\"https:\/\/infotep.com.ar\/index.php\/category\/municipales\/ituzaingo\/\" rel=\"category tag\">Ituzaing\u00f3<\/a> <a href=\"https:\/\/infotep.com.ar\/index.php\/category\/provinciales\/\" rel=\"category tag\">Provinciales<\/a>","tag_info":"Provinciales","comment_count":"0","_links":{"self":[{"href":"https:\/\/infotep.com.ar\/index.php\/wp-json\/wp\/v2\/posts\/15746"}],"collection":[{"href":"https:\/\/infotep.com.ar\/index.php\/wp-json\/wp\/v2\/posts"}],"about":[{"href":"https:\/\/infotep.com.ar\/index.php\/wp-json\/wp\/v2\/types\/post"}],"author":[{"embeddable":true,"href":"https:\/\/infotep.com.ar\/index.php\/wp-json\/wp\/v2\/users\/5"}],"replies":[{"embeddable":true,"href":"https:\/\/infotep.com.ar\/index.php\/wp-json\/wp\/v2\/comments?post=15746"}],"version-history":[{"count":1,"href":"https:\/\/infotep.com.ar\/index.php\/wp-json\/wp\/v2\/posts\/15746\/revisions"}],"predecessor-version":[{"id":15749,"href":"https:\/\/infotep.com.ar\/index.php\/wp-json\/wp\/v2\/posts\/15746\/revisions\/15749"}],"wp:featuredmedia":[{"embeddable":true,"href":"https:\/\/infotep.com.ar\/index.php\/wp-json\/wp\/v2\/media\/15747"}],"wp:attachment":[{"href":"https:\/\/infotep.com.ar\/index.php\/wp-json\/wp\/v2\/media?parent=15746"}],"wp:term":[{"taxonomy":"category","embeddable":true,"href":"https:\/\/infotep.com.ar\/index.php\/wp-json\/wp\/v2\/categories?post=15746"},{"taxonomy":"post_tag","embeddable":true,"href":"https:\/\/infotep.com.ar\/index.php\/wp-json\/wp\/v2\/tags?post=15746"}],"curies":[{"name":"wp","href":"https:\/\/api.w.org\/{rel}","templated":true}]}}