{"id":15750,"date":"2024-09-02T20:09:34","date_gmt":"2024-09-02T23:09:34","guid":{"rendered":"https:\/\/infotep.com.ar\/?p=15750"},"modified":"2024-09-02T20:09:35","modified_gmt":"2024-09-02T23:09:35","slug":"en-el-dia-de-la-industria-kicillof-afirmo-que-la-provincia-de-buenos-aires-es-un-escudo-contra-las-politicas-de-milei","status":"publish","type":"post","link":"https:\/\/infotep.com.ar\/index.php\/2024\/09\/02\/en-el-dia-de-la-industria-kicillof-afirmo-que-la-provincia-de-buenos-aires-es-un-escudo-contra-las-politicas-de-milei\/","title":{"rendered":"En el D\u00eda de la Industria, Kicillof afirm\u00f3 que la provincia de Buenos Aires es un &#8220;escudo contra las pol\u00edticas&#8221; de Milei"},"content":{"rendered":"\n<p>En el cierre de un encuentro sectorial en Ituzaing\u00f3, el mandatario habl\u00f3 de que pa\u00eds asiste a \u201cuna tragedia y calamidad industrial\u201d que solo puede compararse con algunos pocos procesos en la historia argentina.<\/p>\n\n\n\n<p>En este sentido, se\u00f1al\u00f3 que en s\u00f3lo seis meses, descontando la sequ\u00eda del a\u00f1o pasado, la industria cay\u00f3 16 puntos.<\/p>\n\n\n\n<p><strong>\u201cHa ca\u00eddo fuertemente el empleo y hoy mientras nos dicen que quieren traer inversiones del exterior vemos que la mitad de las m\u00e1quinas de la provincia est\u00e1n paradas\u201d, se quej\u00f3 Kicillof<\/strong><\/p>\n\n\n\n<p>A su entender, \u201ceste tipo de pol\u00edticas y proyectos que hacen mucho da\u00f1o a la industria nacional, no es un efecto colateral ni una cuesti\u00f3n circunstancial\u201d sino \u201cuno de los objetivos centrales\u201d del Gobierno.<\/p>\n\n\n\n<p>\u201cEs un objetivo de este gobierno desmantelar la industria y la producci\u00f3n nacional\u201d, expres\u00f3 el ex ministro de Econom\u00eda.<\/p>\n\n\n\n<p>\u201cEl Gobierno de Milei es enemigo de la producci\u00f3n nacional\u201d, sentenci\u00f3, y en la misma l\u00ednea agreg\u00f3: \u201cGracias a Milei estamos pasando de la industria nacional a una naci\u00f3n sin industria\u201d.<\/p>\n\n\n\n<p>En otro orden, Kicillof asever\u00f3 que es \u201cmentira\u201d que la estabilizaci\u00f3n macroecon\u00f3mica, en caso de producirse, va a generar \u201cde forma natural y autom\u00e1tica y casi por imperio de la f\u00edsica una recuperaci\u00f3n de todas las variables\u201d.<\/p>\n\n\n\n<p>\u201cEsta mentira la escuchamos cien mil veces. En la d\u00e9cada de los 90 la estabilidad de las variables macroecon\u00f3micos fue la condici\u00f3n de destrucci\u00f3n del tejido industrial argentino\u201d, record\u00f3.<\/p>\n\n\n\n<p>Seg\u00fan dijo, el combo de apertura importadora, atraso cambiario, ca\u00edda \u201cinducida\u201d de salarios y jubilaciones, y tarifas dolarizadas est\u00e1 \u201cmatando\u201d el mercado interno y la industria.<\/p>\n\n\n\n<p>En tanto, el gobernador bonaerense desminti\u00f3 que el ajuste que se est\u00e1 generando sea \u201cun sacrificio\u201d necesario para luego \u201calcanzar la tierra prometida\u201d, como pregona el Gobierno.<\/p>\n\n\n\n<p class=\"has-light-green-cyan-background-color has-background\">\u201cEs un sacrificio totalmente in\u00fatil y forma parte de una tremenda estafa electoral. Nadie vot\u00f3 en este pa\u00eds un ajuste para las mayor\u00edas populares, para los sueldos de los laburantes, para las jubilaciones. Se hab\u00eda dicho que el ajuste iba a ser solo para un sector de la pol\u00edtica y es masivo y generalizado para sectores medios, estudiantes, jubilados y laburantes\u201d, alert\u00f3.<\/p>\n\n\n\n<p>\u201cTambi\u00e9n es mentira que si segu\u00edan los mismos de siempre iban a seguir habiendo los mismos resultados. Los principales ministerios del Gobierno, como Seguridad, Econom\u00eda y Reforma del Estado cuentan hoy con candidatos y representantes de la fuerza que sali\u00f3 tercera en a elecci\u00f3n que ya gobern\u00f3 y fracas\u00f3 espantosamente en el Gobierno de (Mauricio) Macri\u201d, sigui\u00f3 Kicillof.<\/p>\n\n\n\n<p>\u201cSon los mismos de siempre haciendo la misma pol\u00edtica de Macri, por eso los resultados son los mismos que en los 90 y en la \u00e9poca de Mart\u00ednez de Hoz\u201d, dispar\u00f3.<\/p>\n\n\n\n<p>Por otra parte, Kicillof cuestion\u00f3 a Milei por \u201cpelearse con socios estrat\u00e9gicos\u201d del pa\u00eds como Brasil, en una pol\u00edtica \u201ccarente de pragmatismo\u201d aplicando \u00fanicamente sus \u201canteojeras ideol\u00f3gicas\u201d.<\/p>\n\n\n\n<p>\u201cEl presidente de la Naci\u00f3n pareciera que viviera en un taper, que no viera para donde est\u00e1 marchando el mundo de hoy\u201d, subray\u00f3 el mandatario bonaerense al se\u00f1alar que tanto los pa\u00edses en v\u00edas de desarrollo que est\u00e1n creciendo como las principales potencias se est\u00e1n planteando \u201cpol\u00edticas de intervenci\u00f3n estatal con industrializaci\u00f3n\u201d.<\/p>\n\n\n\n<p>Por \u00faltimo, Kicillof destac\u00f3 el r\u00e9gimen de promoci\u00f3n de inversiones que previamente hab\u00eda presentado su ministro de Producci\u00f3n, Augusto Costa, y lo contrapuso con el R\u00e9gimen de Incentivos a las Grandes Inversiones (RIGI) del Gobierno nacional.<\/p>\n\n\n\n<p>\u201cEse r\u00e9gimen est\u00e1 en la ant\u00edpodas del RIGI de Milei. No podemos aceptar que la \u00fanica forma de recibir inversiones en la Argentina sea la de primarizar, la de rifar recursos naturales y no agregar valor a lo que tenemos\u201d, resalt\u00f3.<\/p>\n\n\n\n<p>\u201cNo hay Naci\u00f3n sin industria. Nuestro compromiso es luchar contra las pol\u00edticas de desindustrializaci\u00f3n\u201d, prometi\u00f3.<\/p>\n\n\n\n<p>Y al finalizar, en clave pol\u00edtica, expres\u00f3: \u201cCuenten con la provincia de Buenos Aires como red y escudo contra las pol\u00edticas del Gobierno nacional\u201d.<\/p>\n","protected":false},"excerpt":{"rendered":"<p>En el cierre de un encuentro sectorial en Ituzaing&oacute;, el mandatario habl&oacute; de que pa&iacute;s asiste a &ldquo;una tragedia y calamidad industrial&rdquo; que solo puede compararse con algunos pocos procesos en la historia argentina. En este sentido, se&ntilde;al&oacute; que en s&oacute;lo seis meses, descontando la sequ&iacute;a del a&ntilde;o pasado, la industria cay&oacute; 16 puntos. &ldquo;Ha &hellip; <\/p>\n","protected":false},"author":5,"featured_media":15751,"comment_status":"closed","ping_status":"closed","sticky":false,"template":"","format":"standard","meta":{"om_disable_all_campaigns":false,"_joinchat":[]},"categories":[31,8,4],"tags":[46,43],"featured_image_urls":{"full":["https:\/\/infotep.com.ar\/wp-content\/uploads\/2024\/09\/Captura-de-pantalla-2024-09-02-185939.png",676,476,false],"thumbnail":["https:\/\/infotep.com.ar\/wp-content\/uploads\/2024\/09\/Captura-de-pantalla-2024-09-02-185939-150x150.png",150,150,true],"medium":["https:\/\/infotep.com.ar\/wp-content\/uploads\/2024\/09\/Captura-de-pantalla-2024-09-02-185939-300x211.png",300,211,true],"medium_large":["https:\/\/infotep.com.ar\/wp-content\/uploads\/2024\/09\/Captura-de-pantalla-2024-09-02-185939.png",676,476,false],"large":["https:\/\/infotep.com.ar\/wp-content\/uploads\/2024\/09\/Captura-de-pantalla-2024-09-02-185939.png",676,476,false],"1536x1536":["https:\/\/infotep.com.ar\/wp-content\/uploads\/2024\/09\/Captura-de-pantalla-2024-09-02-185939.png",676,476,false],"2048x2048":["https:\/\/infotep.com.ar\/wp-content\/uploads\/2024\/09\/Captura-de-pantalla-2024-09-02-185939.png",676,476,false],"blossom-feminine-slider":["https:\/\/infotep.com.ar\/wp-content\/uploads\/2024\/09\/Captura-de-pantalla-2024-09-02-185939.png",676,476,false],"blossom-feminine-featured":["https:\/\/infotep.com.ar\/wp-content\/uploads\/2024\/09\/Captura-de-pantalla-2024-09-02-185939.png",676,476,false],"blossom-feminine-with-sidebar":["https:\/\/infotep.com.ar\/wp-content\/uploads\/2024\/09\/Captura-de-pantalla-2024-09-02-185939.png",676,476,false],"blossom-feminine-blog":["https:\/\/infotep.com.ar\/wp-content\/uploads\/2024\/09\/Captura-de-pantalla-2024-09-02-185939-435x435.png",435,435,true],"blossom-feminine-cat":["https:\/\/infotep.com.ar\/wp-content\/uploads\/2024\/09\/Captura-de-pantalla-2024-09-02-185939-450x300.png",450,300,true],"blossom-feminine-related":["https:\/\/infotep.com.ar\/wp-content\/uploads\/2024\/09\/Captura-de-pantalla-2024-09-02-185939-320x200.png",320,200,true],"blossom-feminine-schema":["https:\/\/infotep.com.ar\/wp-content\/uploads\/2024\/09\/Captura-de-pantalla-2024-09-02-185939-85x60.png",85,60,true],"blossom-mommy-blog-slider-big":["https:\/\/infotep.com.ar\/wp-content\/uploads\/2024\/09\/Captura-de-pantalla-2024-09-02-185939.png",676,476,false],"blossom-mommy-blog-slider":["https:\/\/infotep.com.ar\/wp-content\/uploads\/2024\/09\/Captura-de-pantalla-2024-09-02-185939-460x310.png",460,310,true],"blossom-mommy-blog-two":["https:\/\/infotep.com.ar\/wp-content\/uploads\/2024\/09\/Captura-de-pantalla-2024-09-02-185939.png",676,476,false]},"author_info":{"info":["Angela Tobar"]},"category_info":"<a href=\"https:\/\/infotep.com.ar\/index.php\/category\/destacadas\/\" rel=\"category tag\">Destacadas<\/a> <a href=\"https:\/\/infotep.com.ar\/index.php\/category\/municipales\/ituzaingo\/\" rel=\"category tag\">Ituzaing\u00f3<\/a> <a href=\"https:\/\/infotep.com.ar\/index.php\/category\/provinciales\/\" rel=\"category tag\">Provinciales<\/a>","tag_info":"Provinciales","comment_count":"0","_links":{"self":[{"href":"https:\/\/infotep.com.ar\/index.php\/wp-json\/wp\/v2\/posts\/15750"}],"collection":[{"href":"https:\/\/infotep.com.ar\/index.php\/wp-json\/wp\/v2\/posts"}],"about":[{"href":"https:\/\/infotep.com.ar\/index.php\/wp-json\/wp\/v2\/types\/post"}],"author":[{"embeddable":true,"href":"https:\/\/infotep.com.ar\/index.php\/wp-json\/wp\/v2\/users\/5"}],"replies":[{"embeddable":true,"href":"https:\/\/infotep.com.ar\/index.php\/wp-json\/wp\/v2\/comments?post=15750"}],"version-history":[{"count":1,"href":"https:\/\/infotep.com.ar\/index.php\/wp-json\/wp\/v2\/posts\/15750\/revisions"}],"predecessor-version":[{"id":15752,"href":"https:\/\/infotep.com.ar\/index.php\/wp-json\/wp\/v2\/posts\/15750\/revisions\/15752"}],"wp:featuredmedia":[{"embeddable":true,"href":"https:\/\/infotep.com.ar\/index.php\/wp-json\/wp\/v2\/media\/15751"}],"wp:attachment":[{"href":"https:\/\/infotep.com.ar\/index.php\/wp-json\/wp\/v2\/media?parent=15750"}],"wp:term":[{"taxonomy":"category","embeddable":true,"href":"https:\/\/infotep.com.ar\/index.php\/wp-json\/wp\/v2\/categories?post=15750"},{"taxonomy":"post_tag","embeddable":true,"href":"https:\/\/infotep.com.ar\/index.php\/wp-json\/wp\/v2\/tags?post=15750"}],"curies":[{"name":"wp","href":"https:\/\/api.w.org\/{rel}","templated":true}]}}