{"id":16041,"date":"2024-09-12T15:00:53","date_gmt":"2024-09-12T18:00:53","guid":{"rendered":"https:\/\/infotep.com.ar\/?p=16041"},"modified":"2024-09-12T15:00:53","modified_gmt":"2024-09-12T18:00:53","slug":"el-paro-de-pilotos-y-tripulantes-afectara-este-viernes-a-mas-de-300-vuelos-y-37-mil-pasajeros","status":"publish","type":"post","link":"https:\/\/infotep.com.ar\/index.php\/2024\/09\/12\/el-paro-de-pilotos-y-tripulantes-afectara-este-viernes-a-mas-de-300-vuelos-y-37-mil-pasajeros\/","title":{"rendered":"El paro de pilotos y tripulantes afectar\u00e1 este viernes a m\u00e1s de 300 vuelos y 37 mil pasajeros"},"content":{"rendered":"\n<p>La medida se iniciar\u00e1 este viernes a las 12 y se extender\u00e1 hasta el s\u00e1bado a la misma hora.<br><br>El paro dispuesto para este viernes por los gremios de pilotos y tripulantes de cabina afectar\u00e1 a m\u00e1s de 300 vuelos y perjudicar\u00e1 a m\u00e1s de 37 mil pasajeros de Aerol\u00edneas Argentinas, seg\u00fan estimaciones de fuentes aeroportuarias.<\/p>\n\n\n\n<p>Desde la compa\u00f1\u00eda estatal indicaron esta ma\u00f1ana que se est\u00e1 anticipando de la situaci\u00f3n a los usuarios para que puedan cambiar sus vuelos \u201csin cargo\u201d y se est\u00e1 tratando de \u201creubicar y reacomodar\u201d a los pasajeros ante la contingencia, aunque a\u00fan no se ha determinado la cantidad de vuelos que ser\u00e1n cancelados.<\/p>\n\n\n\n<p>La medida de fuerza, hasta el momento, solamente ser\u00e1 llevada adelante por la Asociaci\u00f3n de Pilotos de L\u00edneas A\u00e9reas (APLA) y la Asociaci\u00f3n Argentina de Aeronavegantes (AAA), por lo que \u00fanicamente los servicios de la l\u00ednea de bandera se ver\u00e1n complicados, al punto que seguramente, todos los vuelos entre las 12 de ma\u00f1ana y las 12 del s\u00e1bado, ser\u00e1n cancelados.<\/p>\n\n\n\n<p>Por ahora no se sumar\u00e1 al paro la Asociaci\u00f3n del Personal Aeron\u00e1utico (APA), que abarca a los trabajadores de Intercargo, lo que har\u00eda que los servicios de rampa, tanto en Aeroparque, como en Ezeiza, estar\u00edan garantizados.<\/p>\n\n\n\n<p>Esto significa que, salvo una decisi\u00f3n en contrario en las pr\u00f3ximas horas por parte del gremio, las operaciones de Flybondi, Jetsmart y las compa\u00f1\u00edas extranjeras, ser\u00e1n normales en ambos aeropuertos.<\/p>\n\n\n\n<p>Fuentes de Aerol\u00edneas Argentinas explicaron que dentro de las acciones que se est\u00e1n analizando para enfrentar los efectos de la medida de fuerza, se encuentra la disposici\u00f3n de serviciios adicionales a posteriori del paro, de manera de poder ir evacuando la enorme cantidad de pasajeros que quedar\u00e1n sin poder viajar en los horarios previstos.<\/p>\n\n\n\n<p>La empresa ya comenz\u00f3 a comunicar la situaci\u00f3n a sus pasajeros, v\u00eda mail, advirtiendo que si su vuelo est\u00e1 dentro de la franja horaria de la medida de fuerza es muy posible que sea cancelado, por lo que presentan la posibilidad de cambiar d\u00eda y horario sin cargo.<\/p>\n\n\n\n<p>Quienes quieran cambiar sus tickets pueden hacerlo sin ning\u00fan costo ni penalidad directamente en el portal de autogesti\u00f3n https:\/\/www.aerolineas.com.ar\/autogestion-de-cambios.<\/p>\n\n\n\n<p>Tambi\u00e9n por el contact center, cuyo n\u00faemero es 11-5199-3555 y tambi\u00e9n es posible comunicarse por WhatsApp de lunes a viernes de 9 a 18 al +54-911-4940-4798.<\/p>\n\n\n\n<p>Aclararon que todav\u00eda no est\u00e1n disponibles los vuelos adicionales que se dispondr\u00e1n para el s\u00e1bado a la tarde, y que estos se ir\u00edan sumando en las pr\u00f3ximas horas.<\/p>\n","protected":false},"excerpt":{"rendered":"<p>La medida se iniciar&aacute; este viernes a las 12 y se extender&aacute; hasta el s&aacute;bado a la misma hora. El paro dispuesto para este viernes por los gremios de pilotos y tripulantes de cabina afectar&aacute; a m&aacute;s de 300 vuelos y perjudicar&aacute; a m&aacute;s de 37 mil pasajeros de Aerol&iacute;neas Argentinas, seg&uacute;n estimaciones de fuentes &hellip; <\/p>\n","protected":false},"author":5,"featured_media":14742,"comment_status":"closed","ping_status":"closed","sticky":false,"template":"","format":"standard","meta":{"om_disable_all_campaigns":false,"_joinchat":[]},"categories":[7],"tags":[46,43],"featured_image_urls":{"full":["https:\/\/infotep.com.ar\/wp-content\/uploads\/2024\/07\/vuelos.webp",1081,720,false],"thumbnail":["https:\/\/infotep.com.ar\/wp-content\/uploads\/2024\/07\/vuelos-150x150.webp",150,150,true],"medium":["https:\/\/infotep.com.ar\/wp-content\/uploads\/2024\/07\/vuelos-300x200.webp",300,200,true],"medium_large":["https:\/\/infotep.com.ar\/wp-content\/uploads\/2024\/07\/vuelos-768x512.webp",768,512,true],"large":["https:\/\/infotep.com.ar\/wp-content\/uploads\/2024\/07\/vuelos-1024x682.webp",1020,679,true],"1536x1536":["https:\/\/infotep.com.ar\/wp-content\/uploads\/2024\/07\/vuelos.webp",1081,720,false],"2048x2048":["https:\/\/infotep.com.ar\/wp-content\/uploads\/2024\/07\/vuelos.webp",1081,720,false],"blossom-feminine-slider":["https:\/\/infotep.com.ar\/wp-content\/uploads\/2024\/07\/vuelos-1081x649.webp",1081,649,true],"blossom-feminine-featured":["https:\/\/infotep.com.ar\/wp-content\/uploads\/2024\/07\/vuelos-1081x600.webp",1081,600,true],"blossom-feminine-with-sidebar":["https:\/\/infotep.com.ar\/wp-content\/uploads\/2024\/07\/vuelos-1020x600.webp",1020,600,true],"blossom-feminine-blog":["https:\/\/infotep.com.ar\/wp-content\/uploads\/2024\/07\/vuelos-435x435.webp",435,435,true],"blossom-feminine-cat":["https:\/\/infotep.com.ar\/wp-content\/uploads\/2024\/07\/vuelos-450x300.webp",450,300,true],"blossom-feminine-related":["https:\/\/infotep.com.ar\/wp-content\/uploads\/2024\/07\/vuelos-320x200.webp",320,200,true],"blossom-feminine-schema":["https:\/\/infotep.com.ar\/wp-content\/uploads\/2024\/07\/vuelos-90x60.webp",90,60,true],"blossom-mommy-blog-slider-big":["https:\/\/infotep.com.ar\/wp-content\/uploads\/2024\/07\/vuelos-920x650.webp",920,650,true],"blossom-mommy-blog-slider":["https:\/\/infotep.com.ar\/wp-content\/uploads\/2024\/07\/vuelos-460x310.webp",460,310,true],"blossom-mommy-blog-two":["https:\/\/infotep.com.ar\/wp-content\/uploads\/2024\/07\/vuelos-768x480.webp",768,480,true]},"author_info":{"info":["Angela Tobar"]},"category_info":"<a href=\"https:\/\/infotep.com.ar\/index.php\/category\/gremios\/\" rel=\"category tag\">Gremios<\/a>","tag_info":"Gremios","comment_count":"0","_links":{"self":[{"href":"https:\/\/infotep.com.ar\/index.php\/wp-json\/wp\/v2\/posts\/16041"}],"collection":[{"href":"https:\/\/infotep.com.ar\/index.php\/wp-json\/wp\/v2\/posts"}],"about":[{"href":"https:\/\/infotep.com.ar\/index.php\/wp-json\/wp\/v2\/types\/post"}],"author":[{"embeddable":true,"href":"https:\/\/infotep.com.ar\/index.php\/wp-json\/wp\/v2\/users\/5"}],"replies":[{"embeddable":true,"href":"https:\/\/infotep.com.ar\/index.php\/wp-json\/wp\/v2\/comments?post=16041"}],"version-history":[{"count":1,"href":"https:\/\/infotep.com.ar\/index.php\/wp-json\/wp\/v2\/posts\/16041\/revisions"}],"predecessor-version":[{"id":16042,"href":"https:\/\/infotep.com.ar\/index.php\/wp-json\/wp\/v2\/posts\/16041\/revisions\/16042"}],"wp:featuredmedia":[{"embeddable":true,"href":"https:\/\/infotep.com.ar\/index.php\/wp-json\/wp\/v2\/media\/14742"}],"wp:attachment":[{"href":"https:\/\/infotep.com.ar\/index.php\/wp-json\/wp\/v2\/media?parent=16041"}],"wp:term":[{"taxonomy":"category","embeddable":true,"href":"https:\/\/infotep.com.ar\/index.php\/wp-json\/wp\/v2\/categories?post=16041"},{"taxonomy":"post_tag","embeddable":true,"href":"https:\/\/infotep.com.ar\/index.php\/wp-json\/wp\/v2\/tags?post=16041"}],"curies":[{"name":"wp","href":"https:\/\/api.w.org\/{rel}","templated":true}]}}