{"id":16206,"date":"2024-09-18T00:55:23","date_gmt":"2024-09-18T03:55:23","guid":{"rendered":"https:\/\/infotep.com.ar\/?p=16206"},"modified":"2024-09-18T00:59:10","modified_gmt":"2024-09-18T03:59:10","slug":"el-hospital-garrahan-retoma-las-medidas-de-fuerza","status":"publish","type":"post","link":"https:\/\/infotep.com.ar\/index.php\/2024\/09\/18\/el-hospital-garrahan-retoma-las-medidas-de-fuerza\/","title":{"rendered":"Trabajadores del hospital Garrahan refuerzan el plan de lucha con un nuevo paro y movilizaci\u00f3n"},"content":{"rendered":"\n<p>La Asociaci\u00f3n de Profesionales y T\u00e9cnicos del Hospital Garrahan (APyT), junto a otros gremios y agrupaciones, realizar\u00e1 este jueves 19 de septiembre el segundo paro de un plan de lucha que comenz\u00f3 con otra medida de fuerza el pasado 4 de septiembre y que fue adem\u00e1s precedido semanas anteriores por &#8220;abrazos simb\u00f3licos con mucha participaci\u00f3n&#8221; en este centro de salud p\u00fablica para las infancias que es modelo a nivel mundial. <\/p>\n\n\n\n<p><strong>En esta ocasi\u00f3n marchar\u00e1n 10:30 horas desde la esquina del hospital donde se cruzan las calles Pichincha y Brasil hasta el Ministerio de Salud de la Naci\u00f3n (el Garrahan depende en su presupuesto 80 por ciento del gobierno nacional de Javier Milei y 20 por ciento del gobierno porte\u00f1o de Jorge Macri).<\/strong><\/p>\n\n\n\n<p>El gremio APyT reclama un 100 por ciento de recomposici\u00f3n salarial, 1.400.000 pesos de salario m\u00ednimo, y rechaza el impuesto al salario, por el cual ya present\u00f3 un amparo ante la Justicia, en un contexto donde el gobierno de Javier Milei dar\u00e1 un 1% de aumento en septiembre y 2% en octubre, debido a la paritaria estatal que firmaron UPCN y ATE en lo nacional, sin ninguna consideraci\u00f3n particular sobre lo que pasa en el Garrahan, ya que el hospital perdi\u00f3 su paritaria en 2017 en el pacto Mauricio Macri presidente y Horacio Rodr\u00edguez Larreta jefe de gobierno de la Ciudad Aut\u00f3noma de Buenos Aires, donde el Garrahan pas\u00f3 del 50 por ciento dependiente de CABA y 50 por ciento de Naci\u00f3n, a 20 y 80 por ciento.<\/p>\n\n\n\n<p>Al respecto, la secretaria general de la APyT, la licenciada Norma Lezana, expres\u00f3: &#8220;Hacemos un llamado de emergencia al Gobierno Nacional de Javier Milei y al gobierno porte\u00f1o de Jorge Macri, en defensa de nuestro hospital. En estas condiciones no se sostiene el Garrahan, las autoridades de nuestro Consejo de Administraci\u00f3n y del Gobierno Nacional y de CABA lo saben, pero el silencio y la falta de respuesta indica que no est\u00e1 en los planes de nadie sostener este centro de salud p\u00fablica que es modelo en el mundo&#8221;.<\/p>\n\n\n\n<p>&#8220;Todas y todos lo saben, el Garrahan salva vidas, con 600 mil consultas por a\u00f1o entre presenciales y teleconsultas, y 10 mil cirug\u00edas de la m\u00e1s alta complejidad. Es ahora, el Garrahan y la salud p\u00fablica necesitan ser salvados, por eso decimos &#8216;ay\u00fadennos a salvar al Garrahan y la salud p\u00fablica&#8217; &#8220;, continu\u00f3 Lezana.<\/p>\n\n\n\n<p>En la misma l\u00ednea, la licenciada en Nutrici\u00f3n, que atiende ni\u00f1eces y adolescentes con problemas de diabetes y otras patolog\u00edas, explic\u00f3 que &#8220;hay una poblaci\u00f3n que cada vez necesita m\u00e1s al equipo de salud del sistema p\u00fablico&#8221; y que &#8220;vaciarlo y dejarlo caer costar\u00e1 muchas vidas que hoy se salvan&#8221;.<\/p>\n\n\n\n<p>&#8220;Las ni\u00f1as, ni\u00f1os y adolescentes de los hist\u00f3ricos sectores sociales m\u00e1s vulnerables y tambi\u00e9n los que est\u00e1n llegando &#8216;expulsados&#8217; del sistema privado por no poder seguir pagando sus padres las prepagas o por haber quedado lisa y llanamente sin trabajo registrado y su consiguiente obra social, necesitan diagn\u00f3stico preciso como cualquier otro ni\u00f1o, tienen derecho al mejor tratamiento, rehabilitaci\u00f3n y reinserci\u00f3n para seguir creciendo, y eso lo da el Garrahan, pero estamos ahora ante un abismo, esto se puede terminar, cumplimos 37 a\u00f1os el pasado 25 de agosto pero el plan del presidente Milei de destruir todo lo que sea p\u00fablico nos alarma. Para sostener la cantidad y calidad de atenci\u00f3n en el Garrahan se necesita un equipo, para eso se necesita &#8216;este equipo'&#8221;, alert\u00f3 Lezana.<\/p>\n\n\n\n<p>&#8220;No nos rendimos, este equipo lucha por seguir siendo &#8216;orgullosamente Garrahan&#8217;, por eso este 19 de septiembre llamamos a todas y todos, la comunidad, las familias, los artistas, los referentes en redes sociales, los medios, los otros equipos de salud p\u00fablica y privada, para que nos acompa\u00f1en en este llamado de emergencia. Para que &#8220;la motosierra&#8221; no se lleve puesto al Garrahan, sino luego ser\u00e1 tarde&#8221;, advirti\u00f3 la secretaria general de la APyT.<\/p>\n\n\n\n<p><strong>Y finaliz\u00f3: &#8220;Unite a la campa\u00f1a, el Garrahan salva vidas, salvemos al Garrahan, para que no se caiga. A las 10.30 salimos desde Pichincha y Brasil, hacia el Ministerio de Salud. Necesitamos rodear de solidaridad este reclamo para que se escuche&#8221;.<\/strong><\/p>\n","protected":false},"excerpt":{"rendered":"<p>La Asociaci&oacute;n de Profesionales y T&eacute;cnicos del Hospital Garrahan (APyT), junto a otros gremios y agrupaciones, realizar&aacute; este jueves 19 de septiembre el segundo paro de un plan de lucha que comenz&oacute; con otra medida de fuerza el pasado 4 de septiembre y que fue adem&aacute;s precedido semanas anteriores por &ldquo;abrazos simb&oacute;licos con mucha participaci&oacute;n&rdquo; &hellip; <\/p>\n","protected":false},"author":5,"featured_media":16211,"comment_status":"closed","ping_status":"closed","sticky":false,"template":"","format":"standard","meta":{"om_disable_all_campaigns":false,"_joinchat":[]},"categories":[31,7,4],"tags":[46,43],"featured_image_urls":{"full":["https:\/\/infotep.com.ar\/wp-content\/uploads\/2024\/09\/paro-en-el-garrahan-1068x561-1.jpg",1068,561,false],"thumbnail":["https:\/\/infotep.com.ar\/wp-content\/uploads\/2024\/09\/paro-en-el-garrahan-1068x561-1-150x150.jpg",150,150,true],"medium":["https:\/\/infotep.com.ar\/wp-content\/uploads\/2024\/09\/paro-en-el-garrahan-1068x561-1-300x158.jpg",300,158,true],"medium_large":["https:\/\/infotep.com.ar\/wp-content\/uploads\/2024\/09\/paro-en-el-garrahan-1068x561-1-768x403.jpg",768,403,true],"large":["https:\/\/infotep.com.ar\/wp-content\/uploads\/2024\/09\/paro-en-el-garrahan-1068x561-1-1024x538.jpg",1020,536,true],"1536x1536":["https:\/\/infotep.com.ar\/wp-content\/uploads\/2024\/09\/paro-en-el-garrahan-1068x561-1.jpg",1068,561,false],"2048x2048":["https:\/\/infotep.com.ar\/wp-content\/uploads\/2024\/09\/paro-en-el-garrahan-1068x561-1.jpg",1068,561,false],"blossom-feminine-slider":["https:\/\/infotep.com.ar\/wp-content\/uploads\/2024\/09\/paro-en-el-garrahan-1068x561-1.jpg",1068,561,false],"blossom-feminine-featured":["https:\/\/infotep.com.ar\/wp-content\/uploads\/2024\/09\/paro-en-el-garrahan-1068x561-1.jpg",1068,561,false],"blossom-feminine-with-sidebar":["https:\/\/infotep.com.ar\/wp-content\/uploads\/2024\/09\/paro-en-el-garrahan-1068x561-1-1020x561.jpg",1020,561,true],"blossom-feminine-blog":["https:\/\/infotep.com.ar\/wp-content\/uploads\/2024\/09\/paro-en-el-garrahan-1068x561-1-435x435.jpg",435,435,true],"blossom-feminine-cat":["https:\/\/infotep.com.ar\/wp-content\/uploads\/2024\/09\/paro-en-el-garrahan-1068x561-1-450x300.jpg",450,300,true],"blossom-feminine-related":["https:\/\/infotep.com.ar\/wp-content\/uploads\/2024\/09\/paro-en-el-garrahan-1068x561-1-320x200.jpg",320,200,true],"blossom-feminine-schema":["https:\/\/infotep.com.ar\/wp-content\/uploads\/2024\/09\/paro-en-el-garrahan-1068x561-1-114x60.jpg",114,60,true],"blossom-mommy-blog-slider-big":["https:\/\/infotep.com.ar\/wp-content\/uploads\/2024\/09\/paro-en-el-garrahan-1068x561-1-920x561.jpg",920,561,true],"blossom-mommy-blog-slider":["https:\/\/infotep.com.ar\/wp-content\/uploads\/2024\/09\/paro-en-el-garrahan-1068x561-1-460x310.jpg",460,310,true],"blossom-mommy-blog-two":["https:\/\/infotep.com.ar\/wp-content\/uploads\/2024\/09\/paro-en-el-garrahan-1068x561-1-768x480.jpg",768,480,true]},"author_info":{"info":["Angela Tobar"]},"category_info":"<a href=\"https:\/\/infotep.com.ar\/index.php\/category\/destacadas\/\" rel=\"category tag\">Destacadas<\/a> <a href=\"https:\/\/infotep.com.ar\/index.php\/category\/gremios\/\" rel=\"category tag\">Gremios<\/a> <a href=\"https:\/\/infotep.com.ar\/index.php\/category\/provinciales\/\" rel=\"category tag\">Provinciales<\/a>","tag_info":"Provinciales","comment_count":"0","_links":{"self":[{"href":"https:\/\/infotep.com.ar\/index.php\/wp-json\/wp\/v2\/posts\/16206"}],"collection":[{"href":"https:\/\/infotep.com.ar\/index.php\/wp-json\/wp\/v2\/posts"}],"about":[{"href":"https:\/\/infotep.com.ar\/index.php\/wp-json\/wp\/v2\/types\/post"}],"author":[{"embeddable":true,"href":"https:\/\/infotep.com.ar\/index.php\/wp-json\/wp\/v2\/users\/5"}],"replies":[{"embeddable":true,"href":"https:\/\/infotep.com.ar\/index.php\/wp-json\/wp\/v2\/comments?post=16206"}],"version-history":[{"count":2,"href":"https:\/\/infotep.com.ar\/index.php\/wp-json\/wp\/v2\/posts\/16206\/revisions"}],"predecessor-version":[{"id":16209,"href":"https:\/\/infotep.com.ar\/index.php\/wp-json\/wp\/v2\/posts\/16206\/revisions\/16209"}],"wp:featuredmedia":[{"embeddable":true,"href":"https:\/\/infotep.com.ar\/index.php\/wp-json\/wp\/v2\/media\/16211"}],"wp:attachment":[{"href":"https:\/\/infotep.com.ar\/index.php\/wp-json\/wp\/v2\/media?parent=16206"}],"wp:term":[{"taxonomy":"category","embeddable":true,"href":"https:\/\/infotep.com.ar\/index.php\/wp-json\/wp\/v2\/categories?post=16206"},{"taxonomy":"post_tag","embeddable":true,"href":"https:\/\/infotep.com.ar\/index.php\/wp-json\/wp\/v2\/tags?post=16206"}],"curies":[{"name":"wp","href":"https:\/\/api.w.org\/{rel}","templated":true}]}}