{"id":16255,"date":"2024-09-19T14:45:26","date_gmt":"2024-09-19T17:45:26","guid":{"rendered":"https:\/\/infotep.com.ar\/?p=16255"},"modified":"2024-09-19T14:45:26","modified_gmt":"2024-09-19T17:45:26","slug":"meningitis-el-virus-que-en-la-primavera-aumenta-la-probabilidad-de-contagio","status":"publish","type":"post","link":"https:\/\/infotep.com.ar\/index.php\/2024\/09\/19\/meningitis-el-virus-que-en-la-primavera-aumenta-la-probabilidad-de-contagio\/","title":{"rendered":"Meningitis: el virus que en la primavera aumenta la probabilidad de contagio"},"content":{"rendered":"\n<p>En un contexto en el que algunos pa\u00edses del Cono Sur presentaron un aumento de casos, en especial del serogrupo B, los expertos destacan la importancia de promover la vacunaci\u00f3n.<br><br>El inicio de la primavera marca el momento de mayor circulaci\u00f3n de la meningitis, en especial de la bacteriana. Esta es una afecci\u00f3n grave, que se desarrolla r\u00e1pido y puede ocasionar la muerte o dejar secuelas irreversibles, una situaci\u00f3n que podr\u00eda evitarse por medio de la vacunaci\u00f3n.<\/p>\n\n\n\n<p>Los expertos destacan la importancia de promover la vacunaci\u00f3n , ya que en algunos pa\u00edses del Cono Sur presentaron un aumento de casos, en especial del serogrupo B.<\/p>\n\n\n\n<p>El director del Hospital Pereira Rossell de Uruguay mencion\u00f3: \u201cNo se puede concebir que un ni\u00f1o muere de meningitis cuando se puede prevenir. No hay otra enfermedad que plantee una situaci\u00f3n tan dram\u00e1tica. Adem\u00e1s, afecta mayormente a los sectores m\u00e1s carenciados\u201d.<\/p>\n\n\n\n<p>Como bien explica Fernando Burgos, miembro del Departamento Cient\u00edfico de la Fundaci\u00f3n Vacunar, afirm\u00f3 que \u201cla vacunaci\u00f3n en general evita entre dos y tres millones de muertes cada a\u00f1o y a\u00fan as\u00ed hay 15 millones de chicos sin vacunar en la regi\u00f3n\u201d.<\/p>\n\n\n\n<p>Adem\u00e1s, explicaron que el mayor problema que presenta la enfermedad es que sus primeros s\u00edntomas muchas veces no son tratados debidamente porque son comunes a otras afecciones, por lo que la intervenci\u00f3n m\u00e9dica se produce en forma tard\u00eda.<\/p>\n\n\n\n<p><strong>Manifestaciones m\u00e1s frecuentes de los s\u00edntomas:<br><\/strong>Fiebre<br>Irritabilidad<br>Cuello r\u00edgido<br>Diarrea<br>Somnolencia<br>Rechazo a la luz<br><strong>Dolor de cabeza y n\u00e1useas o v\u00f3mitos.<br><\/strong>En el caso de la meningitis bacteriana, una vez que las bacterias ingresan al cuerpo, pueden multiplicarse y propagarse r\u00e1pidamente a trav\u00e9s del torrente sangu\u00edneo, lo que, en algunos casos, puede llevar a una inflamaci\u00f3n grave de las meninges, que son las membranas que recubren el cerebro y la m\u00e9dula espinal.<\/p>\n\n\n\n<p>Rodolfo Villena, jefe del Departamento de Infectolog\u00eda del Hospital de Ni\u00f1os Dr. Exequiel Gonz\u00e1lez Cort\u00e9s de Chile, agrega: \u201ccuando se usa la vacuna conjugada en los adolescentes, baja la transmisi\u00f3n. El impacto de la vacunaci\u00f3n es mucho m\u00e1s alto si se los incluye\u201d.<\/p>\n\n\n\n<p>Sin embargo, lo que m\u00e1s preocupa a los expertos es el aumento de la mortalidad en ciertos pa\u00edses, ya que en Uruguay en 2023 hubo un total de 29 casos y dos fallecidos, dando un \u00edndice de letalidad del 8,3 por ciento. En cambio, para la semana 20 de 2024, los enfermos fueron 13, pero cinco de ellos murieron, lo que implic\u00f3 una letalidad del 38,4 por ciento.<\/p>\n\n\n\n<p>Por \u00faltimo, la Comisi\u00f3n Nacional Asesora de Inmunizaciones (CNAV) se comprometi\u00f3 a analizar durante septiembre de este a\u00f1o la necesidad de introducirlas en el calendario debido al aumento de casos que viene experimentando ese pa\u00eds, en especial del tipo B en menores de cinco a\u00f1os.<\/p>\n","protected":false},"excerpt":{"rendered":"<p>En un contexto en el que algunos pa&iacute;ses del Cono Sur presentaron un aumento de casos, en especial del serogrupo B, los expertos destacan la importancia de promover la vacunaci&oacute;n. El inicio de la primavera marca el momento de mayor circulaci&oacute;n de la meningitis, en especial de la bacteriana. Esta es una afecci&oacute;n grave, que &hellip; <\/p>\n","protected":false},"author":5,"featured_media":16256,"comment_status":"closed","ping_status":"closed","sticky":false,"template":"","format":"standard","meta":{"om_disable_all_campaigns":false,"_joinchat":[]},"categories":[3],"tags":[46,43],"featured_image_urls":{"full":["https:\/\/infotep.com.ar\/wp-content\/uploads\/2024\/09\/720-3-1.webp",1280,699,false],"thumbnail":["https:\/\/infotep.com.ar\/wp-content\/uploads\/2024\/09\/720-3-1-150x150.webp",150,150,true],"medium":["https:\/\/infotep.com.ar\/wp-content\/uploads\/2024\/09\/720-3-1-300x164.webp",300,164,true],"medium_large":["https:\/\/infotep.com.ar\/wp-content\/uploads\/2024\/09\/720-3-1-768x419.webp",768,419,true],"large":["https:\/\/infotep.com.ar\/wp-content\/uploads\/2024\/09\/720-3-1-1024x559.webp",1020,557,true],"1536x1536":["https:\/\/infotep.com.ar\/wp-content\/uploads\/2024\/09\/720-3-1.webp",1280,699,false],"2048x2048":["https:\/\/infotep.com.ar\/wp-content\/uploads\/2024\/09\/720-3-1.webp",1280,699,false],"blossom-feminine-slider":["https:\/\/infotep.com.ar\/wp-content\/uploads\/2024\/09\/720-3-1-1280x649.webp",1280,649,true],"blossom-feminine-featured":["https:\/\/infotep.com.ar\/wp-content\/uploads\/2024\/09\/720-3-1-1280x600.webp",1280,600,true],"blossom-feminine-with-sidebar":["https:\/\/infotep.com.ar\/wp-content\/uploads\/2024\/09\/720-3-1-1020x600.webp",1020,600,true],"blossom-feminine-blog":["https:\/\/infotep.com.ar\/wp-content\/uploads\/2024\/09\/720-3-1-435x435.webp",435,435,true],"blossom-feminine-cat":["https:\/\/infotep.com.ar\/wp-content\/uploads\/2024\/09\/720-3-1-450x300.webp",450,300,true],"blossom-feminine-related":["https:\/\/infotep.com.ar\/wp-content\/uploads\/2024\/09\/720-3-1-320x200.webp",320,200,true],"blossom-feminine-schema":["https:\/\/infotep.com.ar\/wp-content\/uploads\/2024\/09\/720-3-1-110x60.webp",110,60,true],"blossom-mommy-blog-slider-big":["https:\/\/infotep.com.ar\/wp-content\/uploads\/2024\/09\/720-3-1-920x650.webp",920,650,true],"blossom-mommy-blog-slider":["https:\/\/infotep.com.ar\/wp-content\/uploads\/2024\/09\/720-3-1-460x310.webp",460,310,true],"blossom-mommy-blog-two":["https:\/\/infotep.com.ar\/wp-content\/uploads\/2024\/09\/720-3-1-768x480.webp",768,480,true]},"author_info":{"info":["Angela Tobar"]},"category_info":"<a href=\"https:\/\/infotep.com.ar\/index.php\/category\/nacionales\/\" rel=\"category tag\">Nacionales<\/a>","tag_info":"Nacionales","comment_count":"0","_links":{"self":[{"href":"https:\/\/infotep.com.ar\/index.php\/wp-json\/wp\/v2\/posts\/16255"}],"collection":[{"href":"https:\/\/infotep.com.ar\/index.php\/wp-json\/wp\/v2\/posts"}],"about":[{"href":"https:\/\/infotep.com.ar\/index.php\/wp-json\/wp\/v2\/types\/post"}],"author":[{"embeddable":true,"href":"https:\/\/infotep.com.ar\/index.php\/wp-json\/wp\/v2\/users\/5"}],"replies":[{"embeddable":true,"href":"https:\/\/infotep.com.ar\/index.php\/wp-json\/wp\/v2\/comments?post=16255"}],"version-history":[{"count":1,"href":"https:\/\/infotep.com.ar\/index.php\/wp-json\/wp\/v2\/posts\/16255\/revisions"}],"predecessor-version":[{"id":16257,"href":"https:\/\/infotep.com.ar\/index.php\/wp-json\/wp\/v2\/posts\/16255\/revisions\/16257"}],"wp:featuredmedia":[{"embeddable":true,"href":"https:\/\/infotep.com.ar\/index.php\/wp-json\/wp\/v2\/media\/16256"}],"wp:attachment":[{"href":"https:\/\/infotep.com.ar\/index.php\/wp-json\/wp\/v2\/media?parent=16255"}],"wp:term":[{"taxonomy":"category","embeddable":true,"href":"https:\/\/infotep.com.ar\/index.php\/wp-json\/wp\/v2\/categories?post=16255"},{"taxonomy":"post_tag","embeddable":true,"href":"https:\/\/infotep.com.ar\/index.php\/wp-json\/wp\/v2\/tags?post=16255"}],"curies":[{"name":"wp","href":"https:\/\/api.w.org\/{rel}","templated":true}]}}