{"id":16334,"date":"2024-09-23T13:23:22","date_gmt":"2024-09-23T16:23:22","guid":{"rendered":"https:\/\/infotep.com.ar\/?p=16334"},"modified":"2024-09-23T13:23:47","modified_gmt":"2024-09-23T16:23:47","slug":"diputados-comienza-a-debatir-el-miercoles-la-privatizacion-de-aerolineas-en-medio-del-conflicto-con-los-gremios","status":"publish","type":"post","link":"https:\/\/infotep.com.ar\/index.php\/2024\/09\/23\/diputados-comienza-a-debatir-el-miercoles-la-privatizacion-de-aerolineas-en-medio-del-conflicto-con-los-gremios\/","title":{"rendered":"Diputados comienza a debatir el mi\u00e9rcoles la privatizaci\u00f3n de Aerol\u00edneas en medio del conflicto con los gremios"},"content":{"rendered":"\n<p>El oficialismo cit\u00f3 para este mi\u00e9rcoles a las 11 a un plenario de las comisiones de Transporte y de Presupuesto y Hacienda de la C\u00e1mara baja.<br><br><strong>La C\u00e1mara de Diputados comenzar\u00e1 a discutir este mi\u00e9rcoles en un plenario de comisiones la privatizaci\u00f3n de Aerol\u00edneas Argentinas, en medio del conflicto que mantienen las autoridades con los gremios del sector.<\/strong><\/p>\n\n\n\n<p>El oficialismo decidi\u00f3 un fuerte impulso al tratamiento del proyecto -dise\u00f1ado por el macrista Hern\u00e1n Lombardi- que autoriza a vender Aerol\u00edneas, tras agravarse el enfrentamiento entre las autoridades y los gremios, que viene provocando en las \u00faltimas semanas paros y demoras en el servicio que brinda la l\u00ednea \u00e1rea estatal.<\/p>\n\n\n\n<p>El oficialismo formaliz\u00f3 la citaci\u00f3n para este mi\u00e9rcoles a las 11 a un plenario de las comisiones de Transporte y de Presupuesto y Hacienda, que presiden la radical Pamela Verasay y el libertario Jos\u00e9 Luis Espert.<\/p>\n\n\n\n<p>Para la ocasi\u00f3n fueron citados a exponer el vicejefe de Gabinete, Jos\u00e9 Rolandi, el presidente de Aerol\u00edneas Argentinas, Fabi\u00e1n Lombardo, y el secretario de Transporte, Franco Mogetta.<\/p>\n","protected":false},"excerpt":{"rendered":"<p>El oficialismo cit&oacute; para este mi&eacute;rcoles a las 11 a un plenario de las comisiones de Transporte y de Presupuesto y Hacienda de la C&aacute;mara baja. La C&aacute;mara de Diputados comenzar&aacute; a discutir este mi&eacute;rcoles en un plenario de comisiones la privatizaci&oacute;n de Aerol&iacute;neas Argentinas, en medio del conflicto que mantienen las autoridades con los &hellip; <\/p>\n","protected":false},"author":5,"featured_media":14553,"comment_status":"closed","ping_status":"closed","sticky":false,"template":"","format":"standard","meta":{"om_disable_all_campaigns":false,"_joinchat":[]},"categories":[3],"tags":[46,43],"featured_image_urls":{"full":["https:\/\/infotep.com.ar\/wp-content\/uploads\/2024\/07\/aerolineas.png",1536,864,false],"thumbnail":["https:\/\/infotep.com.ar\/wp-content\/uploads\/2024\/07\/aerolineas-150x150.png",150,150,true],"medium":["https:\/\/infotep.com.ar\/wp-content\/uploads\/2024\/07\/aerolineas-300x169.png",300,169,true],"medium_large":["https:\/\/infotep.com.ar\/wp-content\/uploads\/2024\/07\/aerolineas-768x432.png",768,432,true],"large":["https:\/\/infotep.com.ar\/wp-content\/uploads\/2024\/07\/aerolineas-1024x576.png",1020,574,true],"1536x1536":["https:\/\/infotep.com.ar\/wp-content\/uploads\/2024\/07\/aerolineas.png",1536,864,false],"2048x2048":["https:\/\/infotep.com.ar\/wp-content\/uploads\/2024\/07\/aerolineas.png",1536,864,false],"blossom-feminine-slider":["https:\/\/infotep.com.ar\/wp-content\/uploads\/2024\/07\/aerolineas-1536x649.png",1536,649,true],"blossom-feminine-featured":["https:\/\/infotep.com.ar\/wp-content\/uploads\/2024\/07\/aerolineas-1410x600.png",1410,600,true],"blossom-feminine-with-sidebar":["https:\/\/infotep.com.ar\/wp-content\/uploads\/2024\/07\/aerolineas-1020x600.png",1020,600,true],"blossom-feminine-blog":["https:\/\/infotep.com.ar\/wp-content\/uploads\/2024\/07\/aerolineas-435x435.png",435,435,true],"blossom-feminine-cat":["https:\/\/infotep.com.ar\/wp-content\/uploads\/2024\/07\/aerolineas-450x300.png",450,300,true],"blossom-feminine-related":["https:\/\/infotep.com.ar\/wp-content\/uploads\/2024\/07\/aerolineas-320x200.png",320,200,true],"blossom-feminine-schema":["https:\/\/infotep.com.ar\/wp-content\/uploads\/2024\/07\/aerolineas-107x60.png",107,60,true],"blossom-mommy-blog-slider-big":["https:\/\/infotep.com.ar\/wp-content\/uploads\/2024\/07\/aerolineas-920x650.png",920,650,true],"blossom-mommy-blog-slider":["https:\/\/infotep.com.ar\/wp-content\/uploads\/2024\/07\/aerolineas-460x310.png",460,310,true],"blossom-mommy-blog-two":["https:\/\/infotep.com.ar\/wp-content\/uploads\/2024\/07\/aerolineas-768x480.png",768,480,true]},"author_info":{"info":["Angela Tobar"]},"category_info":"<a href=\"https:\/\/infotep.com.ar\/index.php\/category\/nacionales\/\" rel=\"category tag\">Nacionales<\/a>","tag_info":"Nacionales","comment_count":"0","_links":{"self":[{"href":"https:\/\/infotep.com.ar\/index.php\/wp-json\/wp\/v2\/posts\/16334"}],"collection":[{"href":"https:\/\/infotep.com.ar\/index.php\/wp-json\/wp\/v2\/posts"}],"about":[{"href":"https:\/\/infotep.com.ar\/index.php\/wp-json\/wp\/v2\/types\/post"}],"author":[{"embeddable":true,"href":"https:\/\/infotep.com.ar\/index.php\/wp-json\/wp\/v2\/users\/5"}],"replies":[{"embeddable":true,"href":"https:\/\/infotep.com.ar\/index.php\/wp-json\/wp\/v2\/comments?post=16334"}],"version-history":[{"count":2,"href":"https:\/\/infotep.com.ar\/index.php\/wp-json\/wp\/v2\/posts\/16334\/revisions"}],"predecessor-version":[{"id":16336,"href":"https:\/\/infotep.com.ar\/index.php\/wp-json\/wp\/v2\/posts\/16334\/revisions\/16336"}],"wp:featuredmedia":[{"embeddable":true,"href":"https:\/\/infotep.com.ar\/index.php\/wp-json\/wp\/v2\/media\/14553"}],"wp:attachment":[{"href":"https:\/\/infotep.com.ar\/index.php\/wp-json\/wp\/v2\/media?parent=16334"}],"wp:term":[{"taxonomy":"category","embeddable":true,"href":"https:\/\/infotep.com.ar\/index.php\/wp-json\/wp\/v2\/categories?post=16334"},{"taxonomy":"post_tag","embeddable":true,"href":"https:\/\/infotep.com.ar\/index.php\/wp-json\/wp\/v2\/tags?post=16334"}],"curies":[{"name":"wp","href":"https:\/\/api.w.org\/{rel}","templated":true}]}}