{"id":16431,"date":"2024-09-25T14:45:34","date_gmt":"2024-09-25T17:45:34","guid":{"rendered":"https:\/\/infotep.com.ar\/?p=16431"},"modified":"2024-09-25T16:07:06","modified_gmt":"2024-09-25T19:07:06","slug":"estudiante-de-la-universidad-de-la-matanza-fue-detenido-por-amenazar-con-ir-armado-y-pegar-un-tiro-al-primero-que-hable","status":"publish","type":"post","link":"https:\/\/infotep.com.ar\/index.php\/2024\/09\/25\/estudiante-de-la-universidad-de-la-matanza-fue-detenido-por-amenazar-con-ir-armado-y-pegar-un-tiro-al-primero-que-hable\/","title":{"rendered":"Estudiante de la Universidad de La Matanza fue detenido por amenazar con ir armado y &#8220;pegar un tiro&#8221; al primero que hable"},"content":{"rendered":"\n<p>El joven, aspirante a la carrera de Medicina, hab\u00eda advertido a trav\u00e9s de sus redes sociales que planeaba ir armado al establecimiento, ubicado en la localidad de San Justo.<br><br>Un estudiante fue detenido tras haber advertido en sus redes sociales que planeaba ir armado a la Universidad Nacional de La Matanza, donde el joven estudia Medicina.<\/p>\n\n\n\n<p><strong>Debido al hecho el establecimiento public\u00f3 un comunicado en el que mencion\u00f3: \u201cAnte las m\u00faltiples versiones divulgadas, la Universidad Nacional de La Matanza (UNLaM) desmiente que un aspirante del curso de ingreso fue con un arma y amenaz\u00f3 a sus compa\u00f1eros en el aula\u201d.<\/strong><\/p>\n\n\n<div class=\"wp-block-image\">\n<figure class=\"alignleft size-large\"><img decoding=\"async\" loading=\"lazy\" width=\"461\" height=\"1024\" src=\"https:\/\/infotep.com.ar\/wp-content\/uploads\/2024\/09\/what-unlam-461x1024.png\" alt=\"\" class=\"wp-image-16432\" srcset=\"https:\/\/infotep.com.ar\/wp-content\/uploads\/2024\/09\/what-unlam-461x1024.png 461w, https:\/\/infotep.com.ar\/wp-content\/uploads\/2024\/09\/what-unlam-135x300.png 135w, https:\/\/infotep.com.ar\/wp-content\/uploads\/2024\/09\/what-unlam-691x1536.png 691w, https:\/\/infotep.com.ar\/wp-content\/uploads\/2024\/09\/what-unlam-27x60.png 27w, https:\/\/infotep.com.ar\/wp-content\/uploads\/2024\/09\/what-unlam.png 720w\" sizes=\"(max-width: 461px) 100vw, 461px\" \/><\/figure><\/div>\n\n\n<p class=\"has-light-green-cyan-background-color has-background\">Adem\u00e1s, agreg\u00f3 \u201cEl mensaje que se muestra en la captura de pantalla que est\u00e1 circulando existi\u00f3, pero no hubo arma ni detenido alguno. La amenaza exhibida se dio en un grupo de WhatsApp de ingresantes, que no pertenece a las redes oficiales de comunicaci\u00f3n de la UNLaM\u201d.<\/p>\n\n\n\n<p>Por ende explicaron que \u201cEl enlace a grupos de WhatsApp suele publicarse en comentarios de redes sociales, raz\u00f3n por la cual cualquier persona puede sumarse, pertenezca o no a la comunidad universitaria\u201d.<\/p>\n\n\n\n<p>En la misma l\u00ednea, la Universidad constat\u00f3 que no se tiene la certeza de que el n\u00famero de tel\u00e9fono del joven se\u00f1alado en las fotos viralizadas se corresponda con el de la captura del chat en cuesti\u00f3n.<\/p>\n\n\n\n<p>La Universidad, a trav\u00e9s de su Secretar\u00eda General, recibi\u00f3 y contuvo a docentes y aspirantes del curso. En esa l\u00ednea, se procedi\u00f3, de forma conjunta con el personal de seguridad, a identificar a la persona que envi\u00f3 la mencionada amenaza por WhatsApp y realizar la denuncia correspondiente ante la Polic\u00eda Federal.<\/p>\n\n\n\n<p><strong>Por \u00faltimo, se inst\u00f3 a que estudiantes y docentes realicen la denuncia y se alert\u00f3 al personal de seguridad ante cualquier amenaza.<\/strong><\/p>\n\n\n\n<p><strong>&#8220;Ma\u00f1ana (por hoy) viene uno de mis amigos al aula, c\u00f3mprenle muchos chicles pedazos de gatos. Van a caer uno por uno manga de giles&#8221;, poste\u00f3 el muchacho en la red social X.<\/strong><\/p>\n\n\n\n<p>En otro mensaje insisti\u00f3 en su postura al se\u00f1alar que &#8220;voy a llevar una pistola al aula y al primero que se ponga a hablar le pego un tiro y lo mat\u00f3. Manga de negros p\u2026 de m\u2026&#8221;.<\/p>\n\n\n\n<p><strong>Adem\u00e1s, el hombre tambi\u00e9n hab\u00eda protagonizado incidentes de otra \u00edndole ya que seg\u00fan trascendi\u00f3 acosaba a algunas de sus compa\u00f1eras de curso.<\/strong><\/p>\n","protected":false},"excerpt":{"rendered":"<p>El joven, aspirante a la carrera de Medicina, hab&iacute;a advertido a trav&eacute;s de sus redes sociales que planeaba ir armado al establecimiento, ubicado en la localidad de San Justo. Un estudiante fue detenido tras haber advertido en sus redes sociales que planeaba ir armado a la Universidad Nacional de La Matanza, donde el joven estudia &hellip; <\/p>\n","protected":false},"author":5,"featured_media":16433,"comment_status":"closed","ping_status":"closed","sticky":false,"template":"","format":"standard","meta":{"om_disable_all_campaigns":false,"_joinchat":[]},"categories":[31,26,6],"tags":[46,43,66],"featured_image_urls":{"full":["https:\/\/infotep.com.ar\/wp-content\/uploads\/2024\/09\/unlam.jpg",1280,960,false],"thumbnail":["https:\/\/infotep.com.ar\/wp-content\/uploads\/2024\/09\/unlam-150x150.jpg",150,150,true],"medium":["https:\/\/infotep.com.ar\/wp-content\/uploads\/2024\/09\/unlam-300x225.jpg",300,225,true],"medium_large":["https:\/\/infotep.com.ar\/wp-content\/uploads\/2024\/09\/unlam-768x576.jpg",768,576,true],"large":["https:\/\/infotep.com.ar\/wp-content\/uploads\/2024\/09\/unlam-1024x768.jpg",1020,765,true],"1536x1536":["https:\/\/infotep.com.ar\/wp-content\/uploads\/2024\/09\/unlam.jpg",1280,960,false],"2048x2048":["https:\/\/infotep.com.ar\/wp-content\/uploads\/2024\/09\/unlam.jpg",1280,960,false],"blossom-feminine-slider":["https:\/\/infotep.com.ar\/wp-content\/uploads\/2024\/09\/unlam-1280x649.jpg",1280,649,true],"blossom-feminine-featured":["https:\/\/infotep.com.ar\/wp-content\/uploads\/2024\/09\/unlam-1280x600.jpg",1280,600,true],"blossom-feminine-with-sidebar":["https:\/\/infotep.com.ar\/wp-content\/uploads\/2024\/09\/unlam-1020x600.jpg",1020,600,true],"blossom-feminine-blog":["https:\/\/infotep.com.ar\/wp-content\/uploads\/2024\/09\/unlam-435x435.jpg",435,435,true],"blossom-feminine-cat":["https:\/\/infotep.com.ar\/wp-content\/uploads\/2024\/09\/unlam-450x300.jpg",450,300,true],"blossom-feminine-related":["https:\/\/infotep.com.ar\/wp-content\/uploads\/2024\/09\/unlam-320x200.jpg",320,200,true],"blossom-feminine-schema":["https:\/\/infotep.com.ar\/wp-content\/uploads\/2024\/09\/unlam-80x60.jpg",80,60,true],"blossom-mommy-blog-slider-big":["https:\/\/infotep.com.ar\/wp-content\/uploads\/2024\/09\/unlam-920x650.jpg",920,650,true],"blossom-mommy-blog-slider":["https:\/\/infotep.com.ar\/wp-content\/uploads\/2024\/09\/unlam-460x310.jpg",460,310,true],"blossom-mommy-blog-two":["https:\/\/infotep.com.ar\/wp-content\/uploads\/2024\/09\/unlam-768x480.jpg",768,480,true]},"author_info":{"info":["Angela Tobar"]},"category_info":"<a href=\"https:\/\/infotep.com.ar\/index.php\/category\/destacadas\/\" rel=\"category tag\">Destacadas<\/a> <a href=\"https:\/\/infotep.com.ar\/index.php\/category\/municipales\/la-matanza\/\" rel=\"category tag\">La Matanza<\/a> <a href=\"https:\/\/infotep.com.ar\/index.php\/category\/universitarias\/\" rel=\"category tag\">Universitarias<\/a>","tag_info":"Universitarias","comment_count":"0","_links":{"self":[{"href":"https:\/\/infotep.com.ar\/index.php\/wp-json\/wp\/v2\/posts\/16431"}],"collection":[{"href":"https:\/\/infotep.com.ar\/index.php\/wp-json\/wp\/v2\/posts"}],"about":[{"href":"https:\/\/infotep.com.ar\/index.php\/wp-json\/wp\/v2\/types\/post"}],"author":[{"embeddable":true,"href":"https:\/\/infotep.com.ar\/index.php\/wp-json\/wp\/v2\/users\/5"}],"replies":[{"embeddable":true,"href":"https:\/\/infotep.com.ar\/index.php\/wp-json\/wp\/v2\/comments?post=16431"}],"version-history":[{"count":2,"href":"https:\/\/infotep.com.ar\/index.php\/wp-json\/wp\/v2\/posts\/16431\/revisions"}],"predecessor-version":[{"id":16454,"href":"https:\/\/infotep.com.ar\/index.php\/wp-json\/wp\/v2\/posts\/16431\/revisions\/16454"}],"wp:featuredmedia":[{"embeddable":true,"href":"https:\/\/infotep.com.ar\/index.php\/wp-json\/wp\/v2\/media\/16433"}],"wp:attachment":[{"href":"https:\/\/infotep.com.ar\/index.php\/wp-json\/wp\/v2\/media?parent=16431"}],"wp:term":[{"taxonomy":"category","embeddable":true,"href":"https:\/\/infotep.com.ar\/index.php\/wp-json\/wp\/v2\/categories?post=16431"},{"taxonomy":"post_tag","embeddable":true,"href":"https:\/\/infotep.com.ar\/index.php\/wp-json\/wp\/v2\/tags?post=16431"}],"curies":[{"name":"wp","href":"https:\/\/api.w.org\/{rel}","templated":true}]}}