{"id":16457,"date":"2024-09-26T00:54:02","date_gmt":"2024-09-26T03:54:02","guid":{"rendered":"https:\/\/infotep.com.ar\/?p=16457"},"modified":"2024-09-26T14:24:23","modified_gmt":"2024-09-26T17:24:23","slug":"discurso-de-odio-milei-difundio-una-fake-news-en-la-que-se-responsabiliza-al-kirchnerismo-por-los-incendios-cordoba","status":"publish","type":"post","link":"https:\/\/infotep.com.ar\/index.php\/2024\/09\/26\/discurso-de-odio-milei-difundio-una-fake-news-en-la-que-se-responsabiliza-al-kirchnerismo-por-los-incendios-cordoba\/","title":{"rendered":"Discurso de odio: Milei difundi\u00f3 una fake news en la que se responsabiliza al kirchnerismo por los incendios C\u00f3rdoba"},"content":{"rendered":"\n<p>El Presidente utiliz\u00f3 su cuenta de X para compartir informaci\u00f3n que desmintieron desde la Gobernaci\u00f3n y la justicia local. La noticia falsa aseguraba que 17 militantes kirchneristas hab\u00edan sido detenidos, pero los cuatro apresados no tienen afiliaci\u00f3n pol\u00edtica ni relaci\u00f3n entre ellos.<\/p>\n\n\n\n<p>A trav\u00e9s del posteo del usuario Chad (@NoMePisesAr), replicado en su propio perfil, el jefe de Estado asegur\u00f3 que se detuvieron a 17 militantes kirchneristas investigados por iniciar los incendios en la provincia que originaron el fuego que se incrementa en varias localidades.<\/p>\n\n\n\n<p><strong>Seg\u00fan se constat\u00f3  la informaci\u00f3n expresada en el mensaje \u201cno es la que manejan ni en la gobernaci\u00f3n ni en la justicia de C\u00f3rdoba\u201d.<\/strong><\/p>\n\n\n\n<p class=\"has-light-green-cyan-background-color has-background\">\u201cNo fuimos avisados por absolutamente nadie. Ning\u00fan medio local dio esa informaci\u00f3n y el \u00fanico apresado es un hombre en Capilla del Monte y no tiene ninguna afiliaci\u00f3n pol\u00edtica\u201d, aclaran al respecto.<\/p>\n\n\n\n<p class=\"has-light-green-cyan-background-color has-background\"><strong>En la misma l\u00ednea, y debido al prontuario del mandatario en el uso de sus redes, remarcan: \u201cEl Presidente habr\u00e1 reposteado eso, de alguien que no cheque\u00f3 ninguna fuente\u201d.<\/strong><\/p>\n\n\n\n<p>Al respecto, el ministro de Seguridad de C\u00f3rdoba, Juan Pablo Quinteros, revel\u00f3 que \u201cnada hace pensar que haya una conexi\u00f3n entre los distintos detenidos\u201d, y revel\u00f3 que \u201cno se saben los motivos del incendio intencional\u201d.<\/p>\n\n\n\n<p>\u201cTodo ser\u00e1 materia de investigaci\u00f3n, pero no hay 17 detenidos ni una relaci\u00f3n entre los mismos\u201d, aclar\u00f3 el funcionario al tiempo que revel\u00f3 que son s\u00f3lo cuatro los apresados actualmente.<\/p>\n\n\n\n<p class=\"has-light-green-cyan-background-color has-background\"><strong>En declaraciones radiales, subray\u00f3: \u201cEstar explicando estas cuestiones y cuando se politizan los incendios nos hacen perder el tiempo y nos desenfocan de nuestro objetivo que es mitigar y extinguir los focos\u201d.<\/strong><\/p>\n\n\n\n<p>Incluso, el fiscal general Juan Manuel Delgado sali\u00f3 a desmentir las acusaciones replicadas por el libertario.<\/p>\n\n\n\n<p>El pasado mi\u00e9rcoles, Milei viaj\u00f3 a C\u00f3rdoba para monitorear las consecuencias de los incendios forestales junto el gobernador y sobrevol\u00f3 las zonas afectadas.<\/p>\n","protected":false},"excerpt":{"rendered":"<p>El Presidente utiliz&oacute; su cuenta de X para compartir informaci&oacute;n que desmintieron desde la Gobernaci&oacute;n y la justicia local. La noticia falsa aseguraba que 17 militantes kirchneristas hab&iacute;an sido detenidos, pero los cuatro apresados no tienen afiliaci&oacute;n pol&iacute;tica ni relaci&oacute;n entre ellos. A trav&eacute;s del posteo del usuario Chad (@NoMePisesAr), replicado en su propio perfil, &hellip; <\/p>\n","protected":false},"author":5,"featured_media":16458,"comment_status":"closed","ping_status":"closed","sticky":false,"template":"","format":"standard","meta":{"om_disable_all_campaigns":false,"_joinchat":[]},"categories":[4],"tags":[46,43],"featured_image_urls":{"full":["https:\/\/infotep.com.ar\/wp-content\/uploads\/2024\/09\/720-8.webp",324,720,false],"thumbnail":["https:\/\/infotep.com.ar\/wp-content\/uploads\/2024\/09\/720-8-150x150.webp",150,150,true],"medium":["https:\/\/infotep.com.ar\/wp-content\/uploads\/2024\/09\/720-8-135x300.webp",135,300,true],"medium_large":["https:\/\/infotep.com.ar\/wp-content\/uploads\/2024\/09\/720-8.webp",324,720,false],"large":["https:\/\/infotep.com.ar\/wp-content\/uploads\/2024\/09\/720-8.webp",324,720,false],"1536x1536":["https:\/\/infotep.com.ar\/wp-content\/uploads\/2024\/09\/720-8.webp",324,720,false],"2048x2048":["https:\/\/infotep.com.ar\/wp-content\/uploads\/2024\/09\/720-8.webp",324,720,false],"blossom-feminine-slider":["https:\/\/infotep.com.ar\/wp-content\/uploads\/2024\/09\/720-8-324x649.webp",324,649,true],"blossom-feminine-featured":["https:\/\/infotep.com.ar\/wp-content\/uploads\/2024\/09\/720-8-324x600.webp",324,600,true],"blossom-feminine-with-sidebar":["https:\/\/infotep.com.ar\/wp-content\/uploads\/2024\/09\/720-8-324x600.webp",324,600,true],"blossom-feminine-blog":["https:\/\/infotep.com.ar\/wp-content\/uploads\/2024\/09\/720-8-324x435.webp",324,435,true],"blossom-feminine-cat":["https:\/\/infotep.com.ar\/wp-content\/uploads\/2024\/09\/720-8-324x300.webp",324,300,true],"blossom-feminine-related":["https:\/\/infotep.com.ar\/wp-content\/uploads\/2024\/09\/720-8-320x200.webp",320,200,true],"blossom-feminine-schema":["https:\/\/infotep.com.ar\/wp-content\/uploads\/2024\/09\/720-8-27x60.webp",27,60,true],"blossom-mommy-blog-slider-big":["https:\/\/infotep.com.ar\/wp-content\/uploads\/2024\/09\/720-8-324x650.webp",324,650,true],"blossom-mommy-blog-slider":["https:\/\/infotep.com.ar\/wp-content\/uploads\/2024\/09\/720-8-324x310.webp",324,310,true],"blossom-mommy-blog-two":["https:\/\/infotep.com.ar\/wp-content\/uploads\/2024\/09\/720-8-324x480.webp",324,480,true]},"author_info":{"info":["Angela Tobar"]},"category_info":"<a href=\"https:\/\/infotep.com.ar\/index.php\/category\/provinciales\/\" rel=\"category tag\">Provinciales<\/a>","tag_info":"Provinciales","comment_count":"0","_links":{"self":[{"href":"https:\/\/infotep.com.ar\/index.php\/wp-json\/wp\/v2\/posts\/16457"}],"collection":[{"href":"https:\/\/infotep.com.ar\/index.php\/wp-json\/wp\/v2\/posts"}],"about":[{"href":"https:\/\/infotep.com.ar\/index.php\/wp-json\/wp\/v2\/types\/post"}],"author":[{"embeddable":true,"href":"https:\/\/infotep.com.ar\/index.php\/wp-json\/wp\/v2\/users\/5"}],"replies":[{"embeddable":true,"href":"https:\/\/infotep.com.ar\/index.php\/wp-json\/wp\/v2\/comments?post=16457"}],"version-history":[{"count":1,"href":"https:\/\/infotep.com.ar\/index.php\/wp-json\/wp\/v2\/posts\/16457\/revisions"}],"predecessor-version":[{"id":16459,"href":"https:\/\/infotep.com.ar\/index.php\/wp-json\/wp\/v2\/posts\/16457\/revisions\/16459"}],"wp:featuredmedia":[{"embeddable":true,"href":"https:\/\/infotep.com.ar\/index.php\/wp-json\/wp\/v2\/media\/16458"}],"wp:attachment":[{"href":"https:\/\/infotep.com.ar\/index.php\/wp-json\/wp\/v2\/media?parent=16457"}],"wp:term":[{"taxonomy":"category","embeddable":true,"href":"https:\/\/infotep.com.ar\/index.php\/wp-json\/wp\/v2\/categories?post=16457"},{"taxonomy":"post_tag","embeddable":true,"href":"https:\/\/infotep.com.ar\/index.php\/wp-json\/wp\/v2\/tags?post=16457"}],"curies":[{"name":"wp","href":"https:\/\/api.w.org\/{rel}","templated":true}]}}