{"id":16584,"date":"2024-09-30T09:56:38","date_gmt":"2024-09-30T12:56:38","guid":{"rendered":"https:\/\/infotep.com.ar\/?p=16584"},"modified":"2024-10-01T18:05:01","modified_gmt":"2024-10-01T21:05:01","slug":"veinte-excombatientes-de-la-matanza-viajaran-a-las-islas-malvinas","status":"publish","type":"post","link":"https:\/\/infotep.com.ar\/index.php\/2024\/09\/30\/veinte-excombatientes-de-la-matanza-viajaran-a-las-islas-malvinas\/","title":{"rendered":"Veinte excombatientes de La Matanza viajar\u00e1n a las Islas Malvinas"},"content":{"rendered":"\n<p>Tal como lo anunci\u00f3 el intendente de La Matanza, Fernando Espinoza, el pasado 2 de abril, veinte excombatientes del distrito y un familiar de los ca\u00eddos viajar\u00e1n a las Islas Malvinas el pr\u00f3ximo mes, con el apoyo del Gobierno local.<\/p>\n\n\n\n<p><strong>Esto es posible gracias a un acuerdo firmado entre el Municipio, a trav\u00e9s de la Subsecretar\u00eda de Veteranos de Guerra de La Matanza, y el Centro de Veteranos de Guerra, para realizar el segundo viaje de regreso a las Islas Malvinas de veinte combatientes y un familiar directo de h\u00e9roes ca\u00eddos.<\/strong><\/p>\n\n\n\n<p class=\"has-light-green-cyan-background-color has-background\">El viaje se llevar\u00e1 a cabo del 11 al 20 de octubre, y el Municipio cubrir\u00e1 los traslados a\u00e9reos, alojamiento y comida. La iniciativa representa un gesto significativo para todos los veteranos y los familiares de los ca\u00eddos en las islas.<\/p>\n\n\n\n<p>\u201cMi decisi\u00f3n pol\u00edtica es que a Malvinas vayan cada vez m\u00e1s h\u00e9roes y m\u00e1s familiares. Mientras otros quieren entregar las Malvinas, nosotros vamos a defenderlas, vamos a reivindicar su soberan\u00eda y vamos a llevarlas siempre en nuestro coraz\u00f3n\u201d, expres\u00f3 Fernando Espinoza.<\/p>\n\n\n\n<p>Por su parte, desde la Subsecretar\u00eda de Veteranos de Guerra sostuvieron: \u201cEstos viajes humanitarios representan algo sumamente importante para cada veterano que los realice. Es volver al lugar que dej\u00f3 una marca especial en su vida para siempre. Recorrer las islas en esta circunstancia les permite reencontrarse con ellos mismos y formar un nuevo recuerdo emotivo\u201d.<\/p>\n\n\n\n<p>Cabe destacar que la selecci\u00f3n de los participantes se realiza mediante un sorteo entre los veteranos que desean realizar el viaje, asegurando que todos tengan las mismas oportunidades de participar.<\/p>\n\n\n\n<p>Con la causa Malvinas, La Matanza viene llevando adelante una pol\u00edtica constante de reivindicaci\u00f3n en cuanto a la soberan\u00eda y de apoyo a los veteranos y sus familias, con el objetivo de mantener viva la memoria de aquellos que lucharon en el conflicto b\u00e9lico.<\/p>\n\n\n\n<p>A trav\u00e9s de iniciativas como estos viajes, el Municipio reafirma su compromiso de honrar el sacrificio de los h\u00e9roes ca\u00eddos, asegurando que sus historias y legados perduren en la conciencia colectiva de toda nuestra comunidad.<\/p>\n","protected":false},"excerpt":{"rendered":"<p>Tal como lo anunci&oacute; el intendente de La Matanza, Fernando Espinoza, el pasado 2 de abril, veinte excombatientes del distrito y un familiar de los ca&iacute;dos viajar&aacute;n a las Islas Malvinas el pr&oacute;ximo mes, con el apoyo del Gobierno local. Esto es posible gracias a un acuerdo firmado entre el Municipio, a trav&eacute;s de la &hellip; <\/p>\n","protected":false},"author":5,"featured_media":16585,"comment_status":"closed","ping_status":"closed","sticky":false,"template":"","format":"standard","meta":{"om_disable_all_campaigns":false,"_joinchat":[]},"categories":[26],"tags":[46,59,43],"featured_image_urls":{"full":["https:\/\/infotep.com.ar\/wp-content\/uploads\/2024\/09\/192-20-excombatientes-de-La-Matanza-viajaran-a-las-Islas-Malvinas-1.jpeg",1352,901,false],"thumbnail":["https:\/\/infotep.com.ar\/wp-content\/uploads\/2024\/09\/192-20-excombatientes-de-La-Matanza-viajaran-a-las-Islas-Malvinas-1-150x150.jpeg",150,150,true],"medium":["https:\/\/infotep.com.ar\/wp-content\/uploads\/2024\/09\/192-20-excombatientes-de-La-Matanza-viajaran-a-las-Islas-Malvinas-1-300x200.jpeg",300,200,true],"medium_large":["https:\/\/infotep.com.ar\/wp-content\/uploads\/2024\/09\/192-20-excombatientes-de-La-Matanza-viajaran-a-las-Islas-Malvinas-1-768x512.jpeg",768,512,true],"large":["https:\/\/infotep.com.ar\/wp-content\/uploads\/2024\/09\/192-20-excombatientes-de-La-Matanza-viajaran-a-las-Islas-Malvinas-1-1024x682.jpeg",1020,679,true],"1536x1536":["https:\/\/infotep.com.ar\/wp-content\/uploads\/2024\/09\/192-20-excombatientes-de-La-Matanza-viajaran-a-las-Islas-Malvinas-1.jpeg",1352,901,false],"2048x2048":["https:\/\/infotep.com.ar\/wp-content\/uploads\/2024\/09\/192-20-excombatientes-de-La-Matanza-viajaran-a-las-Islas-Malvinas-1.jpeg",1352,901,false],"blossom-feminine-slider":["https:\/\/infotep.com.ar\/wp-content\/uploads\/2024\/09\/192-20-excombatientes-de-La-Matanza-viajaran-a-las-Islas-Malvinas-1-1352x649.jpeg",1352,649,true],"blossom-feminine-featured":["https:\/\/infotep.com.ar\/wp-content\/uploads\/2024\/09\/192-20-excombatientes-de-La-Matanza-viajaran-a-las-Islas-Malvinas-1-1352x600.jpeg",1352,600,true],"blossom-feminine-with-sidebar":["https:\/\/infotep.com.ar\/wp-content\/uploads\/2024\/09\/192-20-excombatientes-de-La-Matanza-viajaran-a-las-Islas-Malvinas-1-1020x600.jpeg",1020,600,true],"blossom-feminine-blog":["https:\/\/infotep.com.ar\/wp-content\/uploads\/2024\/09\/192-20-excombatientes-de-La-Matanza-viajaran-a-las-Islas-Malvinas-1-435x435.jpeg",435,435,true],"blossom-feminine-cat":["https:\/\/infotep.com.ar\/wp-content\/uploads\/2024\/09\/192-20-excombatientes-de-La-Matanza-viajaran-a-las-Islas-Malvinas-1-450x300.jpeg",450,300,true],"blossom-feminine-related":["https:\/\/infotep.com.ar\/wp-content\/uploads\/2024\/09\/192-20-excombatientes-de-La-Matanza-viajaran-a-las-Islas-Malvinas-1-320x200.jpeg",320,200,true],"blossom-feminine-schema":["https:\/\/infotep.com.ar\/wp-content\/uploads\/2024\/09\/192-20-excombatientes-de-La-Matanza-viajaran-a-las-Islas-Malvinas-1-90x60.jpeg",90,60,true],"blossom-mommy-blog-slider-big":["https:\/\/infotep.com.ar\/wp-content\/uploads\/2024\/09\/192-20-excombatientes-de-La-Matanza-viajaran-a-las-Islas-Malvinas-1-920x650.jpeg",920,650,true],"blossom-mommy-blog-slider":["https:\/\/infotep.com.ar\/wp-content\/uploads\/2024\/09\/192-20-excombatientes-de-La-Matanza-viajaran-a-las-Islas-Malvinas-1-460x310.jpeg",460,310,true],"blossom-mommy-blog-two":["https:\/\/infotep.com.ar\/wp-content\/uploads\/2024\/09\/192-20-excombatientes-de-La-Matanza-viajaran-a-las-Islas-Malvinas-1-768x480.jpeg",768,480,true]},"author_info":{"info":["Angela Tobar"]},"category_info":"<a href=\"https:\/\/infotep.com.ar\/index.php\/category\/municipales\/la-matanza\/\" rel=\"category tag\">La Matanza<\/a>","tag_info":"La Matanza","comment_count":"0","_links":{"self":[{"href":"https:\/\/infotep.com.ar\/index.php\/wp-json\/wp\/v2\/posts\/16584"}],"collection":[{"href":"https:\/\/infotep.com.ar\/index.php\/wp-json\/wp\/v2\/posts"}],"about":[{"href":"https:\/\/infotep.com.ar\/index.php\/wp-json\/wp\/v2\/types\/post"}],"author":[{"embeddable":true,"href":"https:\/\/infotep.com.ar\/index.php\/wp-json\/wp\/v2\/users\/5"}],"replies":[{"embeddable":true,"href":"https:\/\/infotep.com.ar\/index.php\/wp-json\/wp\/v2\/comments?post=16584"}],"version-history":[{"count":1,"href":"https:\/\/infotep.com.ar\/index.php\/wp-json\/wp\/v2\/posts\/16584\/revisions"}],"predecessor-version":[{"id":16586,"href":"https:\/\/infotep.com.ar\/index.php\/wp-json\/wp\/v2\/posts\/16584\/revisions\/16586"}],"wp:featuredmedia":[{"embeddable":true,"href":"https:\/\/infotep.com.ar\/index.php\/wp-json\/wp\/v2\/media\/16585"}],"wp:attachment":[{"href":"https:\/\/infotep.com.ar\/index.php\/wp-json\/wp\/v2\/media?parent=16584"}],"wp:term":[{"taxonomy":"category","embeddable":true,"href":"https:\/\/infotep.com.ar\/index.php\/wp-json\/wp\/v2\/categories?post=16584"},{"taxonomy":"post_tag","embeddable":true,"href":"https:\/\/infotep.com.ar\/index.php\/wp-json\/wp\/v2\/tags?post=16584"}],"curies":[{"name":"wp","href":"https:\/\/api.w.org\/{rel}","templated":true}]}}