{"id":16590,"date":"2024-09-30T06:27:00","date_gmt":"2024-09-30T09:27:00","guid":{"rendered":"https:\/\/infotep.com.ar\/?p=16590"},"modified":"2024-09-30T18:29:04","modified_gmt":"2024-09-30T21:29:04","slug":"se-realizo-la-plaza-de-los-egresados-en-padua","status":"publish","type":"post","link":"https:\/\/infotep.com.ar\/index.php\/2024\/09\/30\/se-realizo-la-plaza-de-los-egresados-en-padua\/","title":{"rendered":"Se realiz\u00f3 la plaza de los egresados en Padua"},"content":{"rendered":"\n<p>M\u00e1s de 25 instituciones educativas de Merlo participaron de una nueva edici\u00f3n de este evento, en la Plaza Manuel Belgrano. <strong>Los estudiantes vendieron productos artesanales y gastron\u00f3micos a precios accesibles, con el objetivo de recaudar fondos para sus fiestas y viajes de egresados.<\/strong><\/p>\n\n\n\n<p>En el encuentro, organizado por la Subsecretar\u00eda de Educaci\u00f3n, hubo 40 stands con maquillaje, moda circular y juegos did\u00e1cticos. Tambi\u00e9n hubo una radio abierta al p\u00fablico, shows de baile y canto con animadores.<\/p>\n\n\n\n<p><strong>\u201cEstamos felices porque tenemos la posibilidad de brindarle a todas las instituciones educativas y a las familias del distrito este evento para que presenten sus emprendimientos y re\u00fanan dinero para llevar adelante su viaje de egresados\u201d, expres\u00f3 la Directora de Educaci\u00f3n, Cecilia Riegui.<\/strong><\/p>\n\n\n\n<p>Para m\u00e1s informaci\u00f3n, comunicarse con la Subsecretar\u00eda de Educaci\u00f3n. Direcci\u00f3n: Juncal 588 esq. Riobamba. Tel\u00e9fono: (0220) 483-6081.<\/p>\n","protected":false},"excerpt":{"rendered":"<p>M&aacute;s de 25 instituciones educativas de Merlo participaron de una nueva edici&oacute;n de este evento, en la Plaza Manuel Belgrano. Los estudiantes vendieron productos artesanales y gastron&oacute;micos a precios accesibles, con el objetivo de recaudar fondos para sus fiestas y viajes de egresados. En el encuentro, organizado por la Subsecretar&iacute;a de Educaci&oacute;n, hubo 40 stands &hellip; <\/p>\n","protected":false},"author":5,"featured_media":16591,"comment_status":"closed","ping_status":"closed","sticky":false,"template":"","format":"standard","meta":{"om_disable_all_campaigns":false,"_joinchat":[]},"categories":[10],"tags":[46,287,526,43],"featured_image_urls":{"full":["https:\/\/infotep.com.ar\/wp-content\/uploads\/2024\/09\/plaza-de-los-egresados.jpg",1024,577,false],"thumbnail":["https:\/\/infotep.com.ar\/wp-content\/uploads\/2024\/09\/plaza-de-los-egresados-150x150.jpg",150,150,true],"medium":["https:\/\/infotep.com.ar\/wp-content\/uploads\/2024\/09\/plaza-de-los-egresados-300x169.jpg",300,169,true],"medium_large":["https:\/\/infotep.com.ar\/wp-content\/uploads\/2024\/09\/plaza-de-los-egresados-768x433.jpg",768,433,true],"large":["https:\/\/infotep.com.ar\/wp-content\/uploads\/2024\/09\/plaza-de-los-egresados.jpg",1020,575,false],"1536x1536":["https:\/\/infotep.com.ar\/wp-content\/uploads\/2024\/09\/plaza-de-los-egresados.jpg",1024,577,false],"2048x2048":["https:\/\/infotep.com.ar\/wp-content\/uploads\/2024\/09\/plaza-de-los-egresados.jpg",1024,577,false],"blossom-feminine-slider":["https:\/\/infotep.com.ar\/wp-content\/uploads\/2024\/09\/plaza-de-los-egresados.jpg",1024,577,false],"blossom-feminine-featured":["https:\/\/infotep.com.ar\/wp-content\/uploads\/2024\/09\/plaza-de-los-egresados.jpg",1024,577,false],"blossom-feminine-with-sidebar":["https:\/\/infotep.com.ar\/wp-content\/uploads\/2024\/09\/plaza-de-los-egresados-1020x577.jpg",1020,577,true],"blossom-feminine-blog":["https:\/\/infotep.com.ar\/wp-content\/uploads\/2024\/09\/plaza-de-los-egresados-435x435.jpg",435,435,true],"blossom-feminine-cat":["https:\/\/infotep.com.ar\/wp-content\/uploads\/2024\/09\/plaza-de-los-egresados-450x300.jpg",450,300,true],"blossom-feminine-related":["https:\/\/infotep.com.ar\/wp-content\/uploads\/2024\/09\/plaza-de-los-egresados-320x200.jpg",320,200,true],"blossom-feminine-schema":["https:\/\/infotep.com.ar\/wp-content\/uploads\/2024\/09\/plaza-de-los-egresados-106x60.jpg",106,60,true],"blossom-mommy-blog-slider-big":["https:\/\/infotep.com.ar\/wp-content\/uploads\/2024\/09\/plaza-de-los-egresados-920x577.jpg",920,577,true],"blossom-mommy-blog-slider":["https:\/\/infotep.com.ar\/wp-content\/uploads\/2024\/09\/plaza-de-los-egresados-460x310.jpg",460,310,true],"blossom-mommy-blog-two":["https:\/\/infotep.com.ar\/wp-content\/uploads\/2024\/09\/plaza-de-los-egresados-768x480.jpg",768,480,true]},"author_info":{"info":["Angela Tobar"]},"category_info":"<a href=\"https:\/\/infotep.com.ar\/index.php\/category\/municipales\/merlo\/\" rel=\"category tag\">Merlo<\/a>","tag_info":"Merlo","comment_count":"0","_links":{"self":[{"href":"https:\/\/infotep.com.ar\/index.php\/wp-json\/wp\/v2\/posts\/16590"}],"collection":[{"href":"https:\/\/infotep.com.ar\/index.php\/wp-json\/wp\/v2\/posts"}],"about":[{"href":"https:\/\/infotep.com.ar\/index.php\/wp-json\/wp\/v2\/types\/post"}],"author":[{"embeddable":true,"href":"https:\/\/infotep.com.ar\/index.php\/wp-json\/wp\/v2\/users\/5"}],"replies":[{"embeddable":true,"href":"https:\/\/infotep.com.ar\/index.php\/wp-json\/wp\/v2\/comments?post=16590"}],"version-history":[{"count":1,"href":"https:\/\/infotep.com.ar\/index.php\/wp-json\/wp\/v2\/posts\/16590\/revisions"}],"predecessor-version":[{"id":16592,"href":"https:\/\/infotep.com.ar\/index.php\/wp-json\/wp\/v2\/posts\/16590\/revisions\/16592"}],"wp:featuredmedia":[{"embeddable":true,"href":"https:\/\/infotep.com.ar\/index.php\/wp-json\/wp\/v2\/media\/16591"}],"wp:attachment":[{"href":"https:\/\/infotep.com.ar\/index.php\/wp-json\/wp\/v2\/media?parent=16590"}],"wp:term":[{"taxonomy":"category","embeddable":true,"href":"https:\/\/infotep.com.ar\/index.php\/wp-json\/wp\/v2\/categories?post=16590"},{"taxonomy":"post_tag","embeddable":true,"href":"https:\/\/infotep.com.ar\/index.php\/wp-json\/wp\/v2\/tags?post=16590"}],"curies":[{"name":"wp","href":"https:\/\/api.w.org\/{rel}","templated":true}]}}