{"id":16624,"date":"2024-10-01T14:23:16","date_gmt":"2024-10-01T17:23:16","guid":{"rendered":"https:\/\/infotep.com.ar\/?p=16624"},"modified":"2024-10-03T00:28:21","modified_gmt":"2024-10-03T03:28:21","slug":"la-reserva-urbana-de-el-palomar-celebro-su-primer-aniversario","status":"publish","type":"post","link":"https:\/\/infotep.com.ar\/index.php\/2024\/10\/01\/la-reserva-urbana-de-el-palomar-celebro-su-primer-aniversario\/","title":{"rendered":"La Reserva Urbana de El Palomar celebr\u00f3 su primer aniversario<\/strong>"},"content":{"rendered":"\n<p><a href=\"https:\/\/medium.com\/@prensamunicipiodemoron?source=post_page-----0f23a8db7d7a--------------------------------\"><\/a><\/p>\n\n\n\n<p>El espacio cuenta con 113 hect\u00e1reas destinadas a cuidar el ecosistema y preservar la diversidad biol\u00f3gica nativa.<\/p>\n\n\n\n<p>El Municipio festej\u00f3 el primer aniversario de la Reserva Urbana de El Palomar con talleres, radio abierta, feria ambiental, espect\u00e1culos infantiles y actividades para todas las edades. Este espacio verde funciona como un lugar de esparcimiento que preserva la fauna y flora local, abierto para la comunidad.<\/p>\n\n\n\n<figure class=\"wp-block-image size-full\"><img decoding=\"async\" loading=\"lazy\" width=\"970\" height=\"720\" src=\"https:\/\/infotep.com.ar\/wp-content\/uploads\/2024\/10\/Reserva-Urbana-de-El-Palomar-Como-inscribirse-en-las-visitas-guiadas-1.jpeg\" alt=\"\" class=\"wp-image-16627\" srcset=\"https:\/\/infotep.com.ar\/wp-content\/uploads\/2024\/10\/Reserva-Urbana-de-El-Palomar-Como-inscribirse-en-las-visitas-guiadas-1.jpeg 970w, https:\/\/infotep.com.ar\/wp-content\/uploads\/2024\/10\/Reserva-Urbana-de-El-Palomar-Como-inscribirse-en-las-visitas-guiadas-1-300x223.jpeg 300w, https:\/\/infotep.com.ar\/wp-content\/uploads\/2024\/10\/Reserva-Urbana-de-El-Palomar-Como-inscribirse-en-las-visitas-guiadas-1-768x570.jpeg 768w, https:\/\/infotep.com.ar\/wp-content\/uploads\/2024\/10\/Reserva-Urbana-de-El-Palomar-Como-inscribirse-en-las-visitas-guiadas-1-81x60.jpeg 81w\" sizes=\"(max-width: 970px) 100vw, 970px\" \/><\/figure>\n\n\n\n<p>El espacio cuenta con 113 hect\u00e1reas y posee circuitos de recorridas autoguiadas, plazas y espacios de juegos y \u00e1rea deportiva.<\/p>\n\n\n\n<p>La Reserva se encuentra ubicada en Derqui y Corval\u00e1n (El Palomar) y se puede visitar gratuitamente de mi\u00e9rcoles a domingo y feriados de 9 a 18.30. En tanto, los s\u00e1bados y domingos a partir de las 16.30 se realizan visitas guiadas para contemplar los distintos espacios biodiversos y poder disfrutar del arroyo Corval\u00e1n.<\/p>\n\n\n\n<p>Durante el evento del aniversario estuvieron presentes el Intendente, Lucas Ghi; el secretario de Gobierno, Diego Espina; la secretaria de Desarrollo Social, Roxana Pierpaoli; la secretar\u00eda de Cultura y Deporte, Paula Majdanski; la subsecretaria de Pol\u00edticas Ambientales, Virginia Passo; el subsecretario de Pol\u00edticas Culturales, Gabriel Redak; entre otros funcionarios y funcionarias.<\/p>\n","protected":false},"excerpt":{"rendered":"<p>El espacio cuenta con 113 hect&aacute;reas destinadas a cuidar el ecosistema y preservar la diversidad biol&oacute;gica nativa. El Municipio festej&oacute; el primer aniversario de la Reserva Urbana de El Palomar con talleres, radio abierta, feria ambiental, espect&aacute;culos infantiles y actividades para todas las edades. Este espacio verde funciona como un lugar de esparcimiento que preserva &hellip; <\/p>\n","protected":false},"author":5,"featured_media":16625,"comment_status":"closed","ping_status":"closed","sticky":false,"template":"","format":"standard","meta":{"om_disable_all_campaigns":false,"_joinchat":[]},"categories":[31,9],"tags":[46,56,53,43],"featured_image_urls":{"full":["https:\/\/infotep.com.ar\/wp-content\/uploads\/2024\/10\/Reserva-Urbana-de-El-Palomar-Como-inscribirse-en-las-visitas-guiadas.jpeg",970,720,false],"thumbnail":["https:\/\/infotep.com.ar\/wp-content\/uploads\/2024\/10\/Reserva-Urbana-de-El-Palomar-Como-inscribirse-en-las-visitas-guiadas-150x150.jpeg",150,150,true],"medium":["https:\/\/infotep.com.ar\/wp-content\/uploads\/2024\/10\/Reserva-Urbana-de-El-Palomar-Como-inscribirse-en-las-visitas-guiadas-300x223.jpeg",300,223,true],"medium_large":["https:\/\/infotep.com.ar\/wp-content\/uploads\/2024\/10\/Reserva-Urbana-de-El-Palomar-Como-inscribirse-en-las-visitas-guiadas-768x570.jpeg",768,570,true],"large":["https:\/\/infotep.com.ar\/wp-content\/uploads\/2024\/10\/Reserva-Urbana-de-El-Palomar-Como-inscribirse-en-las-visitas-guiadas.jpeg",970,720,false],"1536x1536":["https:\/\/infotep.com.ar\/wp-content\/uploads\/2024\/10\/Reserva-Urbana-de-El-Palomar-Como-inscribirse-en-las-visitas-guiadas.jpeg",970,720,false],"2048x2048":["https:\/\/infotep.com.ar\/wp-content\/uploads\/2024\/10\/Reserva-Urbana-de-El-Palomar-Como-inscribirse-en-las-visitas-guiadas.jpeg",970,720,false],"blossom-feminine-slider":["https:\/\/infotep.com.ar\/wp-content\/uploads\/2024\/10\/Reserva-Urbana-de-El-Palomar-Como-inscribirse-en-las-visitas-guiadas-970x649.jpeg",970,649,true],"blossom-feminine-featured":["https:\/\/infotep.com.ar\/wp-content\/uploads\/2024\/10\/Reserva-Urbana-de-El-Palomar-Como-inscribirse-en-las-visitas-guiadas-970x600.jpeg",970,600,true],"blossom-feminine-with-sidebar":["https:\/\/infotep.com.ar\/wp-content\/uploads\/2024\/10\/Reserva-Urbana-de-El-Palomar-Como-inscribirse-en-las-visitas-guiadas-970x600.jpeg",970,600,true],"blossom-feminine-blog":["https:\/\/infotep.com.ar\/wp-content\/uploads\/2024\/10\/Reserva-Urbana-de-El-Palomar-Como-inscribirse-en-las-visitas-guiadas-435x435.jpeg",435,435,true],"blossom-feminine-cat":["https:\/\/infotep.com.ar\/wp-content\/uploads\/2024\/10\/Reserva-Urbana-de-El-Palomar-Como-inscribirse-en-las-visitas-guiadas-450x300.jpeg",450,300,true],"blossom-feminine-related":["https:\/\/infotep.com.ar\/wp-content\/uploads\/2024\/10\/Reserva-Urbana-de-El-Palomar-Como-inscribirse-en-las-visitas-guiadas-320x200.jpeg",320,200,true],"blossom-feminine-schema":["https:\/\/infotep.com.ar\/wp-content\/uploads\/2024\/10\/Reserva-Urbana-de-El-Palomar-Como-inscribirse-en-las-visitas-guiadas-81x60.jpeg",81,60,true],"blossom-mommy-blog-slider-big":["https:\/\/infotep.com.ar\/wp-content\/uploads\/2024\/10\/Reserva-Urbana-de-El-Palomar-Como-inscribirse-en-las-visitas-guiadas-920x650.jpeg",920,650,true],"blossom-mommy-blog-slider":["https:\/\/infotep.com.ar\/wp-content\/uploads\/2024\/10\/Reserva-Urbana-de-El-Palomar-Como-inscribirse-en-las-visitas-guiadas-460x310.jpeg",460,310,true],"blossom-mommy-blog-two":["https:\/\/infotep.com.ar\/wp-content\/uploads\/2024\/10\/Reserva-Urbana-de-El-Palomar-Como-inscribirse-en-las-visitas-guiadas-768x480.jpeg",768,480,true]},"author_info":{"info":["Angela Tobar"]},"category_info":"<a href=\"https:\/\/infotep.com.ar\/index.php\/category\/destacadas\/\" rel=\"category tag\">Destacadas<\/a> <a href=\"https:\/\/infotep.com.ar\/index.php\/category\/municipales\/moron\/\" rel=\"category tag\">Mor\u00f3n<\/a>","tag_info":"Mor\u00f3n","comment_count":"0","_links":{"self":[{"href":"https:\/\/infotep.com.ar\/index.php\/wp-json\/wp\/v2\/posts\/16624"}],"collection":[{"href":"https:\/\/infotep.com.ar\/index.php\/wp-json\/wp\/v2\/posts"}],"about":[{"href":"https:\/\/infotep.com.ar\/index.php\/wp-json\/wp\/v2\/types\/post"}],"author":[{"embeddable":true,"href":"https:\/\/infotep.com.ar\/index.php\/wp-json\/wp\/v2\/users\/5"}],"replies":[{"embeddable":true,"href":"https:\/\/infotep.com.ar\/index.php\/wp-json\/wp\/v2\/comments?post=16624"}],"version-history":[{"count":3,"href":"https:\/\/infotep.com.ar\/index.php\/wp-json\/wp\/v2\/posts\/16624\/revisions"}],"predecessor-version":[{"id":16650,"href":"https:\/\/infotep.com.ar\/index.php\/wp-json\/wp\/v2\/posts\/16624\/revisions\/16650"}],"wp:featuredmedia":[{"embeddable":true,"href":"https:\/\/infotep.com.ar\/index.php\/wp-json\/wp\/v2\/media\/16625"}],"wp:attachment":[{"href":"https:\/\/infotep.com.ar\/index.php\/wp-json\/wp\/v2\/media?parent=16624"}],"wp:term":[{"taxonomy":"category","embeddable":true,"href":"https:\/\/infotep.com.ar\/index.php\/wp-json\/wp\/v2\/categories?post=16624"},{"taxonomy":"post_tag","embeddable":true,"href":"https:\/\/infotep.com.ar\/index.php\/wp-json\/wp\/v2\/tags?post=16624"}],"curies":[{"name":"wp","href":"https:\/\/api.w.org\/{rel}","templated":true}]}}