{"id":16643,"date":"2024-10-01T17:29:26","date_gmt":"2024-10-01T20:29:26","guid":{"rendered":"https:\/\/infotep.com.ar\/?p=16643"},"modified":"2024-10-01T17:29:27","modified_gmt":"2024-10-01T20:29:27","slug":"cristina-en-la-matanza-es-fundamental-que-el-pueblo-se-organice","status":"publish","type":"post","link":"https:\/\/infotep.com.ar\/index.php\/2024\/10\/01\/cristina-en-la-matanza-es-fundamental-que-el-pueblo-se-organice\/","title":{"rendered":"Cristina en La Matanza: &#8220;es fundamental que el pueblo se organice&#8221;"},"content":{"rendered":"\n<p>En las redes aparecieron im\u00e1genes de su visita al barrio Puerta de Hierro junto al cura Nicol\u00e1s &#8220;Tano&#8221; Angelotti de la capilla San Jos\u00e9. &#8220;Siempre voy a estar con ustedes&#8221;, asegur\u00f3 la expresidenta.<\/p>\n\n\n\n<p>La visita a la parroquia fue realizada por Cristina Kirchner este martes al mediod\u00eda y, a diferencia del resto de las actividades p\u00fablicas que suele realizar la exmandataria, no fue anunciada con anterioridad en sus redes sociales.<\/p>\n\n\n\n<p>&#8220;Me van a hacer llorar. Vine con el famoso &#8216;Padre Tano&#8217;, y digo famoso porque yo no lo conoc\u00eda y los chicos me dec\u00edan todas las cosas que hac\u00eda en los barrios, c\u00f3mo juntaba a los pibes para ayudarlos&#8221;, dijo CFK en un discurso improvisado.<\/p>\n\n\n\n<p>Cuando los vecinos descubrieron que CFK estaba en la parroquia, el peque\u00f1o templo se llen\u00f3 de vecinos que filmaban a la exmandataria y le gritaban\u00a0&#8220;\u00a1Volv\u00e9 Cristina!&#8221;.<\/p>\n\n\n\n<p class=\"has-light-green-cyan-background-color has-background\"><strong>Adem\u00e1s, pidi\u00f3 que se organicen &#8220;para que no siga avanzando el narco como sigue avanzando en todos nuestros barrios producto de que el Estado se retira&#8221;. Y tambi\u00e9n lanz\u00f3 una promesa que provoc\u00f3 los aplausos de los presentes: \u201cQuiero decirles que siempre voy a estar con ustedes\u201d.<\/strong><\/p>\n\n\n\n<figure class=\"wp-block-image size-full\"><img decoding=\"async\" loading=\"lazy\" width=\"960\" height=\"640\" src=\"https:\/\/infotep.com.ar\/wp-content\/uploads\/2024\/10\/cristina-en-la-matanza.jpg\" alt=\"\" class=\"wp-image-16645\" srcset=\"https:\/\/infotep.com.ar\/wp-content\/uploads\/2024\/10\/cristina-en-la-matanza.jpg 960w, https:\/\/infotep.com.ar\/wp-content\/uploads\/2024\/10\/cristina-en-la-matanza-300x200.jpg 300w, https:\/\/infotep.com.ar\/wp-content\/uploads\/2024\/10\/cristina-en-la-matanza-768x512.jpg 768w, https:\/\/infotep.com.ar\/wp-content\/uploads\/2024\/10\/cristina-en-la-matanza-450x300.jpg 450w, https:\/\/infotep.com.ar\/wp-content\/uploads\/2024\/10\/cristina-en-la-matanza-90x60.jpg 90w\" sizes=\"(max-width: 960px) 100vw, 960px\" \/><\/figure>\n\n\n\n<p>Y cerr\u00f3: &#8220;Yo les pido que sigan trabajando y organiz\u00e1ndose, porque es fundamental que el pueblo se organice en torno a la iglesia, al club, a la cooperativa de la escuela, que no nos ignoremos los unos con los otros y que entendamos que la \u00fanica fuerza que tenemos est\u00e1 en lo colectivo. En lo individual no se va a salvar absolutamente nadie. Dios, estoy absolutamente convencida, finalmente va a terminar ayudando al pueblo argentino&#8221;.<\/p>\n","protected":false},"excerpt":{"rendered":"<p>En las redes aparecieron im&aacute;genes de su visita al barrio Puerta de Hierro junto al cura Nicol&aacute;s &ldquo;Tano&rdquo; Angelotti de la capilla San Jos&eacute;. &ldquo;Siempre voy a estar con ustedes&rdquo;, asegur&oacute; la expresidenta. La visita a la parroquia fue realizada por Cristina Kirchner este martes al mediod&iacute;a y, a diferencia del resto de las actividades &hellip; <\/p>\n","protected":false},"author":5,"featured_media":16644,"comment_status":"closed","ping_status":"closed","sticky":false,"template":"","format":"standard","meta":{"om_disable_all_campaigns":false,"_joinchat":[]},"categories":[31,26],"tags":[119,529,46,59,43],"featured_image_urls":{"full":["https:\/\/infotep.com.ar\/wp-content\/uploads\/2024\/10\/cristina-en-la-matanza-visita-sorpresa.jpg",1200,675,false],"thumbnail":["https:\/\/infotep.com.ar\/wp-content\/uploads\/2024\/10\/cristina-en-la-matanza-visita-sorpresa-150x150.jpg",150,150,true],"medium":["https:\/\/infotep.com.ar\/wp-content\/uploads\/2024\/10\/cristina-en-la-matanza-visita-sorpresa-300x169.jpg",300,169,true],"medium_large":["https:\/\/infotep.com.ar\/wp-content\/uploads\/2024\/10\/cristina-en-la-matanza-visita-sorpresa-768x432.jpg",768,432,true],"large":["https:\/\/infotep.com.ar\/wp-content\/uploads\/2024\/10\/cristina-en-la-matanza-visita-sorpresa-1024x576.jpg",1020,574,true],"1536x1536":["https:\/\/infotep.com.ar\/wp-content\/uploads\/2024\/10\/cristina-en-la-matanza-visita-sorpresa.jpg",1200,675,false],"2048x2048":["https:\/\/infotep.com.ar\/wp-content\/uploads\/2024\/10\/cristina-en-la-matanza-visita-sorpresa.jpg",1200,675,false],"blossom-feminine-slider":["https:\/\/infotep.com.ar\/wp-content\/uploads\/2024\/10\/cristina-en-la-matanza-visita-sorpresa-1200x649.jpg",1200,649,true],"blossom-feminine-featured":["https:\/\/infotep.com.ar\/wp-content\/uploads\/2024\/10\/cristina-en-la-matanza-visita-sorpresa-1200x600.jpg",1200,600,true],"blossom-feminine-with-sidebar":["https:\/\/infotep.com.ar\/wp-content\/uploads\/2024\/10\/cristina-en-la-matanza-visita-sorpresa-1020x600.jpg",1020,600,true],"blossom-feminine-blog":["https:\/\/infotep.com.ar\/wp-content\/uploads\/2024\/10\/cristina-en-la-matanza-visita-sorpresa-435x435.jpg",435,435,true],"blossom-feminine-cat":["https:\/\/infotep.com.ar\/wp-content\/uploads\/2024\/10\/cristina-en-la-matanza-visita-sorpresa-450x300.jpg",450,300,true],"blossom-feminine-related":["https:\/\/infotep.com.ar\/wp-content\/uploads\/2024\/10\/cristina-en-la-matanza-visita-sorpresa-320x200.jpg",320,200,true],"blossom-feminine-schema":["https:\/\/infotep.com.ar\/wp-content\/uploads\/2024\/10\/cristina-en-la-matanza-visita-sorpresa-107x60.jpg",107,60,true],"blossom-mommy-blog-slider-big":["https:\/\/infotep.com.ar\/wp-content\/uploads\/2024\/10\/cristina-en-la-matanza-visita-sorpresa-920x650.jpg",920,650,true],"blossom-mommy-blog-slider":["https:\/\/infotep.com.ar\/wp-content\/uploads\/2024\/10\/cristina-en-la-matanza-visita-sorpresa-460x310.jpg",460,310,true],"blossom-mommy-blog-two":["https:\/\/infotep.com.ar\/wp-content\/uploads\/2024\/10\/cristina-en-la-matanza-visita-sorpresa-768x480.jpg",768,480,true]},"author_info":{"info":["Angela Tobar"]},"category_info":"<a href=\"https:\/\/infotep.com.ar\/index.php\/category\/destacadas\/\" rel=\"category tag\">Destacadas<\/a> <a href=\"https:\/\/infotep.com.ar\/index.php\/category\/municipales\/la-matanza\/\" rel=\"category tag\">La Matanza<\/a>","tag_info":"La Matanza","comment_count":"0","_links":{"self":[{"href":"https:\/\/infotep.com.ar\/index.php\/wp-json\/wp\/v2\/posts\/16643"}],"collection":[{"href":"https:\/\/infotep.com.ar\/index.php\/wp-json\/wp\/v2\/posts"}],"about":[{"href":"https:\/\/infotep.com.ar\/index.php\/wp-json\/wp\/v2\/types\/post"}],"author":[{"embeddable":true,"href":"https:\/\/infotep.com.ar\/index.php\/wp-json\/wp\/v2\/users\/5"}],"replies":[{"embeddable":true,"href":"https:\/\/infotep.com.ar\/index.php\/wp-json\/wp\/v2\/comments?post=16643"}],"version-history":[{"count":1,"href":"https:\/\/infotep.com.ar\/index.php\/wp-json\/wp\/v2\/posts\/16643\/revisions"}],"predecessor-version":[{"id":16646,"href":"https:\/\/infotep.com.ar\/index.php\/wp-json\/wp\/v2\/posts\/16643\/revisions\/16646"}],"wp:featuredmedia":[{"embeddable":true,"href":"https:\/\/infotep.com.ar\/index.php\/wp-json\/wp\/v2\/media\/16644"}],"wp:attachment":[{"href":"https:\/\/infotep.com.ar\/index.php\/wp-json\/wp\/v2\/media?parent=16643"}],"wp:term":[{"taxonomy":"category","embeddable":true,"href":"https:\/\/infotep.com.ar\/index.php\/wp-json\/wp\/v2\/categories?post=16643"},{"taxonomy":"post_tag","embeddable":true,"href":"https:\/\/infotep.com.ar\/index.php\/wp-json\/wp\/v2\/tags?post=16643"}],"curies":[{"name":"wp","href":"https:\/\/api.w.org\/{rel}","templated":true}]}}