{"id":16708,"date":"2024-10-03T18:51:50","date_gmt":"2024-10-03T21:51:50","guid":{"rendered":"https:\/\/infotep.com.ar\/?p=16708"},"modified":"2024-10-09T11:15:38","modified_gmt":"2024-10-09T14:15:38","slug":"la-justicia-hizo-lugar-al-amparo-que-presento-la-matanza-contra-los-tarifazos","status":"publish","type":"post","link":"https:\/\/infotep.com.ar\/index.php\/2024\/10\/03\/la-justicia-hizo-lugar-al-amparo-que-presento-la-matanza-contra-los-tarifazos\/","title":{"rendered":"La Justicia hizo lugar al amparo que present\u00f3 La Matanza contra los tarifazos autorizados por Milei en luz, gas y agua"},"content":{"rendered":"\n<p><\/p>\n\n\n\n<p>El Juzgado en lo Contencioso y Administrativo N\u00ba 1, a cargo del juez Federico Jos\u00e9 Gallo Quintian, orden\u00f3 a las empresas prestatarias cumplir, en todo el territorio del municipio que encabeza el intendente Fernando Espinoza, una medida cautelar que impide efectuar cortes de servicio por falta de pago hasta tanto se resuelva fijar tarifas accesibles, considerada la cuesti\u00f3n de fondo.<\/p>\n\n\n\n<p><strong>De acuerdo con investigaciones del Conicet y de la UBA, esas tarifas aumentaron este a\u00f1o, en promedio, un 370%, es decir, cuatro veces m\u00e1s que la inflaci\u00f3n<\/strong><\/p>\n\n\n\n<p>El amparo para proteger a las familias, parroquias, templos evang\u00e9licos, comercios, clubes de barrio, empresas, jubilados, trabajadores y profesionales de La Matanza, presentado por el intendente Fernando Espinoza junto con entidades de defensa del consumidor y fuerzas vivas del distrito, obtuvo el respaldo de la Justicia, que lo transform\u00f3 en una medida cautelar.<\/p>\n\n\n\n<p><strong>Los sucesivos y tremendos tarifazos dispuestos a lo largo del a\u00f1o por las empresas energ\u00e9ticas y de agua, con el apoyo del gobierno nacional, hicieron que la mayor\u00eda de los usuarios cayera en situaci\u00f3n de Pobreza Energ\u00e9tica, es decir que las tarifas insumen m\u00e1s del 10% del ingreso, con facturas que han aumentado hasta el 1000%.<\/strong><\/p>\n\n\n\n<p>A partir de los anuncios de aumentos y de que comenzaron a llegar las facturas, creci\u00f3 el reclamo de la comunidad, expresado en las multitudinarias asambleas realizadas por la Multisectorial de La Matanza, en las que los curas, pastores evang\u00e9licos, docentes, empresarios, trabajadores, comerciantes, entidades de defensa del consumidor y profesionales, junto con el municipio, coordinaron la presentaci\u00f3n judicial para oponerse a estas pol\u00edticas violentas que empobrecen a la mayor\u00eda de la poblaci\u00f3n y atentan directamente sobre el aparato productivo y el nivel de actividad.<\/p>\n\n\n\n<figure class=\"wp-block-image size-large\"><img decoding=\"async\" loading=\"lazy\" width=\"1024\" height=\"683\" src=\"https:\/\/infotep.com.ar\/wp-content\/uploads\/2024\/10\/FE-TARIFAS-COMERCIOS-1024x683.jpg\" alt=\"\" class=\"wp-image-16710\" srcset=\"https:\/\/infotep.com.ar\/wp-content\/uploads\/2024\/10\/FE-TARIFAS-COMERCIOS-1024x683.jpg 1024w, https:\/\/infotep.com.ar\/wp-content\/uploads\/2024\/10\/FE-TARIFAS-COMERCIOS-300x200.jpg 300w, https:\/\/infotep.com.ar\/wp-content\/uploads\/2024\/10\/FE-TARIFAS-COMERCIOS-768x512.jpg 768w, https:\/\/infotep.com.ar\/wp-content\/uploads\/2024\/10\/FE-TARIFAS-COMERCIOS-1536x1024.jpg 1536w, https:\/\/infotep.com.ar\/wp-content\/uploads\/2024\/10\/FE-TARIFAS-COMERCIOS-2048x1365.jpg 2048w, https:\/\/infotep.com.ar\/wp-content\/uploads\/2024\/10\/FE-TARIFAS-COMERCIOS-450x300.jpg 450w, https:\/\/infotep.com.ar\/wp-content\/uploads\/2024\/10\/FE-TARIFAS-COMERCIOS-90x60.jpg 90w\" sizes=\"(max-width: 1024px) 100vw, 1024px\" \/><\/figure>\n\n\n\n<p class=\"has-light-green-cyan-background-color has-background\">Ahora, con esta decisi\u00f3n de la Justicia, las empresas prestatarias no podr\u00e1n cortar el suministro bajo ninguna circunstancia, incluida la imposibilidad de pago por los montos exorbitantes que est\u00e1n llegando con las facturas.<\/p>\n\n\n\n<p><strong><em>El reclamo del Municipio de La Matanza avanza sobre la cuesti\u00f3n de fondo, que es establecer tarifas acordes con las posibilidades de pago de los usuarios, muy afectadas por las pol\u00edticas de recesi\u00f3n y de p\u00e9rdida de ingresos de la enorme mayor\u00eda de la poblaci\u00f3n, lo que se vio reflejado en un aumento de m\u00e1s de 11 puntos en los \u00edndices de pobreza en s\u00f3lo los primeros seis meses de la presidencia de Milei.<\/em><\/strong><\/p>\n","protected":false},"excerpt":{"rendered":"<p>El Juzgado en lo Contencioso y Administrativo N&ordm; 1, a cargo del juez Federico Jos&eacute; Gallo Quintian, orden&oacute; a las empresas prestatarias cumplir, en todo el territorio del municipio que encabeza el intendente Fernando Espinoza, una medida cautelar que impide efectuar cortes de servicio por falta de pago hasta tanto se resuelva fijar tarifas accesibles, &hellip; <\/p>\n","protected":false},"author":5,"featured_media":16709,"comment_status":"closed","ping_status":"closed","sticky":false,"template":"","format":"standard","meta":{"om_disable_all_campaigns":false,"_joinchat":[]},"categories":[26,4],"tags":[60,46,59],"featured_image_urls":{"full":["https:\/\/infotep.com.ar\/wp-content\/uploads\/2024\/10\/FE-TARIFAS-COMEDORES-scaled.jpg",2560,1707,false],"thumbnail":["https:\/\/infotep.com.ar\/wp-content\/uploads\/2024\/10\/FE-TARIFAS-COMEDORES-150x150.jpg",150,150,true],"medium":["https:\/\/infotep.com.ar\/wp-content\/uploads\/2024\/10\/FE-TARIFAS-COMEDORES-300x200.jpg",300,200,true],"medium_large":["https:\/\/infotep.com.ar\/wp-content\/uploads\/2024\/10\/FE-TARIFAS-COMEDORES-768x512.jpg",768,512,true],"large":["https:\/\/infotep.com.ar\/wp-content\/uploads\/2024\/10\/FE-TARIFAS-COMEDORES-1024x683.jpg",1020,680,true],"1536x1536":["https:\/\/infotep.com.ar\/wp-content\/uploads\/2024\/10\/FE-TARIFAS-COMEDORES-1536x1024.jpg",1536,1024,true],"2048x2048":["https:\/\/infotep.com.ar\/wp-content\/uploads\/2024\/10\/FE-TARIFAS-COMEDORES-2048x1365.jpg",2048,1365,true],"blossom-feminine-slider":["https:\/\/infotep.com.ar\/wp-content\/uploads\/2024\/10\/FE-TARIFAS-COMEDORES-1920x649.jpg",1920,649,true],"blossom-feminine-featured":["https:\/\/infotep.com.ar\/wp-content\/uploads\/2024\/10\/FE-TARIFAS-COMEDORES-1410x600.jpg",1410,600,true],"blossom-feminine-with-sidebar":["https:\/\/infotep.com.ar\/wp-content\/uploads\/2024\/10\/FE-TARIFAS-COMEDORES-1020x600.jpg",1020,600,true],"blossom-feminine-blog":["https:\/\/infotep.com.ar\/wp-content\/uploads\/2024\/10\/FE-TARIFAS-COMEDORES-435x435.jpg",435,435,true],"blossom-feminine-cat":["https:\/\/infotep.com.ar\/wp-content\/uploads\/2024\/10\/FE-TARIFAS-COMEDORES-450x300.jpg",450,300,true],"blossom-feminine-related":["https:\/\/infotep.com.ar\/wp-content\/uploads\/2024\/10\/FE-TARIFAS-COMEDORES-320x200.jpg",320,200,true],"blossom-feminine-schema":["https:\/\/infotep.com.ar\/wp-content\/uploads\/2024\/10\/FE-TARIFAS-COMEDORES-90x60.jpg",90,60,true],"blossom-mommy-blog-slider-big":["https:\/\/infotep.com.ar\/wp-content\/uploads\/2024\/10\/FE-TARIFAS-COMEDORES-920x650.jpg",920,650,true],"blossom-mommy-blog-slider":["https:\/\/infotep.com.ar\/wp-content\/uploads\/2024\/10\/FE-TARIFAS-COMEDORES-460x310.jpg",460,310,true],"blossom-mommy-blog-two":["https:\/\/infotep.com.ar\/wp-content\/uploads\/2024\/10\/FE-TARIFAS-COMEDORES-768x480.jpg",768,480,true]},"author_info":{"info":["Angela Tobar"]},"category_info":"<a href=\"https:\/\/infotep.com.ar\/index.php\/category\/municipales\/la-matanza\/\" rel=\"category tag\">La Matanza<\/a> <a href=\"https:\/\/infotep.com.ar\/index.php\/category\/provinciales\/\" rel=\"category tag\">Provinciales<\/a>","tag_info":"Provinciales","comment_count":"0","_links":{"self":[{"href":"https:\/\/infotep.com.ar\/index.php\/wp-json\/wp\/v2\/posts\/16708"}],"collection":[{"href":"https:\/\/infotep.com.ar\/index.php\/wp-json\/wp\/v2\/posts"}],"about":[{"href":"https:\/\/infotep.com.ar\/index.php\/wp-json\/wp\/v2\/types\/post"}],"author":[{"embeddable":true,"href":"https:\/\/infotep.com.ar\/index.php\/wp-json\/wp\/v2\/users\/5"}],"replies":[{"embeddable":true,"href":"https:\/\/infotep.com.ar\/index.php\/wp-json\/wp\/v2\/comments?post=16708"}],"version-history":[{"count":2,"href":"https:\/\/infotep.com.ar\/index.php\/wp-json\/wp\/v2\/posts\/16708\/revisions"}],"predecessor-version":[{"id":16718,"href":"https:\/\/infotep.com.ar\/index.php\/wp-json\/wp\/v2\/posts\/16708\/revisions\/16718"}],"wp:featuredmedia":[{"embeddable":true,"href":"https:\/\/infotep.com.ar\/index.php\/wp-json\/wp\/v2\/media\/16709"}],"wp:attachment":[{"href":"https:\/\/infotep.com.ar\/index.php\/wp-json\/wp\/v2\/media?parent=16708"}],"wp:term":[{"taxonomy":"category","embeddable":true,"href":"https:\/\/infotep.com.ar\/index.php\/wp-json\/wp\/v2\/categories?post=16708"},{"taxonomy":"post_tag","embeddable":true,"href":"https:\/\/infotep.com.ar\/index.php\/wp-json\/wp\/v2\/tags?post=16708"}],"curies":[{"name":"wp","href":"https:\/\/api.w.org\/{rel}","templated":true}]}}