{"id":16882,"date":"2024-10-08T21:27:35","date_gmt":"2024-10-09T00:27:35","guid":{"rendered":"https:\/\/infotep.com.ar\/?p=16882"},"modified":"2024-10-08T21:27:36","modified_gmt":"2024-10-09T00:27:36","slug":"kicillof-defender-a-las-universidades-es-defender-el-futuro-de-la-argentina","status":"publish","type":"post","link":"https:\/\/infotep.com.ar\/index.php\/2024\/10\/08\/kicillof-defender-a-las-universidades-es-defender-el-futuro-de-la-argentina\/","title":{"rendered":"Kicillof: \u201cDefender a las universidades es defender el futuro de la Argentina\u201d"},"content":{"rendered":"\n<p>\u201cEsta reuni\u00f3n tiene un objetivo fundamental: dejar en claro que a los legisladores que ma\u00f1ana no voten contra el veto de Milei a la ley de financiamiento universitario los consideramos traidores a nuestro pueblo y a nuestra historia\u201d, afirm\u00f3 este martes el gobernador Axel Kicillof al encabezar un encuentro en defensa de la universidad p\u00fablica y en rechazo al veto de la Ley de Financiamiento Universitario.<\/p>\n\n\n\n<p>Fue en el predio Ex BIM III de la Universidad Nacional de La Plata (UNLP) junto a las presidentas de la Federaci\u00f3n Universitaria de La Plata (FULP), Sol Alconada y Albertina Bidart.<\/p>\n\n\n\n<p>En ese marco, Kicillof sostuvo: \u201cA lo largo de nuestra historia hubo un solo factor que evit\u00f3 que a las universidades las arancelaran, las privatizaran o las cerraran: fue la lucha de los estudiantes, los trabajadores y la comunidad entera\u201d.<\/p>\n\n\n\n<p>\u201cLa universidad nunca estuvo separada del proceso hist\u00f3rico y social de nuestro pa\u00eds. Con la reforma del 18 se logr\u00f3 una educaci\u00f3n m\u00e1s abierta, que reflejara el acceso de los sectores medios a la vida pol\u00edtica de la Argentina\u201d, sostuvo Kicillof y a\u00f1adi\u00f3: \u201cEsa es una historia vinculada fundamentalmente con el radicalismo: esperamos que ma\u00f1ana ning\u00fan radical eche por tierra lo mejor de su historia por apoyar el veto de Milei\u201d.<\/p>\n\n\n\n<p>En ese sentido, el mandatario bonaerense subray\u00f3: \u201cDefender a la universidad es defender el futuro: si nos sacan la universidad p\u00fablica, gratuita, masiva y de calidad, nos quedamos sin el pa\u00eds que queremos\u201d. \u201cEste no es un debate presupuestario, eso es una enorme mentira, se est\u00e1 afectando apenas un 0,14% del PBI, mucho menos de lo que les perdonaron a los sectores m\u00e1s ricos: no vengan con el discurso del d\u00e9ficit y la inflaci\u00f3n, ac\u00e1 est\u00e1 claro que lo que quieren es un pa\u00eds para pocos\u201d, explic\u00f3.<\/p>\n\n\n\n<p>\u201cAunque no podemos reemplazar el abandono y la deserci\u00f3n de Milei, trabajamos para dar respuestas en la medida de nuestras posibilidades: nos comprometemos a terminar las obras que el Gobierno nacional paraliz\u00f3 en 25 universidades, y lo haremos con presupuesto, recursos y esfuerzo bonaerense\u201d, afirm\u00f3 el Gobernador y remarc\u00f3: \u201cLa Provincia acompa\u00f1\u00f3 y va a seguir acompa\u00f1ando cada una de las movilizaciones necesarias para luchar por lo que le corresponde a nuestro pueblo\u201d.<\/p>\n\n\n\n<p>\u201cLo dijimos durante la campa\u00f1a y hoy es un mandato: hay que elegir entre la derecha o los derechos, y nosotros vamos a estar siempre del lado de los derechos\u201d, concluy\u00f3.<\/p>\n\n\n\n<p>Por su parte, Alconada remarc\u00f3: \u201cEsta clase p\u00fablica es parte del proceso de generar todas las instancias de organizaci\u00f3n posibles para explicarles a nuestros compa\u00f1eros y compa\u00f1eras que lo que est\u00e1 pasando hoy en el pa\u00eds no lo podemos permitir y que tenemos que unirnos para evitarlo\u201d. En tanto, Bidart sostuvo: \u201cTenemos la responsabilidad de lograr que ma\u00f1ana las y los diputados frenen el veto de un Gobierno nacional cruel que plantea un modelo de pa\u00eds excluyente\u201d.<\/p>\n\n\n\n<p>Estuvieron presentes la jefa de Asesores del Gobernador, Cristina \u00c1lvarez Rodr\u00edguez; los ministros de Gobierno, Carlos Bianco; y de Econom\u00eda, Pablo L\u00f3pez; las ministras de H\u00e1bitat y Desarrollo Urbano, Silvina Batakis; y de Mujeres y Diversidad, Estela D\u00edaz; el presidente del Banco Provincia, Juan Cuattromo; el asesor General de Gobierno, Santiago P\u00e9rez Teruel; el director ejecutivo de ARBA, Cristian Girard; el presidente de la Comisi\u00f3n de Investigaciones Cient\u00edficas, Roberto Salvarezza; el subsecretario de Desarrollo Comercial y Promoci\u00f3n de Inversiones, Ariel Aguilar; la directora ejecutiva del Organismo Provincial de Integraci\u00f3n Social y Urbana (OPISU), Romina Barrios; y el director provincial de Vinculaci\u00f3n con el Sistema Universitario y Cient\u00edfico, Juan Brardinelli.<\/p>\n\n\n\n<p>Tambi\u00e9n participaron los intendentes de La Plata, Julio Alak; de Ensenada, Mario Secco; y de Navarro, Facundo Diz; la diputada provincial Luc\u00eda Ia\u00f1ez; el legislador Carlos \u201cCuto\u201d Moreno; el secretario de Gobierno de La Plata, Guillermo Cara; su par de Educaci\u00f3n, Paula Lambertini; y representantes del sector universitario.<\/p>\n","protected":false},"excerpt":{"rendered":"<p>&ldquo;Esta reuni&oacute;n tiene un objetivo fundamental: dejar en claro que a los legisladores que ma&ntilde;ana no voten contra el veto de Milei a la ley de financiamiento universitario los consideramos traidores a nuestro pueblo y a nuestra historia&rdquo;, afirm&oacute; este martes el gobernador Axel Kicillof al encabezar un encuentro en defensa de la universidad p&uacute;blica &hellip; <\/p>\n","protected":false},"author":5,"featured_media":15389,"comment_status":"closed","ping_status":"closed","sticky":false,"template":"","format":"standard","meta":{"om_disable_all_campaigns":false,"_joinchat":[]},"categories":[4,6],"tags":[46,43],"featured_image_urls":{"full":["https:\/\/infotep.com.ar\/wp-content\/uploads\/2024\/08\/Marcha-universitaria2.jpg",800,536,false],"thumbnail":["https:\/\/infotep.com.ar\/wp-content\/uploads\/2024\/08\/Marcha-universitaria2-150x150.jpg",150,150,true],"medium":["https:\/\/infotep.com.ar\/wp-content\/uploads\/2024\/08\/Marcha-universitaria2-300x201.jpg",300,201,true],"medium_large":["https:\/\/infotep.com.ar\/wp-content\/uploads\/2024\/08\/Marcha-universitaria2-768x515.jpg",768,515,true],"large":["https:\/\/infotep.com.ar\/wp-content\/uploads\/2024\/08\/Marcha-universitaria2.jpg",800,536,false],"1536x1536":["https:\/\/infotep.com.ar\/wp-content\/uploads\/2024\/08\/Marcha-universitaria2.jpg",800,536,false],"2048x2048":["https:\/\/infotep.com.ar\/wp-content\/uploads\/2024\/08\/Marcha-universitaria2.jpg",800,536,false],"blossom-feminine-slider":["https:\/\/infotep.com.ar\/wp-content\/uploads\/2024\/08\/Marcha-universitaria2.jpg",800,536,false],"blossom-feminine-featured":["https:\/\/infotep.com.ar\/wp-content\/uploads\/2024\/08\/Marcha-universitaria2.jpg",800,536,false],"blossom-feminine-with-sidebar":["https:\/\/infotep.com.ar\/wp-content\/uploads\/2024\/08\/Marcha-universitaria2.jpg",800,536,false],"blossom-feminine-blog":["https:\/\/infotep.com.ar\/wp-content\/uploads\/2024\/08\/Marcha-universitaria2-435x435.jpg",435,435,true],"blossom-feminine-cat":["https:\/\/infotep.com.ar\/wp-content\/uploads\/2024\/08\/Marcha-universitaria2-450x300.jpg",450,300,true],"blossom-feminine-related":["https:\/\/infotep.com.ar\/wp-content\/uploads\/2024\/08\/Marcha-universitaria2-320x200.jpg",320,200,true],"blossom-feminine-schema":["https:\/\/infotep.com.ar\/wp-content\/uploads\/2024\/08\/Marcha-universitaria2-90x60.jpg",90,60,true],"blossom-mommy-blog-slider-big":["https:\/\/infotep.com.ar\/wp-content\/uploads\/2024\/08\/Marcha-universitaria2.jpg",800,536,false],"blossom-mommy-blog-slider":["https:\/\/infotep.com.ar\/wp-content\/uploads\/2024\/08\/Marcha-universitaria2-460x310.jpg",460,310,true],"blossom-mommy-blog-two":["https:\/\/infotep.com.ar\/wp-content\/uploads\/2024\/08\/Marcha-universitaria2-768x480.jpg",768,480,true]},"author_info":{"info":["Angela Tobar"]},"category_info":"<a href=\"https:\/\/infotep.com.ar\/index.php\/category\/provinciales\/\" rel=\"category tag\">Provinciales<\/a> <a href=\"https:\/\/infotep.com.ar\/index.php\/category\/universitarias\/\" rel=\"category tag\">Universitarias<\/a>","tag_info":"Universitarias","comment_count":"0","_links":{"self":[{"href":"https:\/\/infotep.com.ar\/index.php\/wp-json\/wp\/v2\/posts\/16882"}],"collection":[{"href":"https:\/\/infotep.com.ar\/index.php\/wp-json\/wp\/v2\/posts"}],"about":[{"href":"https:\/\/infotep.com.ar\/index.php\/wp-json\/wp\/v2\/types\/post"}],"author":[{"embeddable":true,"href":"https:\/\/infotep.com.ar\/index.php\/wp-json\/wp\/v2\/users\/5"}],"replies":[{"embeddable":true,"href":"https:\/\/infotep.com.ar\/index.php\/wp-json\/wp\/v2\/comments?post=16882"}],"version-history":[{"count":1,"href":"https:\/\/infotep.com.ar\/index.php\/wp-json\/wp\/v2\/posts\/16882\/revisions"}],"predecessor-version":[{"id":16883,"href":"https:\/\/infotep.com.ar\/index.php\/wp-json\/wp\/v2\/posts\/16882\/revisions\/16883"}],"wp:featuredmedia":[{"embeddable":true,"href":"https:\/\/infotep.com.ar\/index.php\/wp-json\/wp\/v2\/media\/15389"}],"wp:attachment":[{"href":"https:\/\/infotep.com.ar\/index.php\/wp-json\/wp\/v2\/media?parent=16882"}],"wp:term":[{"taxonomy":"category","embeddable":true,"href":"https:\/\/infotep.com.ar\/index.php\/wp-json\/wp\/v2\/categories?post=16882"},{"taxonomy":"post_tag","embeddable":true,"href":"https:\/\/infotep.com.ar\/index.php\/wp-json\/wp\/v2\/tags?post=16882"}],"curies":[{"name":"wp","href":"https:\/\/api.w.org\/{rel}","templated":true}]}}