{"id":16927,"date":"2024-10-10T16:50:10","date_gmt":"2024-10-10T19:50:10","guid":{"rendered":"https:\/\/infotep.com.ar\/?p=16927"},"modified":"2024-10-10T16:55:11","modified_gmt":"2024-10-10T19:55:11","slug":"desde-seoca-zona-oeste-se-alerto-que-la-actividad-comercial-bajo-el-30-por-ciento","status":"publish","type":"post","link":"https:\/\/infotep.com.ar\/index.php\/2024\/10\/10\/desde-seoca-zona-oeste-se-alerto-que-la-actividad-comercial-bajo-el-30-por-ciento\/","title":{"rendered":"Desde SEOCA zona oeste se alert\u00f3 que la actividad comercial baj\u00f3 el 30 por ciento"},"content":{"rendered":"\n<p>El secretario de Prensa y Relaciones P\u00fablicas del Sindicato de Empleados y Obreros del Comercio Zona Oeste (SEOCA), Juan Valenzuela dialog\u00f3 con Todo es Pol\u00edtica y analiz\u00f3 la situaci\u00f3n actual que atraviesa el sector en un contexto de ajuste y baja del consumo. Adem\u00e1s analiz\u00f3 el rol del peronismo de cara a las elecciones legislativas 2025.<\/p>\n\n\n\n<figure class=\"wp-block-audio\"><audio controls src=\"blob:https:\/\/infotep.com.ar\/a57dd27a-de54-46e6-a5e7-c0c14395f6f2\"><\/audio><\/figure>\n\n\n\n<p class=\"has-light-green-cyan-background-color has-background\"><strong>El representante gremial detall\u00f3 que \u201ces muy complejo lo que est\u00e1 pasando, hay un escenario muy complicado, dir\u00eda casi cr\u00edtico. El comercio se ha contra\u00eddo en promedio un 30 por ciento de diciembre a la fecha. Hay una ca\u00edda de ventas muy fuerte en centros comerciales, en minoristas como indumentaria y calzado\u201d.<\/strong><\/p>\n\n\n\n<p>Por lo que marc\u00f3 que \u201choy es un privilegio vestirse, es un privilegio comprar elementos y \u00fatiles a los estudiantes\u201d.<\/p>\n\n\n\n<p>Con respecto al veto al financiamiento de las universidades reflexion\u00f3 \u201ces un a\u00f1o en que el balance no es positivo. No estamos sorprendidos porque estos puntos eran las bases de este gobierno que hizo campa\u00f1a con una motosierra\u201d<\/p>\n\n\n\n<p>\u201cEs muy triste lo que est\u00e1 pasando, y como nos han marcado los distintos momentos hist\u00f3ricos en nuestro pa\u00eds, esto tiene un l\u00edmite y el l\u00edmite siempre lo pone el pueblo, porque si se sigue as\u00ed vamos a llegar a un punto que es intolerable\u201d, analiz\u00f3.<br><\/p>\n\n\n\n<p><strong>\u00a0Rol del peronismo<\/strong><\/p>\n\n\n\n<p>\u201cSe observa que el peronismo hoy carece de conducci\u00f3n. Es lo que se observa en todos los debates, hay una realidad en la representaci\u00f3n de las bases, los dirigentes que tiene contacto directo con lo que pasa en el territorio, como es el caso nuestro que somos un sindicato de primer grado y los dirigentes tienen un contacto directo. Y dentro del peronismo, hay dirigentes que no hablan con el idioma del pueblo\u201d.<\/p>\n\n\n\n<p>\u201cNo s\u00e9 c\u00f3mo se va a dar el proceso de unidad, pero s\u00e9 que si no hay unidad dentro del movimiento nacional de cara al a\u00f1o que viene estamos complicados. Porque mientras m\u00e1s desarticulados est\u00e9n m\u00e1s facilidad va a tener el gobierno de seguir avanzando en estas cuestiones y poner en riesgo la soberan\u00eda\u201d, opin\u00f3.<\/p>\n","protected":false},"excerpt":{"rendered":"<p>El secretario de Prensa y Relaciones P&uacute;blicas del Sindicato de Empleados y Obreros del Comercio Zona Oeste (SEOCA), Juan Valenzuela dialog&oacute; con Todo es Pol&iacute;tica y analiz&oacute; la situaci&oacute;n actual que atraviesa el sector en un contexto de ajuste y baja del consumo. Adem&aacute;s analiz&oacute; el rol del peronismo de cara a las elecciones legislativas &hellip; <\/p>\n","protected":false},"author":5,"featured_media":6951,"comment_status":"closed","ping_status":"closed","sticky":false,"template":"","format":"standard","meta":{"om_disable_all_campaigns":false,"_joinchat":[]},"categories":[31,7],"tags":[541,46,540,539,43],"featured_image_urls":{"full":["https:\/\/infotep.com.ar\/wp-content\/uploads\/2023\/08\/comercios-ituzaingp.jpg",870,522,false],"thumbnail":["https:\/\/infotep.com.ar\/wp-content\/uploads\/2023\/08\/comercios-ituzaingp-150x150.jpg",150,150,true],"medium":["https:\/\/infotep.com.ar\/wp-content\/uploads\/2023\/08\/comercios-ituzaingp-300x180.jpg",300,180,true],"medium_large":["https:\/\/infotep.com.ar\/wp-content\/uploads\/2023\/08\/comercios-ituzaingp-768x461.jpg",768,461,true],"large":["https:\/\/infotep.com.ar\/wp-content\/uploads\/2023\/08\/comercios-ituzaingp.jpg",870,522,false],"1536x1536":["https:\/\/infotep.com.ar\/wp-content\/uploads\/2023\/08\/comercios-ituzaingp.jpg",870,522,false],"2048x2048":["https:\/\/infotep.com.ar\/wp-content\/uploads\/2023\/08\/comercios-ituzaingp.jpg",870,522,false],"blossom-feminine-slider":["https:\/\/infotep.com.ar\/wp-content\/uploads\/2023\/08\/comercios-ituzaingp.jpg",870,522,false],"blossom-feminine-featured":["https:\/\/infotep.com.ar\/wp-content\/uploads\/2023\/08\/comercios-ituzaingp.jpg",870,522,false],"blossom-feminine-with-sidebar":["https:\/\/infotep.com.ar\/wp-content\/uploads\/2023\/08\/comercios-ituzaingp.jpg",870,522,false],"blossom-feminine-blog":["https:\/\/infotep.com.ar\/wp-content\/uploads\/2023\/08\/comercios-ituzaingp-435x435.jpg",435,435,true],"blossom-feminine-cat":["https:\/\/infotep.com.ar\/wp-content\/uploads\/2023\/08\/comercios-ituzaingp-450x300.jpg",450,300,true],"blossom-feminine-related":["https:\/\/infotep.com.ar\/wp-content\/uploads\/2023\/08\/comercios-ituzaingp-320x200.jpg",320,200,true],"blossom-feminine-schema":["https:\/\/infotep.com.ar\/wp-content\/uploads\/2023\/08\/comercios-ituzaingp-100x60.jpg",100,60,true],"blossom-mommy-blog-slider-big":["https:\/\/infotep.com.ar\/wp-content\/uploads\/2023\/08\/comercios-ituzaingp.jpg",870,522,false],"blossom-mommy-blog-slider":["https:\/\/infotep.com.ar\/wp-content\/uploads\/2023\/08\/comercios-ituzaingp-460x310.jpg",460,310,true],"blossom-mommy-blog-two":["https:\/\/infotep.com.ar\/wp-content\/uploads\/2023\/08\/comercios-ituzaingp-768x480.jpg",768,480,true]},"author_info":{"info":["Angela Tobar"]},"category_info":"<a href=\"https:\/\/infotep.com.ar\/index.php\/category\/destacadas\/\" rel=\"category tag\">Destacadas<\/a> <a href=\"https:\/\/infotep.com.ar\/index.php\/category\/gremios\/\" rel=\"category tag\">Gremios<\/a>","tag_info":"Gremios","comment_count":"0","_links":{"self":[{"href":"https:\/\/infotep.com.ar\/index.php\/wp-json\/wp\/v2\/posts\/16927"}],"collection":[{"href":"https:\/\/infotep.com.ar\/index.php\/wp-json\/wp\/v2\/posts"}],"about":[{"href":"https:\/\/infotep.com.ar\/index.php\/wp-json\/wp\/v2\/types\/post"}],"author":[{"embeddable":true,"href":"https:\/\/infotep.com.ar\/index.php\/wp-json\/wp\/v2\/users\/5"}],"replies":[{"embeddable":true,"href":"https:\/\/infotep.com.ar\/index.php\/wp-json\/wp\/v2\/comments?post=16927"}],"version-history":[{"count":3,"href":"https:\/\/infotep.com.ar\/index.php\/wp-json\/wp\/v2\/posts\/16927\/revisions"}],"predecessor-version":[{"id":16931,"href":"https:\/\/infotep.com.ar\/index.php\/wp-json\/wp\/v2\/posts\/16927\/revisions\/16931"}],"wp:featuredmedia":[{"embeddable":true,"href":"https:\/\/infotep.com.ar\/index.php\/wp-json\/wp\/v2\/media\/6951"}],"wp:attachment":[{"href":"https:\/\/infotep.com.ar\/index.php\/wp-json\/wp\/v2\/media?parent=16927"}],"wp:term":[{"taxonomy":"category","embeddable":true,"href":"https:\/\/infotep.com.ar\/index.php\/wp-json\/wp\/v2\/categories?post=16927"},{"taxonomy":"post_tag","embeddable":true,"href":"https:\/\/infotep.com.ar\/index.php\/wp-json\/wp\/v2\/tags?post=16927"}],"curies":[{"name":"wp","href":"https:\/\/api.w.org\/{rel}","templated":true}]}}