{"id":16986,"date":"2024-10-12T14:36:42","date_gmt":"2024-10-12T17:36:42","guid":{"rendered":"https:\/\/infotep.com.ar\/?p=16986"},"modified":"2024-10-12T14:36:44","modified_gmt":"2024-10-12T17:36:44","slug":"el-paro-nacional-del-30-de-octubre-es-el-comienzo-del-plan-de-lucha-advirtio-maturano","status":"publish","type":"post","link":"https:\/\/infotep.com.ar\/index.php\/2024\/10\/12\/el-paro-nacional-del-30-de-octubre-es-el-comienzo-del-plan-de-lucha-advirtio-maturano\/","title":{"rendered":"El paro nacional del 30 de octubre es el comienzo del plan de lucha\u00bb, advirti\u00f3 Maturano"},"content":{"rendered":"\n<p>El titular de La Fraternidad es uno de los convocantes a la medida de fuerza del transporte contra el Gobierno de Javier Milei, junto camioneros, aeron\u00e1uticos y los gremios que conforman la flamante Mesa Nacional del Transporte.<\/p>\n\n\n\n<p><strong>El secretario general del Sindicato de Conductores de Trenes \u00abLa Fraternidad\u00bb, Omar Maturano, asegur\u00f3 que el paro del transporte del pr\u00f3ximo 30 de octubre ser\u00e1 el inicio de un plan de lucha que tendr\u00e1 m\u00e1s medidas de fuerza en los pr\u00f3ximos meses.<\/strong><\/p>\n\n\n\n<p>\u00abEste es el comienzo del plan de lucha. La Mesa Nacional del Transporte continuar\u00e1 con las medidas que acordemos\u201c, advirti\u00f3 el dirigente ferroviario, al ratificar las acciones contra el Gobierno nacional.<\/p>\n\n\n\n<p>Maturano form\u00f3 parte del masivo plenario realizado el pasado martes en el predio del taxistas en la Capital Federal, donde se defini\u00f3 la convocatoria a un paro nacional del transporte de 24 horas.<\/p>\n\n\n\n<p>Seg\u00fan confirm\u00f3 el titular de La Fraternidad, la medida de fuerza responde \u00abal ajuste permanente, al impuestazo y al tarifazo que golpea no solamente al bolsillo de los trabajadores activos, jubilados, a los compa\u00f1eros de salud, educaci\u00f3n y a todos los ciudadanos en general\u00bb.<\/p>\n\n\n\n<figure class=\"wp-block-image size-large\"><img decoding=\"async\" loading=\"lazy\" width=\"1024\" height=\"1024\" src=\"https:\/\/infotep.com.ar\/wp-content\/uploads\/2024\/10\/transpo-1024x1024.jpg\" alt=\"\" class=\"wp-image-16987\" srcset=\"https:\/\/infotep.com.ar\/wp-content\/uploads\/2024\/10\/transpo-1024x1024.jpg 1024w, https:\/\/infotep.com.ar\/wp-content\/uploads\/2024\/10\/transpo-300x300.jpg 300w, https:\/\/infotep.com.ar\/wp-content\/uploads\/2024\/10\/transpo-150x150.jpg 150w, https:\/\/infotep.com.ar\/wp-content\/uploads\/2024\/10\/transpo-768x768.jpg 768w, https:\/\/infotep.com.ar\/wp-content\/uploads\/2024\/10\/transpo-435x435.jpg 435w, https:\/\/infotep.com.ar\/wp-content\/uploads\/2024\/10\/transpo-60x60.jpg 60w, https:\/\/infotep.com.ar\/wp-content\/uploads\/2024\/10\/transpo.jpg 1340w\" sizes=\"(max-width: 1024px) 100vw, 1024px\" \/><\/figure>\n","protected":false},"excerpt":{"rendered":"<p>El titular de La Fraternidad es uno de los convocantes a la medida de fuerza del transporte contra el Gobierno de Javier Milei, junto camioneros, aeron&aacute;uticos y los gremios que conforman la flamante Mesa Nacional del Transporte. El secretario general del Sindicato de Conductores de Trenes &laquo;La Fraternidad&raquo;, Omar Maturano, asegur&oacute; que el paro del &hellip; <\/p>\n","protected":false},"author":5,"featured_media":11358,"comment_status":"closed","ping_status":"closed","sticky":false,"template":"","format":"standard","meta":{"om_disable_all_campaigns":false,"_joinchat":[]},"categories":[7],"tags":[46],"featured_image_urls":{"full":["https:\/\/infotep.com.ar\/wp-content\/uploads\/2024\/02\/paro-tren.jpg",1200,675,false],"thumbnail":["https:\/\/infotep.com.ar\/wp-content\/uploads\/2024\/02\/paro-tren-150x150.jpg",150,150,true],"medium":["https:\/\/infotep.com.ar\/wp-content\/uploads\/2024\/02\/paro-tren-300x169.jpg",300,169,true],"medium_large":["https:\/\/infotep.com.ar\/wp-content\/uploads\/2024\/02\/paro-tren-768x432.jpg",768,432,true],"large":["https:\/\/infotep.com.ar\/wp-content\/uploads\/2024\/02\/paro-tren-1024x576.jpg",1020,574,true],"1536x1536":["https:\/\/infotep.com.ar\/wp-content\/uploads\/2024\/02\/paro-tren.jpg",1200,675,false],"2048x2048":["https:\/\/infotep.com.ar\/wp-content\/uploads\/2024\/02\/paro-tren.jpg",1200,675,false],"blossom-feminine-slider":["https:\/\/infotep.com.ar\/wp-content\/uploads\/2024\/02\/paro-tren-1200x649.jpg",1200,649,true],"blossom-feminine-featured":["https:\/\/infotep.com.ar\/wp-content\/uploads\/2024\/02\/paro-tren-1200x600.jpg",1200,600,true],"blossom-feminine-with-sidebar":["https:\/\/infotep.com.ar\/wp-content\/uploads\/2024\/02\/paro-tren-1020x600.jpg",1020,600,true],"blossom-feminine-blog":["https:\/\/infotep.com.ar\/wp-content\/uploads\/2024\/02\/paro-tren-435x435.jpg",435,435,true],"blossom-feminine-cat":["https:\/\/infotep.com.ar\/wp-content\/uploads\/2024\/02\/paro-tren-450x300.jpg",450,300,true],"blossom-feminine-related":["https:\/\/infotep.com.ar\/wp-content\/uploads\/2024\/02\/paro-tren-320x200.jpg",320,200,true],"blossom-feminine-schema":["https:\/\/infotep.com.ar\/wp-content\/uploads\/2024\/02\/paro-tren-107x60.jpg",107,60,true],"blossom-mommy-blog-slider-big":["https:\/\/infotep.com.ar\/wp-content\/uploads\/2024\/02\/paro-tren-920x650.jpg",920,650,true],"blossom-mommy-blog-slider":["https:\/\/infotep.com.ar\/wp-content\/uploads\/2024\/02\/paro-tren-460x310.jpg",460,310,true],"blossom-mommy-blog-two":["https:\/\/infotep.com.ar\/wp-content\/uploads\/2024\/02\/paro-tren-768x480.jpg",768,480,true]},"author_info":{"info":["Angela Tobar"]},"category_info":"<a href=\"https:\/\/infotep.com.ar\/index.php\/category\/gremios\/\" rel=\"category tag\">Gremios<\/a>","tag_info":"Gremios","comment_count":"0","_links":{"self":[{"href":"https:\/\/infotep.com.ar\/index.php\/wp-json\/wp\/v2\/posts\/16986"}],"collection":[{"href":"https:\/\/infotep.com.ar\/index.php\/wp-json\/wp\/v2\/posts"}],"about":[{"href":"https:\/\/infotep.com.ar\/index.php\/wp-json\/wp\/v2\/types\/post"}],"author":[{"embeddable":true,"href":"https:\/\/infotep.com.ar\/index.php\/wp-json\/wp\/v2\/users\/5"}],"replies":[{"embeddable":true,"href":"https:\/\/infotep.com.ar\/index.php\/wp-json\/wp\/v2\/comments?post=16986"}],"version-history":[{"count":1,"href":"https:\/\/infotep.com.ar\/index.php\/wp-json\/wp\/v2\/posts\/16986\/revisions"}],"predecessor-version":[{"id":16988,"href":"https:\/\/infotep.com.ar\/index.php\/wp-json\/wp\/v2\/posts\/16986\/revisions\/16988"}],"wp:featuredmedia":[{"embeddable":true,"href":"https:\/\/infotep.com.ar\/index.php\/wp-json\/wp\/v2\/media\/11358"}],"wp:attachment":[{"href":"https:\/\/infotep.com.ar\/index.php\/wp-json\/wp\/v2\/media?parent=16986"}],"wp:term":[{"taxonomy":"category","embeddable":true,"href":"https:\/\/infotep.com.ar\/index.php\/wp-json\/wp\/v2\/categories?post=16986"},{"taxonomy":"post_tag","embeddable":true,"href":"https:\/\/infotep.com.ar\/index.php\/wp-json\/wp\/v2\/tags?post=16986"}],"curies":[{"name":"wp","href":"https:\/\/api.w.org\/{rel}","templated":true}]}}