{"id":17015,"date":"2024-10-14T14:46:56","date_gmt":"2024-10-14T17:46:56","guid":{"rendered":"https:\/\/infotep.com.ar\/?p=17015"},"modified":"2024-10-14T14:46:56","modified_gmt":"2024-10-14T17:46:56","slug":"la-comunidad-universitaria-debate-en-asambleas-la-continuidad-del-plan-de-lucha-contra-las-politicas-de-milei","status":"publish","type":"post","link":"https:\/\/infotep.com.ar\/index.php\/2024\/10\/14\/la-comunidad-universitaria-debate-en-asambleas-la-continuidad-del-plan-de-lucha-contra-las-politicas-de-milei\/","title":{"rendered":"La comunidad universitaria debate en asambleas la continuidad del plan de lucha contra las pol\u00edticas de Milei"},"content":{"rendered":"\n<p>El secretario de la Federaci\u00f3n Universitaria Argentina (FUA), Agust\u00edn Romero, plante\u00f3 que el Presidente quiere privatizar las universidades para convertirlas \u201cen un modelo que est\u00e9 al servicio del mercado\u201d.<br><br>En el marco de la reacci\u00f3n estudiantil contra el veto del presidente Javier Milei a la Ley de Financiamiento Universitario, la comunidad educativa debate en asambleas la continuidad del plan de lucha en defensa de la educaci\u00f3n p\u00fablica.<\/p>\n\n\n\n<p><strong>El estudiante y secretario de la Federaci\u00f3n Universitaria Argentina (FUA), Agust\u00edn Romero, revel\u00f3 que hoy se celebrar\u00e1n m\u00e1s de 30 asambleas en todo el pa\u00eds para definir acciones concretas que se sumar\u00e1n a las tomas de facultades en curso contra el recorte de la administraci\u00f3n libertaria.<\/strong><\/p>\n\n\n\n<p class=\"has-light-green-cyan-background-color has-background\">\u201cPueden ser ruidazos, cacerolazos educativos, clases p\u00fablicas en los diferentes horarios, y empezar a plantear interfacultades para unir todas las luchas, todas las facultades en un mismo plan de lucha para preparar una nueva marcha educativa\u201d, enumer\u00f3 en declaraciones a Splendid 990.<\/p>\n\n\n\n<p>A d\u00edas de la multitudinaria marcha universitaria, Romero defini\u00f3 que se trat\u00f3 de una acci\u00f3n pol\u00edtica en respuesta a los ataques de \u201ccar\u00e1cter pol\u00edtico\u201d del Gobierno. Para el titular de la FUA, las embestidas libertarias responden a que las altas casas de estudio son \u201cfuente de pensamiento cr\u00edtico y a su vez, un derecho accesible para todo el conjunto que nunca se privatiz\u00f3\u201d.<\/p>\n\n\n\n<p>\u201cEl Gobierno tiene un claro eje de ataque a todo lo p\u00fablico, por eso nuestra respuesta es pol\u00edtica\u201d, afirm\u00f3 al tiempo que pidi\u00f3 auditar a \u201ctodos los traidores que votaron aprobar un nuevo pr\u00e9stamos con el Fondo Monetario Internacional (FMI) que los tiene a todos en el Gabinete\u201d.<\/p>\n\n\n\n<p>Tras los reclamos del Ejecutivo para que las altas casas de estudio sean auditadas, el referente estudiantil afirm\u00f3: \u201cYa se auditan las universidades a trav\u00e9s de la AGN que depende del Congreso. No puede meterse el Ejecutivo a auditarnos porque sino es un chiste\u201d.<\/p>\n\n\n\n<p>\u201cSi invitaran al conjunto de estudiantes, a docentes y no docentes nos dar\u00edamos cuenta que plata es lo que falta para becas, para transporte, para los vi\u00e1ticos de transporte, para el comedor universitario, para los docentes ad honorem que tenemos\u201d, a\u00f1adi\u00f3.<\/p>\n\n\n\n<p>Asimismo, subray\u00f3 que Milei apuesta a privatizar la universidad p\u00fablica para \u201cconvertirla en un modelo que est\u00e9 al servicio del mercado, de los propios amigos de Milei y sus intereses y no al servicio de las poblaciones\u201d, y rechaz\u00f3 las cr\u00edticas a los estudiantes, docentes y no docentes.<\/p>\n\n\n\n<p>\u201cEl Presidente no sabe hacer una ecuaci\u00f3n. Miente en su curr\u00edculum. Tanto odia a la universidad y ha tratado de mentir diciendo que ha sido profesor y doctor de la universidad p\u00fablica que ataca. En ese sentido ha subido fake news, diciendo que ten\u00eda cada 8 empleados por cada un estudiante. Es un mamarracho\u201d, sentenci\u00f3.<\/p>\n\n\n\n<p>Por \u00faltimo, destac\u00f3 que el componente de alumnos que estudian en las universidades son trabajadores o hijos de trabajadores y prometi\u00f3 intensificar la defensa del derecho a la educaci\u00f3n contra \u201cun Presidente que quiere una universidad no p\u00fablica para unos pocos\u201d.<\/p>\n","protected":false},"excerpt":{"rendered":"<p>El secretario de la Federaci&oacute;n Universitaria Argentina (FUA), Agust&iacute;n Romero, plante&oacute; que el Presidente quiere privatizar las universidades para convertirlas &ldquo;en un modelo que est&eacute; al servicio del mercado&rdquo;. En el marco de la reacci&oacute;n estudiantil contra el veto del presidente Javier Milei a la Ley de Financiamiento Universitario, la comunidad educativa debate en asambleas &hellip; <\/p>\n","protected":false},"author":5,"featured_media":16654,"comment_status":"closed","ping_status":"closed","sticky":false,"template":"","format":"standard","meta":{"om_disable_all_campaigns":false,"_joinchat":[]},"categories":[6],"tags":[46,43],"featured_image_urls":{"full":["https:\/\/infotep.com.ar\/wp-content\/uploads\/2024\/10\/marcha-universitaria-1000x600-1.jpg",1000,600,false],"thumbnail":["https:\/\/infotep.com.ar\/wp-content\/uploads\/2024\/10\/marcha-universitaria-1000x600-1-150x150.jpg",150,150,true],"medium":["https:\/\/infotep.com.ar\/wp-content\/uploads\/2024\/10\/marcha-universitaria-1000x600-1-300x180.jpg",300,180,true],"medium_large":["https:\/\/infotep.com.ar\/wp-content\/uploads\/2024\/10\/marcha-universitaria-1000x600-1-768x461.jpg",768,461,true],"large":["https:\/\/infotep.com.ar\/wp-content\/uploads\/2024\/10\/marcha-universitaria-1000x600-1.jpg",1000,600,false],"1536x1536":["https:\/\/infotep.com.ar\/wp-content\/uploads\/2024\/10\/marcha-universitaria-1000x600-1.jpg",1000,600,false],"2048x2048":["https:\/\/infotep.com.ar\/wp-content\/uploads\/2024\/10\/marcha-universitaria-1000x600-1.jpg",1000,600,false],"blossom-feminine-slider":["https:\/\/infotep.com.ar\/wp-content\/uploads\/2024\/10\/marcha-universitaria-1000x600-1.jpg",1000,600,false],"blossom-feminine-featured":["https:\/\/infotep.com.ar\/wp-content\/uploads\/2024\/10\/marcha-universitaria-1000x600-1.jpg",1000,600,false],"blossom-feminine-with-sidebar":["https:\/\/infotep.com.ar\/wp-content\/uploads\/2024\/10\/marcha-universitaria-1000x600-1.jpg",1000,600,false],"blossom-feminine-blog":["https:\/\/infotep.com.ar\/wp-content\/uploads\/2024\/10\/marcha-universitaria-1000x600-1-435x435.jpg",435,435,true],"blossom-feminine-cat":["https:\/\/infotep.com.ar\/wp-content\/uploads\/2024\/10\/marcha-universitaria-1000x600-1-450x300.jpg",450,300,true],"blossom-feminine-related":["https:\/\/infotep.com.ar\/wp-content\/uploads\/2024\/10\/marcha-universitaria-1000x600-1-320x200.jpg",320,200,true],"blossom-feminine-schema":["https:\/\/infotep.com.ar\/wp-content\/uploads\/2024\/10\/marcha-universitaria-1000x600-1-100x60.jpg",100,60,true],"blossom-mommy-blog-slider-big":["https:\/\/infotep.com.ar\/wp-content\/uploads\/2024\/10\/marcha-universitaria-1000x600-1-920x600.jpg",920,600,true],"blossom-mommy-blog-slider":["https:\/\/infotep.com.ar\/wp-content\/uploads\/2024\/10\/marcha-universitaria-1000x600-1-460x310.jpg",460,310,true],"blossom-mommy-blog-two":["https:\/\/infotep.com.ar\/wp-content\/uploads\/2024\/10\/marcha-universitaria-1000x600-1-768x480.jpg",768,480,true]},"author_info":{"info":["Angela Tobar"]},"category_info":"<a href=\"https:\/\/infotep.com.ar\/index.php\/category\/universitarias\/\" rel=\"category tag\">Universitarias<\/a>","tag_info":"Universitarias","comment_count":"0","_links":{"self":[{"href":"https:\/\/infotep.com.ar\/index.php\/wp-json\/wp\/v2\/posts\/17015"}],"collection":[{"href":"https:\/\/infotep.com.ar\/index.php\/wp-json\/wp\/v2\/posts"}],"about":[{"href":"https:\/\/infotep.com.ar\/index.php\/wp-json\/wp\/v2\/types\/post"}],"author":[{"embeddable":true,"href":"https:\/\/infotep.com.ar\/index.php\/wp-json\/wp\/v2\/users\/5"}],"replies":[{"embeddable":true,"href":"https:\/\/infotep.com.ar\/index.php\/wp-json\/wp\/v2\/comments?post=17015"}],"version-history":[{"count":1,"href":"https:\/\/infotep.com.ar\/index.php\/wp-json\/wp\/v2\/posts\/17015\/revisions"}],"predecessor-version":[{"id":17016,"href":"https:\/\/infotep.com.ar\/index.php\/wp-json\/wp\/v2\/posts\/17015\/revisions\/17016"}],"wp:featuredmedia":[{"embeddable":true,"href":"https:\/\/infotep.com.ar\/index.php\/wp-json\/wp\/v2\/media\/16654"}],"wp:attachment":[{"href":"https:\/\/infotep.com.ar\/index.php\/wp-json\/wp\/v2\/media?parent=17015"}],"wp:term":[{"taxonomy":"category","embeddable":true,"href":"https:\/\/infotep.com.ar\/index.php\/wp-json\/wp\/v2\/categories?post=17015"},{"taxonomy":"post_tag","embeddable":true,"href":"https:\/\/infotep.com.ar\/index.php\/wp-json\/wp\/v2\/tags?post=17015"}],"curies":[{"name":"wp","href":"https:\/\/api.w.org\/{rel}","templated":true}]}}