{"id":17017,"date":"2024-10-14T14:51:04","date_gmt":"2024-10-14T17:51:04","guid":{"rendered":"https:\/\/infotep.com.ar\/?p=17017"},"modified":"2024-10-14T14:51:05","modified_gmt":"2024-10-14T17:51:05","slug":"nelson-castro-los-dichos-del-presidente-respecto-a-la-educacion-publica-son-muestra-de-una-ignorancia-tremenda","status":"publish","type":"post","link":"https:\/\/infotep.com.ar\/index.php\/2024\/10\/14\/nelson-castro-los-dichos-del-presidente-respecto-a-la-educacion-publica-son-muestra-de-una-ignorancia-tremenda\/","title":{"rendered":"Nelson Castro: &#8220;Los dichos del Presidente respecto a la educaci\u00f3n p\u00fablica son muestra de una ignorancia tremenda&#8221;"},"content":{"rendered":"\n<p>El periodista opin\u00f3 sobre la gesti\u00f3n de Javier Milei.<br><br>El periodista Nelson Castro habl\u00f3 con Pablo Montagna para su programa de Radio Rivadavia, \u201cPasamontagna\u201d, y detall\u00f3 los puntos en los que no coincide con el presidente Javier Milei.<\/p>\n\n\n\n<p class=\"has-light-green-cyan-background-color has-background\">El conductor asegur\u00f3 que  \u201cel Gobierno desconoce el pensamiento del otro, adem\u00e1s de desconocer hechos de la realidad&#8221;.<\/p>\n\n\n\n<p><strong>&#8220;Los dichos del Presidente respecto a la educaci\u00f3n p\u00fablica son una muestra de ignorancia tremenda. Hoy a la universidad p\u00fablica van chicos de todos los estratos sociales. El Presidente se qued\u00f3 con el extracto pol\u00edtico<\/strong>\u2026 Creer que ese es todo el tema y generar esta situaci\u00f3n de angustia e incertidumbre marca una supina ignorancia del Presidente de este problema que realmente alarma, porque cuando se tiene este nivel de ignorancia, la posibilidad de resolver el problema es nulo. <strong>El Presidente deber\u00eda ir a las facultades. Deber\u00eda ver, as\u00ed como deber\u00eda ver lo que se hace en el CONICET, y desprenderse del tema pol\u00edtico. Pero no porque no exista, sino porque no es la realidad del d\u00eda a d\u00eda&#8221;, <\/strong>afirm\u00f3 el conductor de \u201cCr\u00f3nica de una tarde anunciada\u201d, por Radio Rivadavia.<\/p>\n\n\n\n<p>\u201cEl Presidente deber\u00eda aprender sobre lo que hizo Sarmiento. La universidad p\u00fablica no se va a poder privatizar. Es algo irrealizable. No est\u00e1 viendo el Presidente, como consecuencia de su nivel de confrontaci\u00f3n, es una discusi\u00f3n sobre contenido universitario, tipos de carrera. Hay que hacer un an\u00e1lisis de qu\u00e9 pasa con las deserciones acad\u00e9micas. Hay debates que est\u00e1n en el mundo y que no ocurren. Hay docentes de primer nivel que pudiendo estar trabajando en todo el mundo, se han quedado en Argentina. Todo eso tiene un valor que cuando el presidente se expresa, se desecha mostrando un nivel de ignorancia\u201d, agreg\u00f3 Nelson.<\/p>\n","protected":false},"excerpt":{"rendered":"<p>El periodista opin&oacute; sobre la gesti&oacute;n de Javier Milei. El periodista Nelson Castro habl&oacute; con Pablo Montagna para su programa de Radio Rivadavia, &ldquo;Pasamontagna&rdquo;, y detall&oacute; los puntos en los que no coincide con el presidente Javier Milei. El conductor asegur&oacute; que &ldquo;el Gobierno desconoce el pensamiento del otro, adem&aacute;s de desconocer hechos de la &hellip; <\/p>\n","protected":false},"author":5,"featured_media":5565,"comment_status":"closed","ping_status":"closed","sticky":false,"template":"","format":"standard","meta":{"om_disable_all_campaigns":false,"_joinchat":[]},"categories":[4],"tags":[46,43],"featured_image_urls":{"full":["https:\/\/infotep.com.ar\/wp-content\/uploads\/2023\/06\/unahur-universidad.jpg",980,653,false],"thumbnail":["https:\/\/infotep.com.ar\/wp-content\/uploads\/2023\/06\/unahur-universidad-150x150.jpg",150,150,true],"medium":["https:\/\/infotep.com.ar\/wp-content\/uploads\/2023\/06\/unahur-universidad-300x200.jpg",300,200,true],"medium_large":["https:\/\/infotep.com.ar\/wp-content\/uploads\/2023\/06\/unahur-universidad-768x512.jpg",768,512,true],"large":["https:\/\/infotep.com.ar\/wp-content\/uploads\/2023\/06\/unahur-universidad.jpg",980,653,false],"1536x1536":["https:\/\/infotep.com.ar\/wp-content\/uploads\/2023\/06\/unahur-universidad.jpg",980,653,false],"2048x2048":["https:\/\/infotep.com.ar\/wp-content\/uploads\/2023\/06\/unahur-universidad.jpg",980,653,false],"blossom-feminine-slider":["https:\/\/infotep.com.ar\/wp-content\/uploads\/2023\/06\/unahur-universidad-980x649.jpg",980,649,true],"blossom-feminine-featured":["https:\/\/infotep.com.ar\/wp-content\/uploads\/2023\/06\/unahur-universidad-980x600.jpg",980,600,true],"blossom-feminine-with-sidebar":["https:\/\/infotep.com.ar\/wp-content\/uploads\/2023\/06\/unahur-universidad-980x600.jpg",980,600,true],"blossom-feminine-blog":["https:\/\/infotep.com.ar\/wp-content\/uploads\/2023\/06\/unahur-universidad-435x435.jpg",435,435,true],"blossom-feminine-cat":["https:\/\/infotep.com.ar\/wp-content\/uploads\/2023\/06\/unahur-universidad-450x300.jpg",450,300,true],"blossom-feminine-related":["https:\/\/infotep.com.ar\/wp-content\/uploads\/2023\/06\/unahur-universidad-320x200.jpg",320,200,true],"blossom-feminine-schema":["https:\/\/infotep.com.ar\/wp-content\/uploads\/2023\/06\/unahur-universidad-90x60.jpg",90,60,true],"blossom-mommy-blog-slider-big":["https:\/\/infotep.com.ar\/wp-content\/uploads\/2023\/06\/unahur-universidad-920x650.jpg",920,650,true],"blossom-mommy-blog-slider":["https:\/\/infotep.com.ar\/wp-content\/uploads\/2023\/06\/unahur-universidad-460x310.jpg",460,310,true],"blossom-mommy-blog-two":["https:\/\/infotep.com.ar\/wp-content\/uploads\/2023\/06\/unahur-universidad-768x480.jpg",768,480,true]},"author_info":{"info":["Angela Tobar"]},"category_info":"<a href=\"https:\/\/infotep.com.ar\/index.php\/category\/provinciales\/\" rel=\"category tag\">Provinciales<\/a>","tag_info":"Provinciales","comment_count":"0","_links":{"self":[{"href":"https:\/\/infotep.com.ar\/index.php\/wp-json\/wp\/v2\/posts\/17017"}],"collection":[{"href":"https:\/\/infotep.com.ar\/index.php\/wp-json\/wp\/v2\/posts"}],"about":[{"href":"https:\/\/infotep.com.ar\/index.php\/wp-json\/wp\/v2\/types\/post"}],"author":[{"embeddable":true,"href":"https:\/\/infotep.com.ar\/index.php\/wp-json\/wp\/v2\/users\/5"}],"replies":[{"embeddable":true,"href":"https:\/\/infotep.com.ar\/index.php\/wp-json\/wp\/v2\/comments?post=17017"}],"version-history":[{"count":1,"href":"https:\/\/infotep.com.ar\/index.php\/wp-json\/wp\/v2\/posts\/17017\/revisions"}],"predecessor-version":[{"id":17018,"href":"https:\/\/infotep.com.ar\/index.php\/wp-json\/wp\/v2\/posts\/17017\/revisions\/17018"}],"wp:featuredmedia":[{"embeddable":true,"href":"https:\/\/infotep.com.ar\/index.php\/wp-json\/wp\/v2\/media\/5565"}],"wp:attachment":[{"href":"https:\/\/infotep.com.ar\/index.php\/wp-json\/wp\/v2\/media?parent=17017"}],"wp:term":[{"taxonomy":"category","embeddable":true,"href":"https:\/\/infotep.com.ar\/index.php\/wp-json\/wp\/v2\/categories?post=17017"},{"taxonomy":"post_tag","embeddable":true,"href":"https:\/\/infotep.com.ar\/index.php\/wp-json\/wp\/v2\/tags?post=17017"}],"curies":[{"name":"wp","href":"https:\/\/api.w.org\/{rel}","templated":true}]}}