{"id":17080,"date":"2024-10-16T00:05:00","date_gmt":"2024-10-16T03:05:00","guid":{"rendered":"https:\/\/infotep.com.ar\/?p=17080"},"modified":"2024-10-16T00:05:08","modified_gmt":"2024-10-16T03:05:08","slug":"centro-regional-universitario-de-ituzaingo-realiza-una-nueva-expo-universidades","status":"publish","type":"post","link":"https:\/\/infotep.com.ar\/index.php\/2024\/10\/16\/centro-regional-universitario-de-ituzaingo-realiza-una-nueva-expo-universidades\/","title":{"rendered":"Centro Regional Universitario de Ituzaing\u00f3 realiza una nueva expo universidades"},"content":{"rendered":"\n<p><strong>Una nueva edici\u00f3n del encuentro que re\u00fane a cientos de estudiantes, escuelas, institutos de formaci\u00f3n y reconocidas universidades de la regi\u00f3n, vuelve a Ituzaing\u00f3, para conectar carreras con futuros graduados\/as. Se trata de la 3\u00aa edici\u00f3n de \u201cExpo Universidades y Formaci\u00f3n profesional\u201d, organizada por el Municipio de Ituzaing\u00f3, el viernes 18 y el s\u00e1bado 19 de octubre, en el Centro Regional Universitario (Los Pozos 268).<\/strong><\/p>\n\n\n\n<p class=\"has-light-green-cyan-background-color has-background\">Realizada por tercer a\u00f1o consecutivo, la expo busca acercar a la comunidad diversas propuestas educativas-formativas y la oferta acad\u00e9mica de reconocidas casas de estudios superiores, tanto p\u00fablicas como privadas, de toda la regi\u00f3n. Durante las dos jornadas habr\u00e1 puestos con informaci\u00f3n y espacios de intercambio, tales como charlas, talleres y otras actividades, para que estudiantes de nivel medio y comunidad en general puedan conocer los institutos, las universidades, las carreras y los ciclos de formaci\u00f3n y capacitaci\u00f3n disponibles.<\/p>\n\n\n\n<p>Estar\u00e1n presentes con stands informativos, el Centro Regional Universitario de Ituzaing\u00f3, las Universidades Nacionales de La Matanza, de Hurlingham, de San Mart\u00edn, del Oeste y de Tres de Febrero; la Universidad de Mor\u00f3n; la Universidad Abierta Interamericana (UAI); el Centro de Formaci\u00f3n Profesional Paula Albarrac\u00edn; y la Escuela de Guardavidas AMGAA, entre otros.<\/p>\n\n\n\n<p><strong>El viernes 18 de octubre, entre las 9 y las 17 hs, la expo estar\u00e1 abierta, exclusivamente, para estudiantes de establecimientos de educaci\u00f3n media, en tanto el s\u00e1bado 19 de octubre, de 13 a 17 hs, abre para la comunidad en general.<\/strong><\/p>\n\n\n\n<p>Con un show musical abierto al p\u00fablico, la banda local \u201cComplejo de Electra\u201d, cerrar\u00e1 la edici\u00f3n 2024 de la Expo Universidades.<\/p>\n","protected":false},"excerpt":{"rendered":"<p>Una nueva edici&oacute;n del encuentro que re&uacute;ne a cientos de estudiantes, escuelas, institutos de formaci&oacute;n y reconocidas universidades de la regi&oacute;n, vuelve a Ituzaing&oacute;, para conectar carreras con futuros graduados\/as. Se trata de la 3&ordf; edici&oacute;n de &ldquo;Expo Universidades y Formaci&oacute;n profesional&rdquo;, organizada por el Municipio de Ituzaing&oacute;, el viernes 18 y el s&aacute;bado 19 &hellip; <\/p>\n","protected":false},"author":5,"featured_media":17083,"comment_status":"closed","ping_status":"closed","sticky":false,"template":"","format":"standard","meta":{"om_disable_all_campaigns":false,"_joinchat":[]},"categories":[31,6],"tags":[46,51,43],"featured_image_urls":{"full":["https:\/\/infotep.com.ar\/wp-content\/uploads\/2024\/10\/universidad-centro-regional-ituzaingo.png",650,433,false],"thumbnail":["https:\/\/infotep.com.ar\/wp-content\/uploads\/2024\/10\/universidad-centro-regional-ituzaingo-150x150.png",150,150,true],"medium":["https:\/\/infotep.com.ar\/wp-content\/uploads\/2024\/10\/universidad-centro-regional-ituzaingo-300x200.png",300,200,true],"medium_large":["https:\/\/infotep.com.ar\/wp-content\/uploads\/2024\/10\/universidad-centro-regional-ituzaingo.png",650,433,false],"large":["https:\/\/infotep.com.ar\/wp-content\/uploads\/2024\/10\/universidad-centro-regional-ituzaingo.png",650,433,false],"1536x1536":["https:\/\/infotep.com.ar\/wp-content\/uploads\/2024\/10\/universidad-centro-regional-ituzaingo.png",650,433,false],"2048x2048":["https:\/\/infotep.com.ar\/wp-content\/uploads\/2024\/10\/universidad-centro-regional-ituzaingo.png",650,433,false],"blossom-feminine-slider":["https:\/\/infotep.com.ar\/wp-content\/uploads\/2024\/10\/universidad-centro-regional-ituzaingo.png",650,433,false],"blossom-feminine-featured":["https:\/\/infotep.com.ar\/wp-content\/uploads\/2024\/10\/universidad-centro-regional-ituzaingo.png",650,433,false],"blossom-feminine-with-sidebar":["https:\/\/infotep.com.ar\/wp-content\/uploads\/2024\/10\/universidad-centro-regional-ituzaingo.png",650,433,false],"blossom-feminine-blog":["https:\/\/infotep.com.ar\/wp-content\/uploads\/2024\/10\/universidad-centro-regional-ituzaingo-435x433.png",435,433,true],"blossom-feminine-cat":["https:\/\/infotep.com.ar\/wp-content\/uploads\/2024\/10\/universidad-centro-regional-ituzaingo-450x300.png",450,300,true],"blossom-feminine-related":["https:\/\/infotep.com.ar\/wp-content\/uploads\/2024\/10\/universidad-centro-regional-ituzaingo-320x200.png",320,200,true],"blossom-feminine-schema":["https:\/\/infotep.com.ar\/wp-content\/uploads\/2024\/10\/universidad-centro-regional-ituzaingo-90x60.png",90,60,true],"blossom-mommy-blog-slider-big":["https:\/\/infotep.com.ar\/wp-content\/uploads\/2024\/10\/universidad-centro-regional-ituzaingo.png",650,433,false],"blossom-mommy-blog-slider":["https:\/\/infotep.com.ar\/wp-content\/uploads\/2024\/10\/universidad-centro-regional-ituzaingo-460x310.png",460,310,true],"blossom-mommy-blog-two":["https:\/\/infotep.com.ar\/wp-content\/uploads\/2024\/10\/universidad-centro-regional-ituzaingo.png",650,433,false]},"author_info":{"info":["Angela Tobar"]},"category_info":"<a href=\"https:\/\/infotep.com.ar\/index.php\/category\/destacadas\/\" rel=\"category tag\">Destacadas<\/a> <a href=\"https:\/\/infotep.com.ar\/index.php\/category\/universitarias\/\" rel=\"category tag\">Universitarias<\/a>","tag_info":"Universitarias","comment_count":"0","_links":{"self":[{"href":"https:\/\/infotep.com.ar\/index.php\/wp-json\/wp\/v2\/posts\/17080"}],"collection":[{"href":"https:\/\/infotep.com.ar\/index.php\/wp-json\/wp\/v2\/posts"}],"about":[{"href":"https:\/\/infotep.com.ar\/index.php\/wp-json\/wp\/v2\/types\/post"}],"author":[{"embeddable":true,"href":"https:\/\/infotep.com.ar\/index.php\/wp-json\/wp\/v2\/users\/5"}],"replies":[{"embeddable":true,"href":"https:\/\/infotep.com.ar\/index.php\/wp-json\/wp\/v2\/comments?post=17080"}],"version-history":[{"count":1,"href":"https:\/\/infotep.com.ar\/index.php\/wp-json\/wp\/v2\/posts\/17080\/revisions"}],"predecessor-version":[{"id":17084,"href":"https:\/\/infotep.com.ar\/index.php\/wp-json\/wp\/v2\/posts\/17080\/revisions\/17084"}],"wp:featuredmedia":[{"embeddable":true,"href":"https:\/\/infotep.com.ar\/index.php\/wp-json\/wp\/v2\/media\/17083"}],"wp:attachment":[{"href":"https:\/\/infotep.com.ar\/index.php\/wp-json\/wp\/v2\/media?parent=17080"}],"wp:term":[{"taxonomy":"category","embeddable":true,"href":"https:\/\/infotep.com.ar\/index.php\/wp-json\/wp\/v2\/categories?post=17080"},{"taxonomy":"post_tag","embeddable":true,"href":"https:\/\/infotep.com.ar\/index.php\/wp-json\/wp\/v2\/tags?post=17080"}],"curies":[{"name":"wp","href":"https:\/\/api.w.org\/{rel}","templated":true}]}}