{"id":17096,"date":"2024-10-16T10:55:21","date_gmt":"2024-10-16T13:55:21","guid":{"rendered":"https:\/\/infotep.com.ar\/?p=17096"},"modified":"2024-10-16T10:55:22","modified_gmt":"2024-10-16T13:55:22","slug":"informe-de-la-uca-alerta-sobre-la-dramatica-situacion-de-los-jubilados-que-deben-hacer-changas-para-sobrevivir","status":"publish","type":"post","link":"https:\/\/infotep.com.ar\/index.php\/2024\/10\/16\/informe-de-la-uca-alerta-sobre-la-dramatica-situacion-de-los-jubilados-que-deben-hacer-changas-para-sobrevivir\/","title":{"rendered":"Informe de la UCA alerta sobre la dram\u00e1tica situaci\u00f3n de los jubilados que deben hacer changas para sobrevivir"},"content":{"rendered":"\n<p>El informe del Observatorio de la Deuda Social de la UCA, basado en el \u201cBar\u00f3metro de la deuda social con las personas mayores\u201d, revela una situaci\u00f3n alarmante entre los jubilados argentinos. Un tercio de los mayores de 60 a\u00f1os realiza trabajos temporales o &#8220;changas&#8221; por necesidad, mostrando la precarizaci\u00f3n laboral en este grupo. Las cifras reflejan un deterioro en sus condiciones de vida, agravado por la inseguridad alimentaria y la falta de acceso a atenci\u00f3n m\u00e9dica adecuada, todo producto de la insuficiencia de ingresos.<\/p>\n\n\n\n<p>El estudio, que analiza la \u00faltima d\u00e9cada (2013-2023), muestra que el 41% de los hogares con mayores de 60 a\u00f1os no alcanzan a cubrir sus necesidades b\u00e1sicas. Adem\u00e1s, el 31,8% de los adultos mayores que trabajan lo hace en condiciones de subempleo inestable, un incremento significativo respecto a la \u00e9poca prepandemia. El empleo precario y la falta de oportunidades golpean especialmente a las mujeres mayores, quienes adem\u00e1s enfrentan mayores dificultades para conseguir empleos formales.<\/p>\n\n\n\n<p>El informe destaca que esta precarizaci\u00f3n laboral se debe no solo a una falta de oportunidades, sino tambi\u00e9n a un contexto de pobreza estructural en Argentina. Factores como la baja escolarizaci\u00f3n y la acumulaci\u00f3n de carencias multidimensionales agravan la situaci\u00f3n de los jubilados. Adem\u00e1s, muchos de ellos han tenido que dejar de pagar impuestos o servicios, lo que refleja su vulnerabilidad econ\u00f3mica.<\/p>\n\n\n\n<p>El acceso a la salud es otro punto cr\u00edtico. En los \u00faltimos dos a\u00f1os, el 17,6% de los mayores de 60 a\u00f1os ha tenido dificultades para recibir atenci\u00f3n m\u00e9dica por razones econ\u00f3micas, cifra que es m\u00e1s alta en los sectores m\u00e1s pobres. Esta problem\u00e1tica se relaciona tambi\u00e9n con la inseguridad alimentaria, que afecta al 15,7% de los adultos mayores, especialmente a aquellos en los estratos m\u00e1s bajos, donde casi la mitad ha experimentado alg\u00fan grado de hambre.<\/p>\n\n\n\n<p>En conclusi\u00f3n, el informe de la UCA se\u00f1ala que la prolongaci\u00f3n de la vida laboral en Argentina no es una opci\u00f3n, sino una necesidad para muchos jubilados que no logran llegar a fin de mes. Las cifras de empleo precario, inseguridad alimentaria y dificultades econ\u00f3micas son un reflejo de la pobreza estructural que afecta a una gran parte de los adultos mayores en el pa\u00eds.<\/p>\n","protected":false},"excerpt":{"rendered":"<p>El informe del Observatorio de la Deuda Social de la UCA, basado en el &ldquo;Bar&oacute;metro de la deuda social con las personas mayores&rdquo;, revela una situaci&oacute;n alarmante entre los jubilados argentinos. Un tercio de los mayores de 60 a&ntilde;os realiza trabajos temporales o &ldquo;changas&rdquo; por necesidad, mostrando la precarizaci&oacute;n laboral en este grupo. Las cifras &hellip; <\/p>\n","protected":false},"author":5,"featured_media":15800,"comment_status":"closed","ping_status":"closed","sticky":false,"template":"","format":"standard","meta":{"om_disable_all_campaigns":false,"_joinchat":[]},"categories":[3],"tags":[46,43],"featured_image_urls":{"full":["https:\/\/infotep.com.ar\/wp-content\/uploads\/2024\/09\/marcha-jubilados.webp",800,477,false],"thumbnail":["https:\/\/infotep.com.ar\/wp-content\/uploads\/2024\/09\/marcha-jubilados-150x150.webp",150,150,true],"medium":["https:\/\/infotep.com.ar\/wp-content\/uploads\/2024\/09\/marcha-jubilados-300x179.webp",300,179,true],"medium_large":["https:\/\/infotep.com.ar\/wp-content\/uploads\/2024\/09\/marcha-jubilados-768x458.webp",768,458,true],"large":["https:\/\/infotep.com.ar\/wp-content\/uploads\/2024\/09\/marcha-jubilados.webp",800,477,false],"1536x1536":["https:\/\/infotep.com.ar\/wp-content\/uploads\/2024\/09\/marcha-jubilados.webp",800,477,false],"2048x2048":["https:\/\/infotep.com.ar\/wp-content\/uploads\/2024\/09\/marcha-jubilados.webp",800,477,false],"blossom-feminine-slider":["https:\/\/infotep.com.ar\/wp-content\/uploads\/2024\/09\/marcha-jubilados.webp",800,477,false],"blossom-feminine-featured":["https:\/\/infotep.com.ar\/wp-content\/uploads\/2024\/09\/marcha-jubilados.webp",800,477,false],"blossom-feminine-with-sidebar":["https:\/\/infotep.com.ar\/wp-content\/uploads\/2024\/09\/marcha-jubilados.webp",800,477,false],"blossom-feminine-blog":["https:\/\/infotep.com.ar\/wp-content\/uploads\/2024\/09\/marcha-jubilados-435x435.webp",435,435,true],"blossom-feminine-cat":["https:\/\/infotep.com.ar\/wp-content\/uploads\/2024\/09\/marcha-jubilados-450x300.webp",450,300,true],"blossom-feminine-related":["https:\/\/infotep.com.ar\/wp-content\/uploads\/2024\/09\/marcha-jubilados-320x200.webp",320,200,true],"blossom-feminine-schema":["https:\/\/infotep.com.ar\/wp-content\/uploads\/2024\/09\/marcha-jubilados-101x60.webp",101,60,true],"blossom-mommy-blog-slider-big":["https:\/\/infotep.com.ar\/wp-content\/uploads\/2024\/09\/marcha-jubilados.webp",800,477,false],"blossom-mommy-blog-slider":["https:\/\/infotep.com.ar\/wp-content\/uploads\/2024\/09\/marcha-jubilados-460x310.webp",460,310,true],"blossom-mommy-blog-two":["https:\/\/infotep.com.ar\/wp-content\/uploads\/2024\/09\/marcha-jubilados-768x477.webp",768,477,true]},"author_info":{"info":["Angela Tobar"]},"category_info":"<a href=\"https:\/\/infotep.com.ar\/index.php\/category\/nacionales\/\" rel=\"category tag\">Nacionales<\/a>","tag_info":"Nacionales","comment_count":"0","_links":{"self":[{"href":"https:\/\/infotep.com.ar\/index.php\/wp-json\/wp\/v2\/posts\/17096"}],"collection":[{"href":"https:\/\/infotep.com.ar\/index.php\/wp-json\/wp\/v2\/posts"}],"about":[{"href":"https:\/\/infotep.com.ar\/index.php\/wp-json\/wp\/v2\/types\/post"}],"author":[{"embeddable":true,"href":"https:\/\/infotep.com.ar\/index.php\/wp-json\/wp\/v2\/users\/5"}],"replies":[{"embeddable":true,"href":"https:\/\/infotep.com.ar\/index.php\/wp-json\/wp\/v2\/comments?post=17096"}],"version-history":[{"count":1,"href":"https:\/\/infotep.com.ar\/index.php\/wp-json\/wp\/v2\/posts\/17096\/revisions"}],"predecessor-version":[{"id":17097,"href":"https:\/\/infotep.com.ar\/index.php\/wp-json\/wp\/v2\/posts\/17096\/revisions\/17097"}],"wp:featuredmedia":[{"embeddable":true,"href":"https:\/\/infotep.com.ar\/index.php\/wp-json\/wp\/v2\/media\/15800"}],"wp:attachment":[{"href":"https:\/\/infotep.com.ar\/index.php\/wp-json\/wp\/v2\/media?parent=17096"}],"wp:term":[{"taxonomy":"category","embeddable":true,"href":"https:\/\/infotep.com.ar\/index.php\/wp-json\/wp\/v2\/categories?post=17096"},{"taxonomy":"post_tag","embeddable":true,"href":"https:\/\/infotep.com.ar\/index.php\/wp-json\/wp\/v2\/tags?post=17096"}],"curies":[{"name":"wp","href":"https:\/\/api.w.org\/{rel}","templated":true}]}}