{"id":17101,"date":"2024-10-16T11:21:07","date_gmt":"2024-10-16T14:21:07","guid":{"rendered":"https:\/\/infotep.com.ar\/?p=17101"},"modified":"2024-10-16T11:21:08","modified_gmt":"2024-10-16T14:21:08","slug":"trabajadores-del-garrahan-en-pie-de-lucha-anuncian-marcha-blanca-de-la-salud-y-la-educacion","status":"publish","type":"post","link":"https:\/\/infotep.com.ar\/index.php\/2024\/10\/16\/trabajadores-del-garrahan-en-pie-de-lucha-anuncian-marcha-blanca-de-la-salud-y-la-educacion\/","title":{"rendered":"Trabajadores del Garrahan en pie de lucha anuncian marcha Blanca de la salud y la educaci\u00f3n"},"content":{"rendered":"\n<p>El Equipo de Salud del Garrahan, residentes y estudiantes universitarios marchan a Plaza de Mayo el pr\u00f3ximo 22 de octubre.<\/p>\n\n\n\n<p>&#8220;Las y los trabajadores de la Salud y el movimiento estudiantil, tenemos que decirle basta a este experimento siniestro\u201d, se marc\u00f3 por medio de un comunicado.<\/p>\n\n\n\n<p>Las y los trabajadores del Hospital Garrahan y m\u00e1s de 30 asambleas estudiantiles en la UBA, el Conurbano y el interior del pa\u00eds, votaron marchar juntos el pr\u00f3ximo 22 de octubre, desde Congreso a Plaza de Mayo en lo que llamamos \u201cMarcha Blanca de la salud y la educaci\u00f3n\u201d.<\/p>\n\n\n\n<p><strong>\u201cVamos a dar un paso muy importante el pr\u00f3ximo 22 de octubre: vamos a marchar de Congreso a Plaza de Mayo, parando en el hospital, junto a residentes, y cientos de estudiantes universitarios que est\u00e1n dando un ejemplo con asambleas y tomas de facultades en todo el pa\u00eds: m\u00e1s de 30 asambleas resolvieron confluir con nuestra propuesta de unidad en defensa de lo obvio, de lo m\u00e1s b\u00e1sico: la salud y la educaci\u00f3n p\u00fablica\u201d, se detall\u00f3.<\/strong><br><strong><br><\/strong>Desde el movimiento estudiantil, Agust\u00edn Romero, secretario de organizaci\u00f3n de la FUA e integrante del Centro de Estudiantes de la Facultad de Sociales (UBA), se expres\u00f3 diciendo: \u201cCerrar hospitales, vaciar el Garrahan y atacar la universidad p\u00fablica es parte de un experimento siniestro de un gobierno anti-todo lo que est\u00e1 bien. Por eso, impulsamos y votamos con total conciencia unificar nuestro reclamo contra el veto de Milei y en rechazo al Presupuesto 2025 de ajuste anti-educativo y anti-sanitario para pagar deuda externa, con el Garrahan, los residentes, el Hospital Bonaparte y todos los sectores de que se opongan a esta aberraci\u00f3n que nos agrede desde que asumi\u00f3\u201d<br><br>En este contexto se ratific\u00f3 que se defiende &#8220;con mucha fuerza y unidad el hospital p\u00fablico y en ese sentido contra las declaraciones del Ministro Francos defendemos el Sistema \u00danico P\u00fablico gratuito y de calidad, que el estado debe robustecer para garantizar el derecho a la salud de la poblaci\u00f3n&#8221;.<\/p>\n\n\n\n<p>Adem\u00e1s, este viernes 18 de octubre se estar\u00e1 convocando un Cabildo Abierto en defensa de la salud en el  hospital, donde junto a representantes de diversas organizaciones del campo hospitalario se estar\u00e1  definiendo colectivamente la hoja de ruta, ante la ausencia de las centrales obreras, de UPCN, y de qui\u00e9nes debieran apalancar una fuerte movilizaci\u00f3n. <\/p>\n\n\n\n<p>&#8220;Pero ya lo resolvimos: no esperamos m\u00e1s, nos hacemos cargo y amplificamos la convocatoria a todo nuestro pueblo que defiende el hospital p\u00fablico y la universidad. La salud y la universidad no se vetan\u201d, se opin\u00f3.<\/p>\n\n\n\n<p>Finalmente, Marisabel Lombardi, estudiante de Medicina (UBA) y asamble\u00edsta de esa facultad, sum\u00f3: \u201dFue muy emocionante nuestra asamblea de ayer, por su masividad, por su representatividad, porque definimos tomar la facultad, que es nuestra casa, nuestro lugar y marchar orgullosamente con el equipo de salud del Garrahan y otros sectores. El 22 de octubre puede ser un punto de quiebre en este movimiento que escala, que crece, que no decae\u201d.<\/p>\n","protected":false},"excerpt":{"rendered":"<p>El Equipo de Salud del Garrahan, residentes y estudiantes universitarios marchan a Plaza de Mayo el pr&oacute;ximo 22 de octubre. &ldquo;Las y los trabajadores de la Salud y el movimiento estudiantil, tenemos que decirle basta a este experimento siniestro&rdquo;, se marc&oacute; por medio de un comunicado. Las y los trabajadores del Hospital Garrahan y m&aacute;s &hellip; <\/p>\n","protected":false},"author":5,"featured_media":17102,"comment_status":"closed","ping_status":"closed","sticky":false,"template":"","format":"standard","meta":{"om_disable_all_campaigns":false,"_joinchat":[]},"categories":[7,3],"tags":[46,43],"featured_image_urls":{"full":["https:\/\/infotep.com.ar\/wp-content\/uploads\/2024\/10\/garrhan.jpg",1440,1084,false],"thumbnail":["https:\/\/infotep.com.ar\/wp-content\/uploads\/2024\/10\/garrhan-150x150.jpg",150,150,true],"medium":["https:\/\/infotep.com.ar\/wp-content\/uploads\/2024\/10\/garrhan-300x226.jpg",300,226,true],"medium_large":["https:\/\/infotep.com.ar\/wp-content\/uploads\/2024\/10\/garrhan-768x578.jpg",768,578,true],"large":["https:\/\/infotep.com.ar\/wp-content\/uploads\/2024\/10\/garrhan-1024x771.jpg",1020,768,true],"1536x1536":["https:\/\/infotep.com.ar\/wp-content\/uploads\/2024\/10\/garrhan.jpg",1440,1084,false],"2048x2048":["https:\/\/infotep.com.ar\/wp-content\/uploads\/2024\/10\/garrhan.jpg",1440,1084,false],"blossom-feminine-slider":["https:\/\/infotep.com.ar\/wp-content\/uploads\/2024\/10\/garrhan-1440x649.jpg",1440,649,true],"blossom-feminine-featured":["https:\/\/infotep.com.ar\/wp-content\/uploads\/2024\/10\/garrhan-1410x600.jpg",1410,600,true],"blossom-feminine-with-sidebar":["https:\/\/infotep.com.ar\/wp-content\/uploads\/2024\/10\/garrhan-1020x600.jpg",1020,600,true],"blossom-feminine-blog":["https:\/\/infotep.com.ar\/wp-content\/uploads\/2024\/10\/garrhan-435x435.jpg",435,435,true],"blossom-feminine-cat":["https:\/\/infotep.com.ar\/wp-content\/uploads\/2024\/10\/garrhan-450x300.jpg",450,300,true],"blossom-feminine-related":["https:\/\/infotep.com.ar\/wp-content\/uploads\/2024\/10\/garrhan-320x200.jpg",320,200,true],"blossom-feminine-schema":["https:\/\/infotep.com.ar\/wp-content\/uploads\/2024\/10\/garrhan-80x60.jpg",80,60,true],"blossom-mommy-blog-slider-big":["https:\/\/infotep.com.ar\/wp-content\/uploads\/2024\/10\/garrhan-920x650.jpg",920,650,true],"blossom-mommy-blog-slider":["https:\/\/infotep.com.ar\/wp-content\/uploads\/2024\/10\/garrhan-460x310.jpg",460,310,true],"blossom-mommy-blog-two":["https:\/\/infotep.com.ar\/wp-content\/uploads\/2024\/10\/garrhan-768x480.jpg",768,480,true]},"author_info":{"info":["Angela Tobar"]},"category_info":"<a href=\"https:\/\/infotep.com.ar\/index.php\/category\/gremios\/\" rel=\"category tag\">Gremios<\/a> <a href=\"https:\/\/infotep.com.ar\/index.php\/category\/nacionales\/\" rel=\"category tag\">Nacionales<\/a>","tag_info":"Nacionales","comment_count":"0","_links":{"self":[{"href":"https:\/\/infotep.com.ar\/index.php\/wp-json\/wp\/v2\/posts\/17101"}],"collection":[{"href":"https:\/\/infotep.com.ar\/index.php\/wp-json\/wp\/v2\/posts"}],"about":[{"href":"https:\/\/infotep.com.ar\/index.php\/wp-json\/wp\/v2\/types\/post"}],"author":[{"embeddable":true,"href":"https:\/\/infotep.com.ar\/index.php\/wp-json\/wp\/v2\/users\/5"}],"replies":[{"embeddable":true,"href":"https:\/\/infotep.com.ar\/index.php\/wp-json\/wp\/v2\/comments?post=17101"}],"version-history":[{"count":1,"href":"https:\/\/infotep.com.ar\/index.php\/wp-json\/wp\/v2\/posts\/17101\/revisions"}],"predecessor-version":[{"id":17103,"href":"https:\/\/infotep.com.ar\/index.php\/wp-json\/wp\/v2\/posts\/17101\/revisions\/17103"}],"wp:featuredmedia":[{"embeddable":true,"href":"https:\/\/infotep.com.ar\/index.php\/wp-json\/wp\/v2\/media\/17102"}],"wp:attachment":[{"href":"https:\/\/infotep.com.ar\/index.php\/wp-json\/wp\/v2\/media?parent=17101"}],"wp:term":[{"taxonomy":"category","embeddable":true,"href":"https:\/\/infotep.com.ar\/index.php\/wp-json\/wp\/v2\/categories?post=17101"},{"taxonomy":"post_tag","embeddable":true,"href":"https:\/\/infotep.com.ar\/index.php\/wp-json\/wp\/v2\/tags?post=17101"}],"curies":[{"name":"wp","href":"https:\/\/api.w.org\/{rel}","templated":true}]}}