{"id":17166,"date":"2024-10-18T15:31:10","date_gmt":"2024-10-18T18:31:10","guid":{"rendered":"https:\/\/infotep.com.ar\/?p=17166"},"modified":"2024-10-18T15:31:11","modified_gmt":"2024-10-18T18:31:11","slug":"murio-gines-gonzalez-garcia-a-los-79-anos","status":"publish","type":"post","link":"https:\/\/infotep.com.ar\/index.php\/2024\/10\/18\/murio-gines-gonzalez-garcia-a-los-79-anos\/","title":{"rendered":"Muri\u00f3 Gin\u00e9s Gonz\u00e1lez Garc\u00eda a los 79 a\u00f1os"},"content":{"rendered":"\n<p>El ex ministro de Salud estaba internado en el Instituto Quir\u00fargico del Callao y falleci\u00f3 como consecuencia de un c\u00e1ncer.<br><br>El ex ministro de Salud Gin\u00e9s Gonz\u00e1lez Garc\u00eda falleci\u00f3 a los 79 a\u00f1os, afectado por una dura<br>enfermedad. Estaba internado en el Instituto Quir\u00fargico del Callao por un c\u00e1ncer contra el que batallaba.<\/p>\n\n\n\n<p>Pasado el mediod\u00eda, desde las redes sociales del exfuncionario, sus allegados comunicaron la noticia mediante un sentido mensaje: \u201cCon mucha tristeza despedimos a un hombre distinto, cuya vida y legado han marcado un antes y un despu\u00e9s en nuestras vidas. Hijo, hermano, padre, abuelo y amigo. Su paso por este mundo dej\u00f3 una huella y una impronta que seguir\u00e1n abriendo caminos en cada uno de nosotros y nosotras&#8221;.<\/p>\n\n\n\n<p>\u201cSu inquebrantable convicci\u00f3n por un mundo m\u00e1s justo fue un faro y un ejemplo de integridad en un camino muchas veces arduo. Su capacidad para escuchar, comprender y guiar a quienes lo rodeaban hizo que todos nos sinti\u00e9ramos parte de algo m\u00e1s grande\u201d, destacaron, y completaron: \u201cNos ense\u00f1\u00f3 que el verdadero liderazgo se sustenta en el servicio, la empat\u00eda, la colaboraci\u00f3n y el consenso. Hoy, mientras lloramos su partida, tambi\u00e9n celebramos su vida\u201d.<\/p>\n\n\n\n<p>En la misma l\u00ednea, escribieron: \u201cRecordaremos sus risas, su mirada siempre distinta, sus ideales por una Argentina mejor, y su eterna pasi\u00f3n por Racing. Gracias Gin\u00e9s. Por ser un hombre extraordinario, el sanitarista contempor\u00e1neo que cambi\u00f3 paradigmas y cultiv\u00f3 su lealtad de un modo \u00fanico. Su memoria vivir\u00e1 en nuestros corazones y en cada paso que demos hacia un mundo m\u00e1s justo y solidario\u201d.<\/p>\n\n\n\n<p>El sanitarista ser\u00e1 velado esta tarde, a las 18, en en la Universidad Isalud, ubicada en Venezuela 847, de la que era rector honorario.<\/p>\n\n\n\n<p>Nacido en San Nicol\u00e1s, provincia de Buenos Aires, el 31 de agosto 1945, Gonz\u00e1lez Garc\u00eda curs\u00f3 sus estudios universitarios en la Universidad Nacional de C\u00f3rdoba con especializaci\u00f3n en cirug\u00eda y se diplom\u00f3 en la Universidad de Buenos Aires en salud p\u00fablica.<\/p>\n\n\n\n<p>Tambi\u00e9n realiz\u00f3 una maestr\u00eda en Econom\u00eda y Gesti\u00f3n P\u00fablica en la Universidad de Lomas de Zamora, y en el a\u00f1o 2019, fue distinguido con un Doctorado Honoris Causa en la Universidad de Mor\u00f3n.<\/p>\n\n\n\n<p>Se desempe\u00f1\u00f3 como ministro de Salud de la provincia de Buenos Aires, bajo el mandato de Antonio Cafiero desde 1987 hasta 1991. Siete a\u00f1os m\u00e1s tarde, fue ministro de Salud y Ambiente durante la presidencia de Eduardo Duhalde, cargo en el que fue ratificado en 2003 por N\u00e9stor Kirchner.<\/p>\n\n\n\n<p>Entre 2007 fue designado como embajador argentino en Chile, hasta el 2015 tras la victoria del ex presidente Mauricio Macri.<\/p>\n\n\n\n<p>El regreso al Poder Ejecutivo se dio reci\u00e9n en diciembre 2019, con el asenso de Alberto Fern\u00e1ndez al poder. Gonz\u00e1lez Garc\u00eda estuvo a cargo del Ministerio de Salud durante el tramo m\u00e1s duro de la pandemia del COVID-19 y su estad\u00eda concluy\u00f3 en 2021 a ra\u00edz de la pol\u00e9mica desatada por &#8220;Vacunatorio Vip&#8221;.<\/p>\n\n\n\n<p>El episodio por la irregular distribuci\u00f3n de las vacunas marc\u00f3 el fin de la carrera del cirujano en el Gabinete de Alberto Fern\u00e1ndez y Cristina Kirchner.<\/p>\n","protected":false},"excerpt":{"rendered":"<p>El ex ministro de Salud estaba internado en el Instituto Quir&uacute;rgico del Callao y falleci&oacute; como consecuencia de un c&aacute;ncer. El ex ministro de Salud Gin&eacute;s Gonz&aacute;lez Garc&iacute;a falleci&oacute; a los 79 a&ntilde;os, afectado por una duraenfermedad. Estaba internado en el Instituto Quir&uacute;rgico del Callao por un c&aacute;ncer contra el que batallaba. Pasado el mediod&iacute;a, &hellip; <\/p>\n","protected":false},"author":5,"featured_media":17167,"comment_status":"closed","ping_status":"closed","sticky":false,"template":"","format":"standard","meta":{"om_disable_all_campaigns":false,"_joinchat":[]},"categories":[3],"tags":[46,43],"featured_image_urls":{"full":["https:\/\/infotep.com.ar\/wp-content\/uploads\/2024\/10\/gines.webp",909,720,false],"thumbnail":["https:\/\/infotep.com.ar\/wp-content\/uploads\/2024\/10\/gines-150x150.webp",150,150,true],"medium":["https:\/\/infotep.com.ar\/wp-content\/uploads\/2024\/10\/gines-300x238.webp",300,238,true],"medium_large":["https:\/\/infotep.com.ar\/wp-content\/uploads\/2024\/10\/gines-768x608.webp",768,608,true],"large":["https:\/\/infotep.com.ar\/wp-content\/uploads\/2024\/10\/gines.webp",909,720,false],"1536x1536":["https:\/\/infotep.com.ar\/wp-content\/uploads\/2024\/10\/gines.webp",909,720,false],"2048x2048":["https:\/\/infotep.com.ar\/wp-content\/uploads\/2024\/10\/gines.webp",909,720,false],"blossom-feminine-slider":["https:\/\/infotep.com.ar\/wp-content\/uploads\/2024\/10\/gines-909x649.webp",909,649,true],"blossom-feminine-featured":["https:\/\/infotep.com.ar\/wp-content\/uploads\/2024\/10\/gines-909x600.webp",909,600,true],"blossom-feminine-with-sidebar":["https:\/\/infotep.com.ar\/wp-content\/uploads\/2024\/10\/gines-909x600.webp",909,600,true],"blossom-feminine-blog":["https:\/\/infotep.com.ar\/wp-content\/uploads\/2024\/10\/gines-435x435.webp",435,435,true],"blossom-feminine-cat":["https:\/\/infotep.com.ar\/wp-content\/uploads\/2024\/10\/gines-450x300.webp",450,300,true],"blossom-feminine-related":["https:\/\/infotep.com.ar\/wp-content\/uploads\/2024\/10\/gines-320x200.webp",320,200,true],"blossom-feminine-schema":["https:\/\/infotep.com.ar\/wp-content\/uploads\/2024\/10\/gines-76x60.webp",76,60,true],"blossom-mommy-blog-slider-big":["https:\/\/infotep.com.ar\/wp-content\/uploads\/2024\/10\/gines-909x650.webp",909,650,true],"blossom-mommy-blog-slider":["https:\/\/infotep.com.ar\/wp-content\/uploads\/2024\/10\/gines-460x310.webp",460,310,true],"blossom-mommy-blog-two":["https:\/\/infotep.com.ar\/wp-content\/uploads\/2024\/10\/gines-768x480.webp",768,480,true]},"author_info":{"info":["Angela Tobar"]},"category_info":"<a href=\"https:\/\/infotep.com.ar\/index.php\/category\/nacionales\/\" rel=\"category tag\">Nacionales<\/a>","tag_info":"Nacionales","comment_count":"0","_links":{"self":[{"href":"https:\/\/infotep.com.ar\/index.php\/wp-json\/wp\/v2\/posts\/17166"}],"collection":[{"href":"https:\/\/infotep.com.ar\/index.php\/wp-json\/wp\/v2\/posts"}],"about":[{"href":"https:\/\/infotep.com.ar\/index.php\/wp-json\/wp\/v2\/types\/post"}],"author":[{"embeddable":true,"href":"https:\/\/infotep.com.ar\/index.php\/wp-json\/wp\/v2\/users\/5"}],"replies":[{"embeddable":true,"href":"https:\/\/infotep.com.ar\/index.php\/wp-json\/wp\/v2\/comments?post=17166"}],"version-history":[{"count":1,"href":"https:\/\/infotep.com.ar\/index.php\/wp-json\/wp\/v2\/posts\/17166\/revisions"}],"predecessor-version":[{"id":17168,"href":"https:\/\/infotep.com.ar\/index.php\/wp-json\/wp\/v2\/posts\/17166\/revisions\/17168"}],"wp:featuredmedia":[{"embeddable":true,"href":"https:\/\/infotep.com.ar\/index.php\/wp-json\/wp\/v2\/media\/17167"}],"wp:attachment":[{"href":"https:\/\/infotep.com.ar\/index.php\/wp-json\/wp\/v2\/media?parent=17166"}],"wp:term":[{"taxonomy":"category","embeddable":true,"href":"https:\/\/infotep.com.ar\/index.php\/wp-json\/wp\/v2\/categories?post=17166"},{"taxonomy":"post_tag","embeddable":true,"href":"https:\/\/infotep.com.ar\/index.php\/wp-json\/wp\/v2\/tags?post=17166"}],"curies":[{"name":"wp","href":"https:\/\/api.w.org\/{rel}","templated":true}]}}