{"id":17169,"date":"2024-10-18T15:34:09","date_gmt":"2024-10-18T18:34:09","guid":{"rendered":"https:\/\/infotep.com.ar\/?p=17169"},"modified":"2024-10-18T15:34:10","modified_gmt":"2024-10-18T18:34:10","slug":"cerca-de-la-cgt-y-sin-la-campora-kicillof-encabezo-su-acto-por-el-dia-de-la-lealtad","status":"publish","type":"post","link":"https:\/\/infotep.com.ar\/index.php\/2024\/10\/18\/cerca-de-la-cgt-y-sin-la-campora-kicillof-encabezo-su-acto-por-el-dia-de-la-lealtad\/","title":{"rendered":"Cerca de la CGT y sin La C\u00e1mpora, Kicillof encabez\u00f3 su acto por el D\u00eda de la Lealtad"},"content":{"rendered":"\n<p>El gobernador estuvo acompa\u00f1ado por una decena de intendentes, gremialistas y funcionarios de su gesti\u00f3n.<br><br>El gobernador de Buenos Aires, Axel Kicillof, encabez\u00f3 su acto por el 17 de Octubre en la<br>localidad de Berisso, donde estuvo acompa\u00f1ado por la primera plana de la Confederaci\u00f3n General del Trabajo (CGT) e intendentes del PJ, sin la presencia de ning\u00fan representante de La C\u00e1mpora.<\/p>\n\n\n\n<p><strong>En medio del enfrentamiento con el sector que lidera la ex presidenta Cristina Kirchner y a poco de finalizar el per\u00edodo para presentar listas para la competencia por la presidencia del Partido Justicialista, Kicillof fue protagonista del acto m\u00e1s amplio de la jornada por el D\u00eda de la Lealtad.<\/strong><\/p>\n\n\n\n<p>Kicillof fue el \u00fanico orador del acto por el D\u00eda de la Lealtad del 17 de octubre, ocasi\u00f3n en la que brind\u00f3 un nuevo respaldo a la ex mandataria Cristina Kirchner en medio de las tensas negociaciones por la interna del PJ.<\/p>\n\n\n\n<p>&#8220;Basta de persecuci\u00f3n y proscripciones&#8221;, reclam\u00f3, al advertir que &#8220;en pocos d\u00edas un tribunal de la verg\u00fcenza en Comodoro Py, con una causa inventada y trucha, va a querer hacerle creer a alguien&#8221; que la ex presidenta &#8220;es culpable en la causa Vialidad&#8221;, en referencia la fallo de la C\u00e1mara de Casaci\u00f3n que se conocer\u00e1 el 13 de noviembre.<\/p>\n\n\n\n<p>No fue la \u00fanica alusi\u00f3n a Fern\u00e1ndez de Kirchner que Kicillof hizo a lo largo de su extenso discurso pronunciado en la ciudad de Berisso, considerada el &#8220;kil\u00f3metro cero&#8221; del peronismo. En clave electoral, Kicillof sostuvo que en el Gobierno, al que defini\u00f3 como una estafa &#8220;piramidal&#8221;, saben que &#8220;este proyecto pol\u00edtico y este pueblo es el que el a\u00f1o que viene le va a poner un freno a Milei en las urnas y va a empezar a construir una alternativa superadora&#8221;.<\/p>\n\n\n\n<p>Y pidi\u00f3 &#8220;no dramatizar&#8221; al citar la arenga de la ex mandataria respecto de que &#8220;ac\u00e1 no sobra nadie y en la discusi\u00f3n somos todos iguales&#8221;, por lo que llam\u00f3 a &#8220;construir una s\u00edntesis superadora&#8221;. &#8220;No me interesa disputar ninguna interna, mi responsabilidad y mi mandato es el de conducir un gobierno que est\u00e1 dedicado, en las peores circunstancias, a ofrecer a los bonaerenses un escudo que proteja y aten\u00fae lo que est\u00e1 haciendo Milei&#8221;, defini\u00f3.<\/p>\n\n\n\n<p>Y a\u00f1adi\u00f3 que s\u00ed quiere &#8220;colaborar con la construcci\u00f3n de una alternativa superadora&#8221;. En un mensaje al peronismo, llam\u00f3 a &#8220;escuchar y ser modestos, no estamos para dar clase sino para entender y despu\u00e9s representar, siempre desde cerca y con el coraz\u00f3n abierto&#8221;. Pero pidi\u00f3 que &#8220;nadie busque palabritas&#8221; sugestivas porque, dijo, &#8220;si algo quiere la derecha es vernos divididos&#8221;.<\/p>\n\n\n\n<p>Acompa\u00f1ado por sindicalistas de la CGT, intendentes del conurbano y movimientos sociales, Kicillof convoc\u00f3 a &#8220;construir una nueva esperanza colectiva&#8221;. En sus cr\u00edticas a Milei, advirti\u00f3 que &#8220;quieren privar de posibilidades a millones y millones de argentinos que necesitan un Estado presente para poder desarrollar su vida&#8221;, adem\u00e1s de afirmar que le &#8220;subleva&#8221; que &#8220;alguien le pueda creer&#8221; al Presidente que recortar asistencia a las provincias sea &#8220;recortar a la casta&#8221;.<\/p>\n\n\n\n<p><strong>Y detall\u00f3: &#8220;Lo que le recortaron a las provincias fue el fondo para el transporte, para que sea m\u00e1s barato el boleto; el fondo de Incentivo Docente, que iba directamente a los bolsillos de maestros, y el fondo de Seguridad, para comprar patrulleros&#8221;. Por lo que se\u00f1al\u00f3 que &#8220;si tienen reclamos vayan a Milei a decirle que le devuelva no al gobierno, sino al pueblo de la provincia los fondos de jubilaciones, para los maestros y seguridad&#8221;.<\/strong><\/p>\n\n\n\n<p>El mandatario defini\u00f3 al gobierno de Milei como un &#8220;esquema Ponzi, piramidal, de afano y choreo al pueblo argentino&#8221;. &#8220;Se est\u00e1n forrando los d\u00f3lares que entran del blanqueo a la timba, los d\u00f3lares del colch\u00f3n a la timba, y esto ya se hizo: ni liberal-libertario ni austr\u00edaco ni nada, se parece a la \u00b4tablita de Mart\u00ednez de Hoz&#8221;, advirti\u00f3.<\/p>\n\n\n\n<p>Para Kicillof, &#8220;si la libertad en alg\u00fan momento avanza es solo cuando va de la mano de la igualdad y la justicia social&#8221;. El mandatario bonaerense destac\u00f3 que fueron N\u00e9stor y Cristina Kirchnrer quienes &#8220;le devolvieron al peronismo su fuerza transformadora, esa que naci\u00f3 con Per\u00f3n y Evita&#8221;. Al recibir de la militancia el c\u00e1ntico &#8220;Axel presidente&#8221;, el mandatario pidi\u00f3 cambiarlo por &#8220;La patria no se vende&#8221;, al advertir a los asistentes que &#8220;falta mucho&#8221; para las elecciones.<\/p>\n\n\n\n<p>Sobre el escenario lo acompa\u00f1aron los secretarios generales de la CGT, H\u00e9ctor Daer y Pablo Moyano, junto a dirigentes como Juan Carlos Schmid, Julio Piumato, Roberto Baradel, Abel Furl\u00e1n, Hugo Yasky y Claudio Ar\u00e9valo.<\/p>\n\n\n\n<p>De los tres, el secretario general adjunto de Camioneros es el m\u00e1s cercano al cristinismo y al diputado nacional M\u00e1ximo Kirchner, pero decidi\u00f3 participar del acto de Kicillof y dijo que el &#8220;enemigo&#8221; es el gobierno de Javier Milei y no el gobernador o la ex mandataria nacional.<\/p>\n\n\n\n<p>Entre los sindicalistas presentes tambi\u00e9n estuvieron el titular de Suteba, Roberto Baradel, el referente de la CGT Abel Furlan, y el titular de la CTA de los Trabajadores y diputado nacional Hugo Yasky.<\/p>\n\n\n\n<p>En tanto, entre los intendentes del PJ que lo acompa\u00f1aron estuvieron Fernando Espinoza (La Matanza), Andr\u00e9s Watson (Florencio Varela), Julio Alak (La Plata), Mariano Cascallares (Almirante Brown), Gast\u00f3n Granados (Ezeiza), Lucas Ghi (Mor\u00f3n), Fernando Moreira (San Mart\u00edn) y Juan Jos\u00e9 Mussi (Berazategui).<\/p>\n\n\n\n<p>Tambi\u00e9n acompa\u00f1aron al gobernador el intendente de Avellaneda, Jorge Ferraresi, quien trabaja abiertamente por el armado de Kicillof rumbo a 2027, y el jefe comunal local, Fabi\u00e1n Cagliardi.<\/p>\n\n\n\n<p>El mandatario provincial estuvo franqueado por su vicegobernadora, Ver\u00f3nica Magario; el ministro de Gobierno provincial, Carlos Bianco; y el ministro de Desarrollo para la Comunidad, Andr\u00e9s &#8220;Cuervo&#8221; Larroque.<\/p>\n\n\n\n<p>Ning\u00fan dirigente o intendente de La C\u00e1mpora estuvo en el acto, en medio de la tensi\u00f3n por la puja en el PJ, en la que el gobernador no aval\u00f3 expl\u00edcitamente la postulaci\u00f3n de Cristina Kirchner a presidir el partido.<\/p>\n","protected":false},"excerpt":{"rendered":"<p>El gobernador estuvo acompa&ntilde;ado por una decena de intendentes, gremialistas y funcionarios de su gesti&oacute;n. El gobernador de Buenos Aires, Axel Kicillof, encabez&oacute; su acto por el 17 de Octubre en lalocalidad de Berisso, donde estuvo acompa&ntilde;ado por la primera plana de la Confederaci&oacute;n General del Trabajo (CGT) e intendentes del PJ, sin la presencia &hellip; <\/p>\n","protected":false},"author":5,"featured_media":17170,"comment_status":"closed","ping_status":"closed","sticky":false,"template":"","format":"standard","meta":{"om_disable_all_campaigns":false,"_joinchat":[]},"categories":[4],"tags":[46,43],"featured_image_urls":{"full":["https:\/\/infotep.com.ar\/wp-content\/uploads\/2024\/10\/kici.webp",1021,720,false],"thumbnail":["https:\/\/infotep.com.ar\/wp-content\/uploads\/2024\/10\/kici-150x150.webp",150,150,true],"medium":["https:\/\/infotep.com.ar\/wp-content\/uploads\/2024\/10\/kici-300x212.webp",300,212,true],"medium_large":["https:\/\/infotep.com.ar\/wp-content\/uploads\/2024\/10\/kici-768x542.webp",768,542,true],"large":["https:\/\/infotep.com.ar\/wp-content\/uploads\/2024\/10\/kici.webp",1020,719,false],"1536x1536":["https:\/\/infotep.com.ar\/wp-content\/uploads\/2024\/10\/kici.webp",1021,720,false],"2048x2048":["https:\/\/infotep.com.ar\/wp-content\/uploads\/2024\/10\/kici.webp",1021,720,false],"blossom-feminine-slider":["https:\/\/infotep.com.ar\/wp-content\/uploads\/2024\/10\/kici-1021x649.webp",1021,649,true],"blossom-feminine-featured":["https:\/\/infotep.com.ar\/wp-content\/uploads\/2024\/10\/kici-1021x600.webp",1021,600,true],"blossom-feminine-with-sidebar":["https:\/\/infotep.com.ar\/wp-content\/uploads\/2024\/10\/kici-1020x600.webp",1020,600,true],"blossom-feminine-blog":["https:\/\/infotep.com.ar\/wp-content\/uploads\/2024\/10\/kici-435x435.webp",435,435,true],"blossom-feminine-cat":["https:\/\/infotep.com.ar\/wp-content\/uploads\/2024\/10\/kici-450x300.webp",450,300,true],"blossom-feminine-related":["https:\/\/infotep.com.ar\/wp-content\/uploads\/2024\/10\/kici-320x200.webp",320,200,true],"blossom-feminine-schema":["https:\/\/infotep.com.ar\/wp-content\/uploads\/2024\/10\/kici-85x60.webp",85,60,true],"blossom-mommy-blog-slider-big":["https:\/\/infotep.com.ar\/wp-content\/uploads\/2024\/10\/kici-920x650.webp",920,650,true],"blossom-mommy-blog-slider":["https:\/\/infotep.com.ar\/wp-content\/uploads\/2024\/10\/kici-460x310.webp",460,310,true],"blossom-mommy-blog-two":["https:\/\/infotep.com.ar\/wp-content\/uploads\/2024\/10\/kici-768x480.webp",768,480,true]},"author_info":{"info":["Angela Tobar"]},"category_info":"<a href=\"https:\/\/infotep.com.ar\/index.php\/category\/provinciales\/\" rel=\"category tag\">Provinciales<\/a>","tag_info":"Provinciales","comment_count":"0","_links":{"self":[{"href":"https:\/\/infotep.com.ar\/index.php\/wp-json\/wp\/v2\/posts\/17169"}],"collection":[{"href":"https:\/\/infotep.com.ar\/index.php\/wp-json\/wp\/v2\/posts"}],"about":[{"href":"https:\/\/infotep.com.ar\/index.php\/wp-json\/wp\/v2\/types\/post"}],"author":[{"embeddable":true,"href":"https:\/\/infotep.com.ar\/index.php\/wp-json\/wp\/v2\/users\/5"}],"replies":[{"embeddable":true,"href":"https:\/\/infotep.com.ar\/index.php\/wp-json\/wp\/v2\/comments?post=17169"}],"version-history":[{"count":1,"href":"https:\/\/infotep.com.ar\/index.php\/wp-json\/wp\/v2\/posts\/17169\/revisions"}],"predecessor-version":[{"id":17171,"href":"https:\/\/infotep.com.ar\/index.php\/wp-json\/wp\/v2\/posts\/17169\/revisions\/17171"}],"wp:featuredmedia":[{"embeddable":true,"href":"https:\/\/infotep.com.ar\/index.php\/wp-json\/wp\/v2\/media\/17170"}],"wp:attachment":[{"href":"https:\/\/infotep.com.ar\/index.php\/wp-json\/wp\/v2\/media?parent=17169"}],"wp:term":[{"taxonomy":"category","embeddable":true,"href":"https:\/\/infotep.com.ar\/index.php\/wp-json\/wp\/v2\/categories?post=17169"},{"taxonomy":"post_tag","embeddable":true,"href":"https:\/\/infotep.com.ar\/index.php\/wp-json\/wp\/v2\/tags?post=17169"}],"curies":[{"name":"wp","href":"https:\/\/api.w.org\/{rel}","templated":true}]}}