{"id":17304,"date":"2024-10-23T00:45:34","date_gmt":"2024-10-23T03:45:34","guid":{"rendered":"https:\/\/infotep.com.ar\/?p=17304"},"modified":"2024-10-23T14:21:11","modified_gmt":"2024-10-23T17:21:11","slug":"se-realizo-la-marcha-blanca-en-repudio-al-brutal-ajuste-de-milei-a-la-salud-y-la-educacion","status":"publish","type":"post","link":"https:\/\/infotep.com.ar\/index.php\/2024\/10\/23\/se-realizo-la-marcha-blanca-en-repudio-al-brutal-ajuste-de-milei-a-la-salud-y-la-educacion\/","title":{"rendered":"Se realiz\u00f3 la \u201cmarcha blanca\u201d en repudio al  \u201cbrutal\u201d ajuste de Milei a la salud y la educaci\u00f3n"},"content":{"rendered":"\n<p>Personal sanitario se uni\u00f3 este martes a profesores y estudiantes universitarios para protagonizar una \u201cmarcha blanca\u201d en protesta contra el ajuste del Gobierno de Javier Milei a la salud y la educaci\u00f3n p\u00fablicas.<\/p>\n\n\n\n<p>M\u00e9dicos y enfermeros de bata blanca, docentes y alumnos confluyeron en la Plaza de Mayo,  para reclamar por los insuficientes fondos para el funcionamiento de hospitales y universidades p\u00fablicas, los bajos salarios y los despidos en el sector de la salud.<\/p>\n\n\n\n<p>Los manifestantes pudieron expresar su protesta en forma directa a Milei cuando el mandatario se asom\u00f3 por uno de los balcones de la Casa Rosada para saludar por su cumplea\u00f1os y volvi\u00f3 de inmediato al interior al escuchar los abucheos y los c\u00e1nticos en su contra.<\/p>\n\n\n\n<p class=\"has-light-green-cyan-background-color has-background\">En ese contexto, en la jornada miles de trabajadores de la salud, del Garrahan, residentes, del Bonaparte, del Posadas, enfermer\u00eda y otros sectores, junto a varias decenas de asambleas estudiantiles universitarias de la UBA y del conurbano protagonizaron la &#8220;Marcha Blanca&#8221; de Congreso a Plaza de Mayo, bajo la consigna &#8220;La salud y la educaci\u00f3n ni se vetan ni se negocian&#8221;.<\/p>\n\n\n\n<p>La lic. Norma Lezana de APyT Garrahan, evalu\u00f3: &#8220;La acci\u00f3n de hoy marca un punto de quiebre importante, porque adem\u00e1s de ser enormemente representativa, amplia, con una participaci\u00f3n muy contundente de miles de trabajadores del equipo de salud, tambi\u00e9n cont\u00f3 con la adhesi\u00f3n de una treintena de asambleas universitarias de la UBA, universidades del conurbano y tambi\u00e9n del interior del pa\u00eds, que hicieron parte de esta unidad&#8221;.<\/p>\n\n\n\n<p>&#8220;Mostramos que es posible articular una coordinaci\u00f3n independiente desde abajo, de los sindicatos que no tenemos ning\u00fan compromiso con el poder de turno, ni con este ni con el anterior, sino exclusivamente con la defensa de la salud p\u00fablica, de la universidad, de los jubilados y de todos los derechos que nos cost\u00f3 tanto tiempo conquistar y los cuales se est\u00e1 intentando arrasar el gobierno de Milei&#8221;, agreg\u00f3.<\/p>\n\n\n\n<p>Para Agust\u00edn Romero, del sector disidente de la FUA, y secretario de Organizaci\u00f3n (MST-FITU), integrante del centro de estudiantes de la Facultad de Sociales de la UBA, agreg\u00f3: &#8220;El Gobierno Nacional no est\u00e1 registrando que est\u00e1 surgiendo una tendencia por abajo en el movimiento estudiantil muy profunda, de asambleas que se autoconvocan, y esto tampoco lo entiende un amplio espectro de la pol\u00edtica tradicional, inclusive sectores con los que hemos compartido alguna de las convocatorias y las movilizaciones, rectores ligados al radicalismo, centros vinculados la peronismo&#8221;.<\/p>\n\n\n\n<p>Y asegur\u00f3: &#8220;no estamos dispuestos a esperar al tratamiento del presupuesto de brazos cruzados, nos estamos preparando desde decenas de asambleas en todo el pa\u00eds, primero para avanzar en una coordinaci\u00f3n entre las facultades de la UBA y <strong>las asambleas autoconvocadas del conurbano, el pr\u00f3ximo s\u00e1bado 26 de octubre a las 14 horas en Plaza de Mayo vamos a protagonizar una asamblea de coordinaci\u00f3n interuniversitaria con dos temas fundamentales, ponerle fecha a una tercera Marcha Federal&#8221;.<\/strong><\/p>\n\n\n\n<p>Finalmente, la Lic. Lezana, expres\u00f3: &#8220;El gobierno nacional eligi\u00f3 atacar derechos y banderas que son muy sentidas en nuestro pueblo, las jubilaciones, la universidad, el Garrahan, el Bonaparte, el Posadas, el Roffo y la salud p\u00fablica, del pueblo, en general. Ahora generaron una reacci\u00f3n que va creciendo,  el Garrahan y la salud p\u00fablica est\u00e1n de pie, la universidad p\u00fablica est\u00e1n de pie. Hoy dimos un paso importante en la coordinaci\u00f3n desde las bases y este es el inicio de un camino que vamos a profundizar&#8221;.<\/p>\n","protected":false},"excerpt":{"rendered":"<p>Personal sanitario se uni&oacute; este martes a profesores y estudiantes universitarios para protagonizar una &ldquo;marcha blanca&rdquo; en protesta contra el ajuste del Gobierno de Javier Milei a la salud y la educaci&oacute;n p&uacute;blicas. M&eacute;dicos y enfermeros de bata blanca, docentes y alumnos confluyeron en la Plaza de Mayo, para reclamar por los insuficientes fondos para &hellip; <\/p>\n","protected":false},"author":5,"featured_media":17305,"comment_status":"closed","ping_status":"closed","sticky":false,"template":"","format":"standard","meta":{"om_disable_all_campaigns":false,"_joinchat":[]},"categories":[31,7],"tags":[46,43],"featured_image_urls":{"full":["https:\/\/infotep.com.ar\/wp-content\/uploads\/2024\/10\/salud-garrahan-apyt.webp",900,600,false],"thumbnail":["https:\/\/infotep.com.ar\/wp-content\/uploads\/2024\/10\/salud-garrahan-apyt-150x150.webp",150,150,true],"medium":["https:\/\/infotep.com.ar\/wp-content\/uploads\/2024\/10\/salud-garrahan-apyt-300x200.webp",300,200,true],"medium_large":["https:\/\/infotep.com.ar\/wp-content\/uploads\/2024\/10\/salud-garrahan-apyt-768x512.webp",768,512,true],"large":["https:\/\/infotep.com.ar\/wp-content\/uploads\/2024\/10\/salud-garrahan-apyt.webp",900,600,false],"1536x1536":["https:\/\/infotep.com.ar\/wp-content\/uploads\/2024\/10\/salud-garrahan-apyt.webp",900,600,false],"2048x2048":["https:\/\/infotep.com.ar\/wp-content\/uploads\/2024\/10\/salud-garrahan-apyt.webp",900,600,false],"blossom-feminine-slider":["https:\/\/infotep.com.ar\/wp-content\/uploads\/2024\/10\/salud-garrahan-apyt.webp",900,600,false],"blossom-feminine-featured":["https:\/\/infotep.com.ar\/wp-content\/uploads\/2024\/10\/salud-garrahan-apyt.webp",900,600,false],"blossom-feminine-with-sidebar":["https:\/\/infotep.com.ar\/wp-content\/uploads\/2024\/10\/salud-garrahan-apyt.webp",900,600,false],"blossom-feminine-blog":["https:\/\/infotep.com.ar\/wp-content\/uploads\/2024\/10\/salud-garrahan-apyt-435x435.webp",435,435,true],"blossom-feminine-cat":["https:\/\/infotep.com.ar\/wp-content\/uploads\/2024\/10\/salud-garrahan-apyt-450x300.webp",450,300,true],"blossom-feminine-related":["https:\/\/infotep.com.ar\/wp-content\/uploads\/2024\/10\/salud-garrahan-apyt-320x200.webp",320,200,true],"blossom-feminine-schema":["https:\/\/infotep.com.ar\/wp-content\/uploads\/2024\/10\/salud-garrahan-apyt-90x60.webp",90,60,true],"blossom-mommy-blog-slider-big":["https:\/\/infotep.com.ar\/wp-content\/uploads\/2024\/10\/salud-garrahan-apyt.webp",900,600,false],"blossom-mommy-blog-slider":["https:\/\/infotep.com.ar\/wp-content\/uploads\/2024\/10\/salud-garrahan-apyt-460x310.webp",460,310,true],"blossom-mommy-blog-two":["https:\/\/infotep.com.ar\/wp-content\/uploads\/2024\/10\/salud-garrahan-apyt-768x480.webp",768,480,true]},"author_info":{"info":["Angela Tobar"]},"category_info":"<a href=\"https:\/\/infotep.com.ar\/index.php\/category\/destacadas\/\" rel=\"category tag\">Destacadas<\/a> <a href=\"https:\/\/infotep.com.ar\/index.php\/category\/gremios\/\" rel=\"category tag\">Gremios<\/a>","tag_info":"Gremios","comment_count":"0","_links":{"self":[{"href":"https:\/\/infotep.com.ar\/index.php\/wp-json\/wp\/v2\/posts\/17304"}],"collection":[{"href":"https:\/\/infotep.com.ar\/index.php\/wp-json\/wp\/v2\/posts"}],"about":[{"href":"https:\/\/infotep.com.ar\/index.php\/wp-json\/wp\/v2\/types\/post"}],"author":[{"embeddable":true,"href":"https:\/\/infotep.com.ar\/index.php\/wp-json\/wp\/v2\/users\/5"}],"replies":[{"embeddable":true,"href":"https:\/\/infotep.com.ar\/index.php\/wp-json\/wp\/v2\/comments?post=17304"}],"version-history":[{"count":3,"href":"https:\/\/infotep.com.ar\/index.php\/wp-json\/wp\/v2\/posts\/17304\/revisions"}],"predecessor-version":[{"id":17308,"href":"https:\/\/infotep.com.ar\/index.php\/wp-json\/wp\/v2\/posts\/17304\/revisions\/17308"}],"wp:featuredmedia":[{"embeddable":true,"href":"https:\/\/infotep.com.ar\/index.php\/wp-json\/wp\/v2\/media\/17305"}],"wp:attachment":[{"href":"https:\/\/infotep.com.ar\/index.php\/wp-json\/wp\/v2\/media?parent=17304"}],"wp:term":[{"taxonomy":"category","embeddable":true,"href":"https:\/\/infotep.com.ar\/index.php\/wp-json\/wp\/v2\/categories?post=17304"},{"taxonomy":"post_tag","embeddable":true,"href":"https:\/\/infotep.com.ar\/index.php\/wp-json\/wp\/v2\/tags?post=17304"}],"curies":[{"name":"wp","href":"https:\/\/api.w.org\/{rel}","templated":true}]}}