{"id":17309,"date":"2024-10-23T14:23:35","date_gmt":"2024-10-23T17:23:35","guid":{"rendered":"https:\/\/infotep.com.ar\/?p=17309"},"modified":"2024-10-23T14:23:36","modified_gmt":"2024-10-23T17:23:36","slug":"la-desocupacion-afecta-a-mas-de-120-000-personas-en-caba-y-crece-el-cuentapropismo","status":"publish","type":"post","link":"https:\/\/infotep.com.ar\/index.php\/2024\/10\/23\/la-desocupacion-afecta-a-mas-de-120-000-personas-en-caba-y-crece-el-cuentapropismo\/","title":{"rendered":"La desocupaci\u00f3n afecta a m\u00e1s de 120.000 personas en CABA y crece el cuentapropismo"},"content":{"rendered":"\n<p class=\"has-light-green-cyan-background-color has-background\">El 7,3% de la poblaci\u00f3n econ\u00f3micamente activa de la Ciudad est\u00e1 desempleada.<br><br><strong>La desocupaci\u00f3n en la Ciudad de Buenos Aires durante el segundo trimestre de 2024 afect\u00f3 a 122.500 personas, es decir al 7,3% de la poblaci\u00f3n econ\u00f3micamente activa, lo que implica un incremento frente al 6,8% registrado para el mismo periodo del a\u00f1o pasado, seg\u00fan revel\u00f3 el Instituto de Estad\u00edsticas y Censos de la Ciudad de Buenos Aires (IDECBA).<\/strong><\/p>\n\n\n\n<p>D<strong>el total de porte\u00f1os que se encuentran desempleados, un 51,7% son hombres y el 48,3% son mujeres.<\/strong> En cuanto a la formaci\u00f3n educativa alcanzada por la poblaci\u00f3n desocupada, el 54,9% declara tener nivel medio completo o superior incompleto, mientras que aquellos que tienen estudios universitarios completos alcanzan el 23%, un aumento de 8,2 puntos porcentuales frente a la medici\u00f3n previa.<\/p>\n\n\n\n<p>El informe precis\u00f3 que \u201cel 71,3% de las personas en condici\u00f3n de desocupaci\u00f3n se encuentran en b\u00fasqueda activa inferior a seis meses; un a\u00f1o antes este guarismo se colocaba en 60,9%\u201d, mientras que \u201csi se ampl\u00eda la ventana a los \u00faltimos doce meses, el porcentaje de poblaci\u00f3n desocupada asciende a 76,4%\u201d. En tanto que \u201cel desempleo que supera el a\u00f1o calendario denominado desempleo de larga duraci\u00f3n abarca al 23,7% de la poblaci\u00f3n desocupada\u201d.<\/p>\n\n\n\n<p>Por otro lado, revel\u00f3 que \u201cel 85,9% de la poblaci\u00f3n en condici\u00f3n de desocupaci\u00f3n tiene experiencia laboral previa (cesantes)\u201d, de los cuales el 27,4% perdi\u00f3 su ocupaci\u00f3n durante el a\u00f1o 2023 y otro 49,6% lo hizo en los dos primeros trimestres de 2024. Mientras que el 14,1% de los desocupados no tuvieron contacto con el mercado de trabajo con anterioridad.<\/p>\n\n\n\n<p>El reporte arroj\u00f3 que \u201cla poblaci\u00f3n activa (valor absoluto) disminuye 1,9% en el \u00faltimo a\u00f1o, producto de una baja de 4,3% en la poblaci\u00f3n activa femenina y de relativa constancia en la masculina\u201d, mientras que \u201cla poblaci\u00f3n ocupada (valor absoluto) decrece 2,4% en la comparaci\u00f3n interanual\u201d, exhibiendo tambi\u00e9n que \u201cla ca\u00edda ocurre entre las mujeres (4,5%)\u201d.<\/p>\n\n\n\n<p>Al mismo tiempo, puntualiz\u00f3 que \u201cel 71,3% de la poblaci\u00f3n ocupada trabaja en condici\u00f3n asalariada\u201d, lo que representa una disminuci\u00f3n de 4,0% en la comparaci\u00f3n interanual, se\u00f1alando que \u201cla reducci\u00f3n en la tasa de asalarizaci\u00f3n ocurre especialmente dentro de la poblaci\u00f3n femenina\u201d.<\/p>\n\n\n\n<p>Por otro lado, especific\u00f3 que \u201cal 73,9% de la poblaci\u00f3n asalariada le efect\u00faan descuentos jubilatorios\u201d, mientras que \u201cal 26,1% de la poblaci\u00f3n asalariada no le efect\u00faan descuentos jubilatorios\u201d. De esta manera, indic\u00f3 que \u201cel 7,8% aporta por s\u00ed misma a la seguridad social; el otro 18,3% no lo hace, por cuanto no tiene registro de ning\u00fan tipo en la seguridad social\u201d.<\/p>\n\n\n\n<p>Asimismo, el informe detall\u00f3 que \u201cel 12,5% de la poblaci\u00f3n ocupada porte\u00f1a registra pluriempleo (m\u00e1s de una ocupaci\u00f3n)\u201d, con un promedio de 43,5 horas semanales trabajadas en todas las ocupaciones. Adem\u00e1s, precis\u00f3 que \u201cde la poblaci\u00f3n ocupada pluriempleada, el 77,5% est\u00e1 en condici\u00f3n asalariada dentro de su ocupaci\u00f3n principal\u201d.<\/p>\n\n\n\n<p>Otro aspecto que revel\u00f3 el estudio es que \u201cel 82,0% de la poblaci\u00f3n ocupada se desempe\u00f1a en unidades econ\u00f3micas de car\u00e1cter privado\u201d, sin contar el empleo dom\u00e9stico en dicho porcentaje. En este marco, tambi\u00e9n indic\u00f3 que \u201cel 53,9% de la poblaci\u00f3n ocupa puestos de calificaci\u00f3n baja (operativa o no calificada)\u201d.<\/p>\n\n\n\n<p>A su vez, revel\u00f3 que \u201cen el segundo trimestre de 2024, la poblaci\u00f3n que trabaja por su cuenta representa casi un cuarto de la poblaci\u00f3n ocupada porte\u00f1a (24,7%)\u201d, remarcando que \u201cse trata del registro m\u00e1s alto de la serie hist\u00f3rica\u201d, al exhibir que \u201cen volumen esta categor\u00eda ocupacional crece 5,4% con respecto a un a\u00f1o atr\u00e1s\u201d.<\/p>\n","protected":false},"excerpt":{"rendered":"<p>El 7,3% de la poblaci&oacute;n econ&oacute;micamente activa de la Ciudad est&aacute; desempleada. La desocupaci&oacute;n en la Ciudad de Buenos Aires durante el segundo trimestre de 2024 afect&oacute; a 122.500 personas, es decir al 7,3% de la poblaci&oacute;n econ&oacute;micamente activa, lo que implica un incremento frente al 6,8% registrado para el mismo periodo del a&ntilde;o pasado, &hellip; <\/p>\n","protected":false},"author":5,"featured_media":5678,"comment_status":"closed","ping_status":"closed","sticky":false,"template":"","format":"standard","meta":{"om_disable_all_campaigns":false,"_joinchat":[]},"categories":[4],"tags":[545,46,43],"featured_image_urls":{"full":["https:\/\/infotep.com.ar\/wp-content\/uploads\/2023\/06\/empleo.jpg",901,600,false],"thumbnail":["https:\/\/infotep.com.ar\/wp-content\/uploads\/2023\/06\/empleo-150x150.jpg",150,150,true],"medium":["https:\/\/infotep.com.ar\/wp-content\/uploads\/2023\/06\/empleo-300x200.jpg",300,200,true],"medium_large":["https:\/\/infotep.com.ar\/wp-content\/uploads\/2023\/06\/empleo-768x511.jpg",768,511,true],"large":["https:\/\/infotep.com.ar\/wp-content\/uploads\/2023\/06\/empleo.jpg",901,600,false],"1536x1536":["https:\/\/infotep.com.ar\/wp-content\/uploads\/2023\/06\/empleo.jpg",901,600,false],"2048x2048":["https:\/\/infotep.com.ar\/wp-content\/uploads\/2023\/06\/empleo.jpg",901,600,false],"blossom-feminine-slider":["https:\/\/infotep.com.ar\/wp-content\/uploads\/2023\/06\/empleo.jpg",901,600,false],"blossom-feminine-featured":["https:\/\/infotep.com.ar\/wp-content\/uploads\/2023\/06\/empleo.jpg",901,600,false],"blossom-feminine-with-sidebar":["https:\/\/infotep.com.ar\/wp-content\/uploads\/2023\/06\/empleo.jpg",901,600,false],"blossom-feminine-blog":["https:\/\/infotep.com.ar\/wp-content\/uploads\/2023\/06\/empleo-435x435.jpg",435,435,true],"blossom-feminine-cat":["https:\/\/infotep.com.ar\/wp-content\/uploads\/2023\/06\/empleo-450x300.jpg",450,300,true],"blossom-feminine-related":["https:\/\/infotep.com.ar\/wp-content\/uploads\/2023\/06\/empleo-320x200.jpg",320,200,true],"blossom-feminine-schema":["https:\/\/infotep.com.ar\/wp-content\/uploads\/2023\/06\/empleo-90x60.jpg",90,60,true],"blossom-mommy-blog-slider-big":["https:\/\/infotep.com.ar\/wp-content\/uploads\/2023\/06\/empleo.jpg",901,600,false],"blossom-mommy-blog-slider":["https:\/\/infotep.com.ar\/wp-content\/uploads\/2023\/06\/empleo-460x310.jpg",460,310,true],"blossom-mommy-blog-two":["https:\/\/infotep.com.ar\/wp-content\/uploads\/2023\/06\/empleo-768x480.jpg",768,480,true]},"author_info":{"info":["Angela Tobar"]},"category_info":"<a href=\"https:\/\/infotep.com.ar\/index.php\/category\/provinciales\/\" rel=\"category tag\">Provinciales<\/a>","tag_info":"Provinciales","comment_count":"0","_links":{"self":[{"href":"https:\/\/infotep.com.ar\/index.php\/wp-json\/wp\/v2\/posts\/17309"}],"collection":[{"href":"https:\/\/infotep.com.ar\/index.php\/wp-json\/wp\/v2\/posts"}],"about":[{"href":"https:\/\/infotep.com.ar\/index.php\/wp-json\/wp\/v2\/types\/post"}],"author":[{"embeddable":true,"href":"https:\/\/infotep.com.ar\/index.php\/wp-json\/wp\/v2\/users\/5"}],"replies":[{"embeddable":true,"href":"https:\/\/infotep.com.ar\/index.php\/wp-json\/wp\/v2\/comments?post=17309"}],"version-history":[{"count":1,"href":"https:\/\/infotep.com.ar\/index.php\/wp-json\/wp\/v2\/posts\/17309\/revisions"}],"predecessor-version":[{"id":17310,"href":"https:\/\/infotep.com.ar\/index.php\/wp-json\/wp\/v2\/posts\/17309\/revisions\/17310"}],"wp:featuredmedia":[{"embeddable":true,"href":"https:\/\/infotep.com.ar\/index.php\/wp-json\/wp\/v2\/media\/5678"}],"wp:attachment":[{"href":"https:\/\/infotep.com.ar\/index.php\/wp-json\/wp\/v2\/media?parent=17309"}],"wp:term":[{"taxonomy":"category","embeddable":true,"href":"https:\/\/infotep.com.ar\/index.php\/wp-json\/wp\/v2\/categories?post=17309"},{"taxonomy":"post_tag","embeddable":true,"href":"https:\/\/infotep.com.ar\/index.php\/wp-json\/wp\/v2\/tags?post=17309"}],"curies":[{"name":"wp","href":"https:\/\/api.w.org\/{rel}","templated":true}]}}