{"id":17311,"date":"2024-10-23T14:25:42","date_gmt":"2024-10-23T17:25:42","guid":{"rendered":"https:\/\/infotep.com.ar\/?p=17311"},"modified":"2024-10-23T14:25:43","modified_gmt":"2024-10-23T17:25:43","slug":"los-gremio-de-la-afip-convocaron-a-apagon-informatico-para-rechazar-los-cambios-en-el-organismo","status":"publish","type":"post","link":"https:\/\/infotep.com.ar\/index.php\/2024\/10\/23\/los-gremio-de-la-afip-convocaron-a-apagon-informatico-para-rechazar-los-cambios-en-el-organismo\/","title":{"rendered":"Los gremio de la AFIP convocaron a &#8220;apag\u00f3n inform\u00e1tico&#8221; para rechazar los cambios en el organismo"},"content":{"rendered":"\n<p class=\"has-light-green-cyan-background-color has-background\"><strong>El Gobierno anunci\u00f3 que eliminar\u00e1 la Administraci\u00f3n Federal de Ingresos P\u00fablicos y lo reemplazar\u00e1 por otro, el ARCA, en una medida que llevar\u00e1 al despido a m\u00e1s de 3.000 empleados.<br><\/strong><br>Los gremios de la Administraci\u00f3n Federal de Ingresos P\u00fablicos (AFIP) salieron a rechazar la desaparici\u00f3n del organismo y el despido de m\u00e1s de 3.000 empleados, y lanzaron un paro de actividades en lo que resta de la semana.<\/p>\n\n\n\n<p>El Sindicato \u00danico del Personal Aduanero de la Rep\u00fablica Argentina (SUPARA) convoc\u00f3 a realizar un paro de actividades que incluir\u00e1 un apag\u00f3n inform\u00e1tico de 10 a 12 y la realizaci\u00f3n de asambleas en los lugares de trabajo.<\/p>\n\n\n\n<p>Desde la Asociaci\u00f3n de Empleados Fiscales y de Ingresos P\u00fablicos (AEFIP), el segundo gremio del organismo -el tercero es el de los jer\u00e1rquicos- adhieren a la medida.<\/p>\n\n\n\n<p>La decisi\u00f3n de avanzar con una medida de fuerza se concret\u00f3 luego de una asamblea en el edificio de la Aduana Central donde convergieron los trabajadores aduaneros con la conducci\u00f3n del secretario general del SUPARA, Carlos Sueiro, a la que se sum\u00f3 su par de la AEFIP, Pablo Flores.<\/p>\n\n\n\n<p>&#8220;Reiteramos el absoluto repudio y rechazo a este anuncio unilateral, arbitrario e inconstitucional que no s\u00f3lo procura avasallar al conjunto de la clase trabajadora sino tambi\u00e9n a sus familias. Esta organizaci\u00f3n sindical realizar\u00e1 todas las acciones gremiales y judiciales necesarias a fin de defender todos y cada uno de los puestos de trabajo que se ven amenazados por estas medidas&#8221;, indicaron.<\/p>\n\n\n\n<p>Y advirtieron a &#8220;quienes lleven adelante las medidas anunciadas (porque) deber\u00e1n asumir las consecuencias y responsabilidades pol\u00edticas y penales de su ileg\u00edtimo accionar.&#8221; Asimismo, convocaron a un plenario nacional de delegados para el viernes 1 de noviembre a las 12 horas en la sede gremial del SUPARA.<\/p>\n\n\n\n<p><strong>Los anuncios del Gobierno de Javier Milei sobre la AFIP<\/strong><\/p>\n\n\n\n<p><strong><br><\/strong>El vocero Manuel Adorni hab\u00eda anunciado que la Agencia de Recaudaci\u00f3n y Control Aduanero (ARCA) nacer\u00eda con una estructura simplificada que redundar\u00eda en menores costos para los contribuyentes.<\/p>\n\n\n\n<p>El flamante ente oficial, que seguir\u00e1 liderado por Florencia Misrahi, se dividir\u00e1 en dos grandes \u00e1reas: la Direcci\u00f3n General Impositiva (DGI) y la Direcci\u00f3n General de Aduanas (DGA).<\/p>\n\n\n\n<p>La DGI estar\u00e1 comandada por Andr\u00e9s Gerardo V\u00e1zquez, contador P\u00fablico y licenciado en Administraci\u00f3n de Empresas con m\u00e1s de tres d\u00e9cadas de experiencia en la Direcci\u00f3n General Impositiva.<\/p>\n\n\n\n<p>A su vez, la DGA estar\u00e1 a cargo de Jos\u00e9 Andr\u00e9s Velis, quien cuenta con una amplia trayectoria en Aduanas.<\/p>\n\n\n\n<p>Adem\u00e1s del cambio de la estructura, el Gobierno habla de una reducci\u00f3n de 45% los cargos superiores y en un 31% los inferiores.<\/p>\n\n\n\n<p>Adem\u00e1s, los directores que cobraban sueldos cercanos a los 30 millones de pesos, pasar\u00e1n a tener ingresos cercanos a los de un ministro nacional.<\/p>\n\n\n\n<p>En ese sentido, la traducci\u00f3n de esa medida es la puesta en disponibilidad de unos 3000 agentes, un 15% de la planta, lo que motiv\u00f3 que los sindicatos de la Agencia anunciaran de manera autom\u00e1tica un plan de lucha contra la medida. Ese punto preocupa a muchos especialistas en tributaci\u00f3n ya que la estructura de la AFIP era central para esa operatoria.<\/p>\n\n\n\n<p>Sin embargo, m\u00e1s all\u00e1 del cambio de estructura y de denominaci\u00f3n, los especialistas afirman que el impacto de la reforma podr\u00e1 ser percibida reci\u00e9n &#8220;en algunos meses&#8221; por parte de los contribuyentes.<\/p>\n","protected":false},"excerpt":{"rendered":"<p>El Gobierno anunci&oacute; que eliminar&aacute; la Administraci&oacute;n Federal de Ingresos P&uacute;blicos y lo reemplazar&aacute; por otro, el ARCA, en una medida que llevar&aacute; al despido a m&aacute;s de 3.000 empleados.Los gremios de la Administraci&oacute;n Federal de Ingresos P&uacute;blicos (AFIP) salieron a rechazar la desaparici&oacute;n del organismo y el despido de m&aacute;s de 3.000 empleados, y &hellip; <\/p>\n","protected":false},"author":5,"featured_media":17281,"comment_status":"closed","ping_status":"closed","sticky":false,"template":"","format":"standard","meta":{"om_disable_all_campaigns":false,"_joinchat":[]},"categories":[7,3],"tags":[376,46,43],"featured_image_urls":{"full":["https:\/\/infotep.com.ar\/wp-content\/uploads\/2024\/10\/afip-1.webp",534,360,false],"thumbnail":["https:\/\/infotep.com.ar\/wp-content\/uploads\/2024\/10\/afip-1-150x150.webp",150,150,true],"medium":["https:\/\/infotep.com.ar\/wp-content\/uploads\/2024\/10\/afip-1-300x202.webp",300,202,true],"medium_large":["https:\/\/infotep.com.ar\/wp-content\/uploads\/2024\/10\/afip-1.webp",534,360,false],"large":["https:\/\/infotep.com.ar\/wp-content\/uploads\/2024\/10\/afip-1.webp",534,360,false],"1536x1536":["https:\/\/infotep.com.ar\/wp-content\/uploads\/2024\/10\/afip-1.webp",534,360,false],"2048x2048":["https:\/\/infotep.com.ar\/wp-content\/uploads\/2024\/10\/afip-1.webp",534,360,false],"blossom-feminine-slider":["https:\/\/infotep.com.ar\/wp-content\/uploads\/2024\/10\/afip-1.webp",534,360,false],"blossom-feminine-featured":["https:\/\/infotep.com.ar\/wp-content\/uploads\/2024\/10\/afip-1.webp",534,360,false],"blossom-feminine-with-sidebar":["https:\/\/infotep.com.ar\/wp-content\/uploads\/2024\/10\/afip-1.webp",534,360,false],"blossom-feminine-blog":["https:\/\/infotep.com.ar\/wp-content\/uploads\/2024\/10\/afip-1-435x360.webp",435,360,true],"blossom-feminine-cat":["https:\/\/infotep.com.ar\/wp-content\/uploads\/2024\/10\/afip-1-450x300.webp",450,300,true],"blossom-feminine-related":["https:\/\/infotep.com.ar\/wp-content\/uploads\/2024\/10\/afip-1-320x200.webp",320,200,true],"blossom-feminine-schema":["https:\/\/infotep.com.ar\/wp-content\/uploads\/2024\/10\/afip-1-89x60.webp",89,60,true],"blossom-mommy-blog-slider-big":["https:\/\/infotep.com.ar\/wp-content\/uploads\/2024\/10\/afip-1.webp",534,360,false],"blossom-mommy-blog-slider":["https:\/\/infotep.com.ar\/wp-content\/uploads\/2024\/10\/afip-1-460x310.webp",460,310,true],"blossom-mommy-blog-two":["https:\/\/infotep.com.ar\/wp-content\/uploads\/2024\/10\/afip-1.webp",534,360,false]},"author_info":{"info":["Angela Tobar"]},"category_info":"<a href=\"https:\/\/infotep.com.ar\/index.php\/category\/gremios\/\" rel=\"category tag\">Gremios<\/a> <a href=\"https:\/\/infotep.com.ar\/index.php\/category\/nacionales\/\" rel=\"category tag\">Nacionales<\/a>","tag_info":"Nacionales","comment_count":"0","_links":{"self":[{"href":"https:\/\/infotep.com.ar\/index.php\/wp-json\/wp\/v2\/posts\/17311"}],"collection":[{"href":"https:\/\/infotep.com.ar\/index.php\/wp-json\/wp\/v2\/posts"}],"about":[{"href":"https:\/\/infotep.com.ar\/index.php\/wp-json\/wp\/v2\/types\/post"}],"author":[{"embeddable":true,"href":"https:\/\/infotep.com.ar\/index.php\/wp-json\/wp\/v2\/users\/5"}],"replies":[{"embeddable":true,"href":"https:\/\/infotep.com.ar\/index.php\/wp-json\/wp\/v2\/comments?post=17311"}],"version-history":[{"count":1,"href":"https:\/\/infotep.com.ar\/index.php\/wp-json\/wp\/v2\/posts\/17311\/revisions"}],"predecessor-version":[{"id":17312,"href":"https:\/\/infotep.com.ar\/index.php\/wp-json\/wp\/v2\/posts\/17311\/revisions\/17312"}],"wp:featuredmedia":[{"embeddable":true,"href":"https:\/\/infotep.com.ar\/index.php\/wp-json\/wp\/v2\/media\/17281"}],"wp:attachment":[{"href":"https:\/\/infotep.com.ar\/index.php\/wp-json\/wp\/v2\/media?parent=17311"}],"wp:term":[{"taxonomy":"category","embeddable":true,"href":"https:\/\/infotep.com.ar\/index.php\/wp-json\/wp\/v2\/categories?post=17311"},{"taxonomy":"post_tag","embeddable":true,"href":"https:\/\/infotep.com.ar\/index.php\/wp-json\/wp\/v2\/tags?post=17311"}],"curies":[{"name":"wp","href":"https:\/\/api.w.org\/{rel}","templated":true}]}}