{"id":17313,"date":"2024-10-23T14:29:39","date_gmt":"2024-10-23T17:29:39","guid":{"rendered":"https:\/\/infotep.com.ar\/?p=17313"},"modified":"2024-10-23T14:29:39","modified_gmt":"2024-10-23T17:29:39","slug":"el-espacio-que-conduce-cristina-kirchner-le-pidio-a-la-junta-electoral-del-pj-que-habilite-la-lista-de-quintela","status":"publish","type":"post","link":"https:\/\/infotep.com.ar\/index.php\/2024\/10\/23\/el-espacio-que-conduce-cristina-kirchner-le-pidio-a-la-junta-electoral-del-pj-que-habilite-la-lista-de-quintela\/","title":{"rendered":"El espacio que conduce Cristina Kirchner le pidi\u00f3 a la Junta Electoral del PJ que &#8220;habilite&#8221; la lista de Quintela"},"content":{"rendered":"\n<p>Primero la Patria, la facci\u00f3n que impulsa a la ex mandataria, realiz\u00f3 la petici\u00f3n &#8220;a pesar de los numerosos incumplimientos al reglamento detectados&#8221; en la lista del gobernador riojano.<br><br>El espacio que conduce la ex presidenta Cristina Kirchner de cara a las elecciones en el<br>Partido Justicialista (PJ) le pidi\u00f3 hoy a la Junta Electoral que &#8220;habilite&#8221; la lista del gobernador Ricardo Quintela para participar de los comicios partidarios a pesar de &#8220;los numerosos incumplimientos al reglamento detectados&#8221;.<\/p>\n\n\n\n<p>&#8220;Solicitamos a los compa\u00f1eros y compa\u00f1eras miembros de la JUNTA ELECTORAL dispongan con criterio amplio y no restrictivo, la habilitaci\u00f3n de la lista \u00b4Un grito de corazo\u00f3n\u00b4 para que participe de la elelcci\u00f3n interna partidaria a realizarse el pr\u00f3ximo 17 de noviembre&#8221;, expresa el documento difundido por Primero la Patria, frente que impulsa a Fern\u00e1ndez de Kirchner a la presidencia del PJ.<\/p>\n\n\n\n<p><strong>El documento difundido desde la facci\u00f3n partidaria que lidera la ex mandataria se hizo p\u00fablico luego de que Quintela denunciara que Primero la Patria intent\u00f3 &#8220;obstaculizar el camino hacia la realizaci\u00f3n de las elecciones&#8221; en el PJ.<\/strong><\/p>\n\n\n\n<p>&#8220;Hay un conjunto de compa\u00f1eros y compa\u00f1eras que, supuestamente con la misi\u00f3n de hacer cumplir reglamentos y procedimientos, quieren entorpecer y obstaculizar el camino hacia la realizaci\u00f3n de las elecciones internas oportunamente convocadas&#8221;, manifest\u00f3 en un comunicado el frente que impulsa a Quintela para competir por el PJ.<\/p>\n\n\n\n<p>El documento, que lleva la firma de los apoderados Guillermo Llermanos y Jorge Yoma, sostiene que en &#8220;las primeras 48 horas posteriores al cierre de listas establecido en el cronograma electoral&#8221;, existi\u00f3 &#8220;una din\u00e1mica de hechos y omisiones&#8221; que son &#8220;parte de los m\u00e9todos y estrategias&#8221; que est\u00e1n &#8220;llamados a renovar y transformar&#8221; en el marco del PJ.<\/p>\n\n\n\n<p>El comunicado que emiti\u00f3 \u00b4Federales, un grito de coraz\u00f3n\u00b4, el nombre del espacio que pretende llevar al riojano a la presidencia del PJ, fue publicado despu\u00e9s de que los apoderados de Fern\u00e1ndez de Kirchner denunciaran &#8220;avales truchos&#8221; en la lista que el gobernador present\u00f3 el s\u00e1bado por la noche.<\/p>\n","protected":false},"excerpt":{"rendered":"<p>Primero la Patria, la facci&oacute;n que impulsa a la ex mandataria, realiz&oacute; la petici&oacute;n &ldquo;a pesar de los numerosos incumplimientos al reglamento detectados&rdquo; en la lista del gobernador riojano. El espacio que conduce la ex presidenta Cristina Kirchner de cara a las elecciones en elPartido Justicialista (PJ) le pidi&oacute; hoy a la Junta Electoral que &hellip; <\/p>\n","protected":false},"author":5,"featured_media":17314,"comment_status":"closed","ping_status":"closed","sticky":false,"template":"","format":"standard","meta":{"om_disable_all_campaigns":false,"_joinchat":[]},"categories":[3],"tags":[46,43],"featured_image_urls":{"full":["https:\/\/infotep.com.ar\/wp-content\/uploads\/2024\/10\/cristina.jpg",1024,579,false],"thumbnail":["https:\/\/infotep.com.ar\/wp-content\/uploads\/2024\/10\/cristina-150x150.jpg",150,150,true],"medium":["https:\/\/infotep.com.ar\/wp-content\/uploads\/2024\/10\/cristina-300x170.jpg",300,170,true],"medium_large":["https:\/\/infotep.com.ar\/wp-content\/uploads\/2024\/10\/cristina-768x434.jpg",768,434,true],"large":["https:\/\/infotep.com.ar\/wp-content\/uploads\/2024\/10\/cristina.jpg",1020,577,false],"1536x1536":["https:\/\/infotep.com.ar\/wp-content\/uploads\/2024\/10\/cristina.jpg",1024,579,false],"2048x2048":["https:\/\/infotep.com.ar\/wp-content\/uploads\/2024\/10\/cristina.jpg",1024,579,false],"blossom-feminine-slider":["https:\/\/infotep.com.ar\/wp-content\/uploads\/2024\/10\/cristina.jpg",1024,579,false],"blossom-feminine-featured":["https:\/\/infotep.com.ar\/wp-content\/uploads\/2024\/10\/cristina.jpg",1024,579,false],"blossom-feminine-with-sidebar":["https:\/\/infotep.com.ar\/wp-content\/uploads\/2024\/10\/cristina-1020x579.jpg",1020,579,true],"blossom-feminine-blog":["https:\/\/infotep.com.ar\/wp-content\/uploads\/2024\/10\/cristina-435x435.jpg",435,435,true],"blossom-feminine-cat":["https:\/\/infotep.com.ar\/wp-content\/uploads\/2024\/10\/cristina-450x300.jpg",450,300,true],"blossom-feminine-related":["https:\/\/infotep.com.ar\/wp-content\/uploads\/2024\/10\/cristina-320x200.jpg",320,200,true],"blossom-feminine-schema":["https:\/\/infotep.com.ar\/wp-content\/uploads\/2024\/10\/cristina-106x60.jpg",106,60,true],"blossom-mommy-blog-slider-big":["https:\/\/infotep.com.ar\/wp-content\/uploads\/2024\/10\/cristina-920x579.jpg",920,579,true],"blossom-mommy-blog-slider":["https:\/\/infotep.com.ar\/wp-content\/uploads\/2024\/10\/cristina-460x310.jpg",460,310,true],"blossom-mommy-blog-two":["https:\/\/infotep.com.ar\/wp-content\/uploads\/2024\/10\/cristina-768x480.jpg",768,480,true]},"author_info":{"info":["Angela Tobar"]},"category_info":"<a href=\"https:\/\/infotep.com.ar\/index.php\/category\/nacionales\/\" rel=\"category tag\">Nacionales<\/a>","tag_info":"Nacionales","comment_count":"0","_links":{"self":[{"href":"https:\/\/infotep.com.ar\/index.php\/wp-json\/wp\/v2\/posts\/17313"}],"collection":[{"href":"https:\/\/infotep.com.ar\/index.php\/wp-json\/wp\/v2\/posts"}],"about":[{"href":"https:\/\/infotep.com.ar\/index.php\/wp-json\/wp\/v2\/types\/post"}],"author":[{"embeddable":true,"href":"https:\/\/infotep.com.ar\/index.php\/wp-json\/wp\/v2\/users\/5"}],"replies":[{"embeddable":true,"href":"https:\/\/infotep.com.ar\/index.php\/wp-json\/wp\/v2\/comments?post=17313"}],"version-history":[{"count":1,"href":"https:\/\/infotep.com.ar\/index.php\/wp-json\/wp\/v2\/posts\/17313\/revisions"}],"predecessor-version":[{"id":17315,"href":"https:\/\/infotep.com.ar\/index.php\/wp-json\/wp\/v2\/posts\/17313\/revisions\/17315"}],"wp:featuredmedia":[{"embeddable":true,"href":"https:\/\/infotep.com.ar\/index.php\/wp-json\/wp\/v2\/media\/17314"}],"wp:attachment":[{"href":"https:\/\/infotep.com.ar\/index.php\/wp-json\/wp\/v2\/media?parent=17313"}],"wp:term":[{"taxonomy":"category","embeddable":true,"href":"https:\/\/infotep.com.ar\/index.php\/wp-json\/wp\/v2\/categories?post=17313"},{"taxonomy":"post_tag","embeddable":true,"href":"https:\/\/infotep.com.ar\/index.php\/wp-json\/wp\/v2\/tags?post=17313"}],"curies":[{"name":"wp","href":"https:\/\/api.w.org\/{rel}","templated":true}]}}