{"id":17341,"date":"2024-10-24T01:43:39","date_gmt":"2024-10-24T04:43:39","guid":{"rendered":"https:\/\/infotep.com.ar\/?p=17341"},"modified":"2024-10-25T11:43:40","modified_gmt":"2024-10-25T14:43:40","slug":"comenzo-la-feria-del-libro-de-merlo","status":"publish","type":"post","link":"https:\/\/infotep.com.ar\/index.php\/2024\/10\/24\/comenzo-la-feria-del-libro-de-merlo\/","title":{"rendered":"Comenz\u00f3 la 7ma Feria del Libro de Merlo"},"content":{"rendered":"\n<p>Comenz\u00f3 la  7ma Feria del Libro de Merlo contar\u00e1 con m\u00e1s de 50 stands de librer\u00edas, distribuidoras e instituciones. Adem\u00e1s, 3 auditorios para presentaciones, conferencias y grandes espect\u00e1culos, con destacadas personalidades de la cultura nacional e invitados especiales. Hasta el 27 de octubre, la misma tendr\u00e1 una programaci\u00f3n de primer nivel que incluir\u00e1 a los m\u00e1s importantes escritores argentinos, pensadores y personalidades destacadas de la cultura nacional.<br><\/p>\n\n\n\n<p>La misma se realiza en el cub Social y Deportivo Merlo, Predio \u201cEl Remanso\u201d \u2013 Parque San Mart\u00edn<br>Blanco Encalada 699<\/p>\n\n\n\n<p><strong>Con entrada Libre y Gratuita<\/strong><\/p>\n\n\n\n<p>Organizada por la Municipalidad de Merlo, a trav\u00e9s de la Subsecretar\u00eda de Cultura de Merlo,<br>y la Fundaci\u00f3n El Libro. Acompa\u00f1a SADE.<\/p>\n\n\n\n<p>Fechas y horarios<\/p>\n\n\n\n<p>Abierta para todo p\u00fablico en los siguientes horarios:<\/p>\n\n\n\n<p><strong>De Martes a Viernes de 09 a 20 hs<br>S\u00e1bado y Domingo de 12 a 21 hs<\/strong><\/p>\n\n\n\n<figure class=\"wp-block-image size-large\"><img decoding=\"async\" loading=\"lazy\" width=\"1024\" height=\"900\" src=\"https:\/\/infotep.com.ar\/wp-content\/uploads\/2024\/10\/CRONOGRAMA-1024x900.jpg\" alt=\"\" class=\"wp-image-17343\" srcset=\"https:\/\/infotep.com.ar\/wp-content\/uploads\/2024\/10\/CRONOGRAMA-1024x900.jpg 1024w, https:\/\/infotep.com.ar\/wp-content\/uploads\/2024\/10\/CRONOGRAMA-300x264.jpg 300w, https:\/\/infotep.com.ar\/wp-content\/uploads\/2024\/10\/CRONOGRAMA-768x675.jpg 768w, https:\/\/infotep.com.ar\/wp-content\/uploads\/2024\/10\/CRONOGRAMA-68x60.jpg 68w, https:\/\/infotep.com.ar\/wp-content\/uploads\/2024\/10\/CRONOGRAMA.jpg 1122w\" sizes=\"(max-width: 1024px) 100vw, 1024px\" \/><\/figure>\n\n\n\n<p class=\"has-light-green-cyan-background-color has-background\"><strong>Jueves 24\/10<\/strong><\/p>\n\n\n\n<p class=\"has-white-background-color has-background\"><strong>14.00 hs<\/strong> (auditorio Mafalda): Presentaci\u00f3n de libros sobre identidad bonaerense con la presencia de Alberto Sileoni, director general de Cultura y Educaci\u00f3n de la Provincia de Buenos Aires.<br><strong>16.00 h<\/strong>s (sala Roberto Cossa): Marianela Victorel: Neuronarrativas de transformaci\u00f3n (el poder terap\u00e9utico de la escritura).<br><strong>16.00 h<\/strong>s (sala Rayuela): Liliana Capalbo presenta su compilaci\u00f3n \u201cDemocratizar la palabra\u201d (EDEUNO: Editorial de la Universidad Nacional del Oeste).<br><strong>17.00 hs <\/strong>(sala Roberto Cossa): Sebasti\u00e1n V\u00e1zquez, charla-debate sobre su libro \u201cLos cinco animales, el brebaje m\u00e1gico y el mundo humano\u201d.<br><strong>17.00 hs<\/strong> (sala Rayuela): Presentaci\u00f3n del libro \u201cUniversidad y Ciencia: 40 a\u00f1os de democracia y los desaf\u00edos del conurbano\u201d, de Norberto Ferr\u00e9, Aldana del Pozo y Agustina Tagliabue (comps.) (EDUNO: Editorial de la Universidad Nacional del Oeste).<br><strong>18.00 hs<\/strong> (sala Roberto Cossa): Asociaci\u00f3n de Bibliotecarios Escolares de Merlo junto a CENDIE 8 presentan a las escritoras Esther Aust y Mirta Vargas; coordinado por Ariel Skerk.<br><strong>18.00 hs<\/strong> (sala Rayuela): Acompa\u00f1ar la alfabetizaci\u00f3n: un compromiso colectivo; charla por Diego Chichizola (especialista en escritura y alfabetizaci\u00f3n de personas j\u00f3venes y adultos).<br><strong>18.00 h<\/strong>s (auditorio Mafalda):<strong> El historiador Pacho O\u2019Donnell en la VII\u00aa Feria del Libro de Merlo.<\/strong><br><strong>19.00 hs <\/strong>(sala Rayuela): Ciclo de Poes\u00eda del 29 para visibilizar las voces de estudiantes que escriben.<br><\/p>\n\n\n\n<p class=\"has-light-green-cyan-background-color has-background\"><strong>Viernes 25\/10<\/strong><\/p>\n\n\n\n<p class=\"has-white-background-color has-background\"><br><strong>09.00 hs <\/strong>(auditorio Mafalda): \u201cFormate en Merlo\u201d: charla de capacitaci\u00f3n docente; actividad de la Subsecretar\u00eda de Educaci\u00f3n del Gobierno del Pueblo de Merlo.<br><strong>16.00 hs<\/strong> (sala Roberto Cossa): \u201cEl desarrollo de las universidades nacionales: el caso de la Universidad Nacional del Oeste\u201d, de Agustina Gallo (Imprex Ediciones); presenta: Eduardo Crnko, secretario acad\u00e9mico de la Universidad Nacional del Oeste.<br><strong>17.00 hs<\/strong> (sala Roberto Cossa): \u201cLiberaci\u00f3n nacional, socialismo y clase trabajadora\u201d de Norberto Galasso (Imprex Ediciones); presentan: Rafael Klejzer y Maximiliano Molocznik.<br><strong>17.00 hs (<\/strong>sala Rayuela): La periodista Julia Mengolini en la VII\u00aa Feria del Libro de Merlo.<br><strong>18.00 hs <\/strong>(sala Rayuela): Charla de Oscar Sosa (actor y director teatral): presentaci\u00f3n de la obra \u201cSin Tregua\u201d y debate sobre el grotesco rioplatense.<br><strong>18.00 hs <\/strong>(auditorio Mafalda): <strong>Dar\u00edo Sztajnszrajber y Soledad Barruti: \u201cRecital de Mitos\u201d; el fil\u00f3sofo y la periodista juntos, narrando mitos antiguos. Un viaje para pensar en nosotros mismos.<\/strong><br><strong>18.30 hs <\/strong>(sala Roberto Cossa): Presentaci\u00f3n del libro \u201cPontevedra, un pueblo fraterno\u201d, de Teresa Botta y M\u00f3nica Lanza (Imprex Ediciones).<\/p>\n\n\n\n<p class=\"has-black-color has-light-green-cyan-background-color has-text-color has-background\"><strong>S\u00e1bado 26\/10<\/strong><\/p>\n\n\n\n<p class=\"has-white-background-color has-background\"><strong>12.00 hs<\/strong> hasta el cierre (en el sector de entrada): Presentaci\u00f3n de la saga de fantas\u00eda y magia \u201cEl Quinto Conjuro\u201d (editorial Tinta Libre), con personificaciones; auspicia Librer\u00eda Las Palabras.<br><strong>12.00 hs <\/strong>(sala Roberto Cossa): Presentaci\u00f3n colectiva de autores y charlas institucionales de la Sociedad Argentina de Escritores, filial Moreno; coordina: Prof. Silvina Crespo.<br><strong>12.00 hs<\/strong> (sala Rayuela): Presentaci\u00f3n del nuevo recetario de La Peque\u00f1a Artesana (Zaira Spalletta), autora y youtuber de Merlo, de 9 a\u00f1os: \u201cCocinando con La Peque\u00f1a Artesana\u201d.<br><strong>14.00 hs <\/strong>(sala Rayuela): El lic. Am\u00edlcar Matosi\u00e1n y el lic. Agust\u00edn Dellepiane brindar\u00e1n una charla abierta sobre herramientas de prevenci\u00f3n frente al suicidio y la ludopat\u00eda; coord.: programa Tu Vida Vale Mucho.<br><strong>15.00 hs <\/strong>(auditorio Mafalda): Presentaci\u00f3n sobre folklore por \u201cEl Cha\u00f1ar\u201d; coordinada por Diego Barrientos.<br><strong>16.00 hs<\/strong> (sala Roberto Cossa): Recital de coros de Merlo; conduce: Prof. Estela Borrajo.<br><strong>16.00 hs <\/strong>(sala Rayuela): Luj\u00e1n Zalazar presenta su libro \u201cEl valor de vivir con Vozs: Un viaje de autodescubrimiento y sanaci\u00f3n a trav\u00e9s de la voz\u201d.<br><strong>17.00 hs <\/strong>(sala Rayuela): Presentaci\u00f3n del escritor y guionista Pedro Saborido y el dibujante Miguel Rep.<br><strong>18.00 hs<\/strong> (sala Roberto Cossa): Presentaci\u00f3n del libro digital \u201cHeridos\u201d, de Elin Rossi, sobre beneficios y desventajas de la digitalizaci\u00f3n.<br><strong>18.00 hs<\/strong> (sala Rayuela): Charla de la Pastoral de Afrodescendientes de Merlo- Moreno.<br><strong>18.00 hs <\/strong>(auditorio Mafalda): Conferencia del historiador Felipe Pigna en la VII\u00aa Feria del Libro de Merlo.<br><strong>20.00 hs <\/strong>(auditorio Mafalda): Peroncho (Emanuel Rodr\u00edguez): espect\u00e1culo de stand up.<br><\/p>\n\n\n\n<p class=\"has-light-green-cyan-background-color has-background\"><strong>Domingo 27\/10<br><\/strong><br>Beneficio especial: CHEQUELIBRO<br><br>Los alumnos y estudiantes recibir\u00e1n de regalo un (1) Chequelibro de $ 5000.- (cinco mil pesos) para ser usado exclusivamente para la compra de libros en los stands de la Feria.<br><br>Solo se aceptar\u00e1 un chequelibro por compra de libro en cada stand. Los chequelibros NO son acumulables y no tienen vuelto.<\/p>\n","protected":false},"excerpt":{"rendered":"<p>Comenz&oacute; la 7ma Feria del Libro de Merlo contar&aacute; con m&aacute;s de 50 stands de librer&iacute;as, distribuidoras e instituciones. Adem&aacute;s, 3 auditorios para presentaciones, conferencias y grandes espect&aacute;culos, con destacadas personalidades de la cultura nacional e invitados especiales. Hasta el 27 de octubre, la misma tendr&aacute; una programaci&oacute;n de primer nivel que incluir&aacute; a los &hellip; <\/p>\n","protected":false},"author":5,"featured_media":17342,"comment_status":"closed","ping_status":"closed","sticky":false,"template":"","format":"standard","meta":{"om_disable_all_campaigns":false,"_joinchat":[]},"categories":[10],"tags":[78,46,287,43],"featured_image_urls":{"full":["https:\/\/infotep.com.ar\/wp-content\/uploads\/2024\/10\/feria-del-libro-merlojpg.webp",825,464,false],"thumbnail":["https:\/\/infotep.com.ar\/wp-content\/uploads\/2024\/10\/feria-del-libro-merlojpg-150x150.webp",150,150,true],"medium":["https:\/\/infotep.com.ar\/wp-content\/uploads\/2024\/10\/feria-del-libro-merlojpg-300x169.webp",300,169,true],"medium_large":["https:\/\/infotep.com.ar\/wp-content\/uploads\/2024\/10\/feria-del-libro-merlojpg-768x432.webp",768,432,true],"large":["https:\/\/infotep.com.ar\/wp-content\/uploads\/2024\/10\/feria-del-libro-merlojpg.webp",825,464,false],"1536x1536":["https:\/\/infotep.com.ar\/wp-content\/uploads\/2024\/10\/feria-del-libro-merlojpg.webp",825,464,false],"2048x2048":["https:\/\/infotep.com.ar\/wp-content\/uploads\/2024\/10\/feria-del-libro-merlojpg.webp",825,464,false],"blossom-feminine-slider":["https:\/\/infotep.com.ar\/wp-content\/uploads\/2024\/10\/feria-del-libro-merlojpg.webp",825,464,false],"blossom-feminine-featured":["https:\/\/infotep.com.ar\/wp-content\/uploads\/2024\/10\/feria-del-libro-merlojpg.webp",825,464,false],"blossom-feminine-with-sidebar":["https:\/\/infotep.com.ar\/wp-content\/uploads\/2024\/10\/feria-del-libro-merlojpg.webp",825,464,false],"blossom-feminine-blog":["https:\/\/infotep.com.ar\/wp-content\/uploads\/2024\/10\/feria-del-libro-merlojpg-435x435.webp",435,435,true],"blossom-feminine-cat":["https:\/\/infotep.com.ar\/wp-content\/uploads\/2024\/10\/feria-del-libro-merlojpg-450x300.webp",450,300,true],"blossom-feminine-related":["https:\/\/infotep.com.ar\/wp-content\/uploads\/2024\/10\/feria-del-libro-merlojpg-320x200.webp",320,200,true],"blossom-feminine-schema":["https:\/\/infotep.com.ar\/wp-content\/uploads\/2024\/10\/feria-del-libro-merlojpg-107x60.webp",107,60,true],"blossom-mommy-blog-slider-big":["https:\/\/infotep.com.ar\/wp-content\/uploads\/2024\/10\/feria-del-libro-merlojpg.webp",825,464,false],"blossom-mommy-blog-slider":["https:\/\/infotep.com.ar\/wp-content\/uploads\/2024\/10\/feria-del-libro-merlojpg-460x310.webp",460,310,true],"blossom-mommy-blog-two":["https:\/\/infotep.com.ar\/wp-content\/uploads\/2024\/10\/feria-del-libro-merlojpg-768x464.webp",768,464,true]},"author_info":{"info":["Angela Tobar"]},"category_info":"<a href=\"https:\/\/infotep.com.ar\/index.php\/category\/municipales\/merlo\/\" rel=\"category tag\">Merlo<\/a>","tag_info":"Merlo","comment_count":"0","_links":{"self":[{"href":"https:\/\/infotep.com.ar\/index.php\/wp-json\/wp\/v2\/posts\/17341"}],"collection":[{"href":"https:\/\/infotep.com.ar\/index.php\/wp-json\/wp\/v2\/posts"}],"about":[{"href":"https:\/\/infotep.com.ar\/index.php\/wp-json\/wp\/v2\/types\/post"}],"author":[{"embeddable":true,"href":"https:\/\/infotep.com.ar\/index.php\/wp-json\/wp\/v2\/users\/5"}],"replies":[{"embeddable":true,"href":"https:\/\/infotep.com.ar\/index.php\/wp-json\/wp\/v2\/comments?post=17341"}],"version-history":[{"count":2,"href":"https:\/\/infotep.com.ar\/index.php\/wp-json\/wp\/v2\/posts\/17341\/revisions"}],"predecessor-version":[{"id":17345,"href":"https:\/\/infotep.com.ar\/index.php\/wp-json\/wp\/v2\/posts\/17341\/revisions\/17345"}],"wp:featuredmedia":[{"embeddable":true,"href":"https:\/\/infotep.com.ar\/index.php\/wp-json\/wp\/v2\/media\/17342"}],"wp:attachment":[{"href":"https:\/\/infotep.com.ar\/index.php\/wp-json\/wp\/v2\/media?parent=17341"}],"wp:term":[{"taxonomy":"category","embeddable":true,"href":"https:\/\/infotep.com.ar\/index.php\/wp-json\/wp\/v2\/categories?post=17341"},{"taxonomy":"post_tag","embeddable":true,"href":"https:\/\/infotep.com.ar\/index.php\/wp-json\/wp\/v2\/tags?post=17341"}],"curies":[{"name":"wp","href":"https:\/\/api.w.org\/{rel}","templated":true}]}}