{"id":17464,"date":"2024-10-28T16:36:32","date_gmt":"2024-10-28T19:36:32","guid":{"rendered":"https:\/\/infotep.com.ar\/?p=17464"},"modified":"2024-10-28T16:36:33","modified_gmt":"2024-10-28T19:36:33","slug":"nuevo-paro-docente-no-habra-clases-en-la-provincia","status":"publish","type":"post","link":"https:\/\/infotep.com.ar\/index.php\/2024\/10\/28\/nuevo-paro-docente-no-habra-clases-en-la-provincia\/","title":{"rendered":"Nuevo paro docente: no habr\u00e1 clases en la provincia"},"content":{"rendered":"\n<p>Los educadores bonaerenses se suman a la iniciativa del transporte y de las universidades. Reclaman mejores salarios y el regreso del FONID.<br><br><strong>El pr\u00f3ximo 30 de octubre se llevar\u00e1 a cabo un paro nacional del transporte, respaldado por la Confederaci\u00f3n Argentina de Trabajadores del Transporte, afectar\u00e1 camiones, trenes, subtes, aviones y barcos<\/strong><\/p>\n\n\n\n<p>A todos ellos se le suman los universitarios, que contin\u00faan expresando el repudio a los legisladores y las legisladoras que votaron en contra de las universidades y llamar a que el pr\u00f3ximo a\u00f1o no se los acompa\u00f1e con el voto.<\/p>\n\n\n\n<p>Como se dijo, los maestros de la provincia de Buenos Aires tambi\u00e9n se suman a la movida de cese de actividades.<\/p>\n\n\n\n<p>Asimismo, los docentes de la provincia explicaron que tambi\u00e9n paran \u201cpor el respeto al derecho a huelga, resguardo y reparaci\u00f3n efectiva. El no al vaciamiento de nuestra obra social plenas prestaciones de IOMA\u201d.<\/p>\n\n\n\n<p><strong>Tambi\u00e9n remarcaron que en el cese de actividades est\u00e1n en reclamo el atropello al sistema de licencias &#8211; restituci\u00f3n del FONID, al veto de Javier Milei\u201d y solicitan un \u201caumento ya del presupuesto educativo\u201d.<\/strong><\/p>\n\n\n\n<p>En esa l\u00ednea, los maestros de la provincia de Buenos Aires \u201cexigimos a Ctera y las centrales sindicales el paro nacional con plan de lucha y la tercera marcha federal\u201d.<\/p>\n\n\n\n<p>En las \u00faltimas horas se sumaron La Federaci\u00f3n de Educadores (FEB) y Udocba (Uni\u00f3n de Docentes Buenos Aires).<\/p>\n","protected":false},"excerpt":{"rendered":"<p>Los educadores bonaerenses se suman a la iniciativa del transporte y de las universidades. Reclaman mejores salarios y el regreso del FONID. El pr&oacute;ximo 30 de octubre se llevar&aacute; a cabo un paro nacional del transporte, respaldado por la Confederaci&oacute;n Argentina de Trabajadores del Transporte, afectar&aacute; camiones, trenes, subtes, aviones y barcos A todos ellos &hellip; <\/p>\n","protected":false},"author":5,"featured_media":5562,"comment_status":"closed","ping_status":"closed","sticky":false,"template":"","format":"standard","meta":{"om_disable_all_campaigns":false,"_joinchat":[]},"categories":[31,7,4],"tags":[46,43],"featured_image_urls":{"full":["https:\/\/infotep.com.ar\/wp-content\/uploads\/2023\/06\/paro-nacional-docente_416x234.webp",416,234,false],"thumbnail":["https:\/\/infotep.com.ar\/wp-content\/uploads\/2023\/06\/paro-nacional-docente_416x234-150x150.webp",150,150,true],"medium":["https:\/\/infotep.com.ar\/wp-content\/uploads\/2023\/06\/paro-nacional-docente_416x234-300x169.webp",300,169,true],"medium_large":["https:\/\/infotep.com.ar\/wp-content\/uploads\/2023\/06\/paro-nacional-docente_416x234.webp",416,234,false],"large":["https:\/\/infotep.com.ar\/wp-content\/uploads\/2023\/06\/paro-nacional-docente_416x234.webp",416,234,false],"1536x1536":["https:\/\/infotep.com.ar\/wp-content\/uploads\/2023\/06\/paro-nacional-docente_416x234.webp",416,234,false],"2048x2048":["https:\/\/infotep.com.ar\/wp-content\/uploads\/2023\/06\/paro-nacional-docente_416x234.webp",416,234,false],"blossom-feminine-slider":["https:\/\/infotep.com.ar\/wp-content\/uploads\/2023\/06\/paro-nacional-docente_416x234.webp",416,234,false],"blossom-feminine-featured":["https:\/\/infotep.com.ar\/wp-content\/uploads\/2023\/06\/paro-nacional-docente_416x234.webp",416,234,false],"blossom-feminine-with-sidebar":["https:\/\/infotep.com.ar\/wp-content\/uploads\/2023\/06\/paro-nacional-docente_416x234.webp",416,234,false],"blossom-feminine-blog":["https:\/\/infotep.com.ar\/wp-content\/uploads\/2023\/06\/paro-nacional-docente_416x234.webp",416,234,false],"blossom-feminine-cat":["https:\/\/infotep.com.ar\/wp-content\/uploads\/2023\/06\/paro-nacional-docente_416x234.webp",416,234,false],"blossom-feminine-related":["https:\/\/infotep.com.ar\/wp-content\/uploads\/2023\/06\/paro-nacional-docente_416x234-320x200.webp",320,200,true],"blossom-feminine-schema":["https:\/\/infotep.com.ar\/wp-content\/uploads\/2023\/06\/paro-nacional-docente_416x234-107x60.webp",107,60,true],"blossom-mommy-blog-slider-big":["https:\/\/infotep.com.ar\/wp-content\/uploads\/2023\/06\/paro-nacional-docente_416x234.webp",416,234,false],"blossom-mommy-blog-slider":["https:\/\/infotep.com.ar\/wp-content\/uploads\/2023\/06\/paro-nacional-docente_416x234.webp",416,234,false],"blossom-mommy-blog-two":["https:\/\/infotep.com.ar\/wp-content\/uploads\/2023\/06\/paro-nacional-docente_416x234.webp",416,234,false]},"author_info":{"info":["Angela Tobar"]},"category_info":"<a href=\"https:\/\/infotep.com.ar\/index.php\/category\/destacadas\/\" rel=\"category tag\">Destacadas<\/a> <a href=\"https:\/\/infotep.com.ar\/index.php\/category\/gremios\/\" rel=\"category tag\">Gremios<\/a> <a href=\"https:\/\/infotep.com.ar\/index.php\/category\/provinciales\/\" rel=\"category tag\">Provinciales<\/a>","tag_info":"Provinciales","comment_count":"0","_links":{"self":[{"href":"https:\/\/infotep.com.ar\/index.php\/wp-json\/wp\/v2\/posts\/17464"}],"collection":[{"href":"https:\/\/infotep.com.ar\/index.php\/wp-json\/wp\/v2\/posts"}],"about":[{"href":"https:\/\/infotep.com.ar\/index.php\/wp-json\/wp\/v2\/types\/post"}],"author":[{"embeddable":true,"href":"https:\/\/infotep.com.ar\/index.php\/wp-json\/wp\/v2\/users\/5"}],"replies":[{"embeddable":true,"href":"https:\/\/infotep.com.ar\/index.php\/wp-json\/wp\/v2\/comments?post=17464"}],"version-history":[{"count":1,"href":"https:\/\/infotep.com.ar\/index.php\/wp-json\/wp\/v2\/posts\/17464\/revisions"}],"predecessor-version":[{"id":17465,"href":"https:\/\/infotep.com.ar\/index.php\/wp-json\/wp\/v2\/posts\/17464\/revisions\/17465"}],"wp:featuredmedia":[{"embeddable":true,"href":"https:\/\/infotep.com.ar\/index.php\/wp-json\/wp\/v2\/media\/5562"}],"wp:attachment":[{"href":"https:\/\/infotep.com.ar\/index.php\/wp-json\/wp\/v2\/media?parent=17464"}],"wp:term":[{"taxonomy":"category","embeddable":true,"href":"https:\/\/infotep.com.ar\/index.php\/wp-json\/wp\/v2\/categories?post=17464"},{"taxonomy":"post_tag","embeddable":true,"href":"https:\/\/infotep.com.ar\/index.php\/wp-json\/wp\/v2\/tags?post=17464"}],"curies":[{"name":"wp","href":"https:\/\/api.w.org\/{rel}","templated":true}]}}