{"id":1752,"date":"2022-10-19T21:09:51","date_gmt":"2022-10-20T00:09:51","guid":{"rendered":"https:\/\/infotep.com.ar\/?p=1752"},"modified":"2022-10-19T21:09:52","modified_gmt":"2022-10-20T00:09:52","slug":"ghi-encabezo-una-nueva-edicion-de-la-expo-uio-en-moron","status":"publish","type":"post","link":"https:\/\/infotep.com.ar\/index.php\/2022\/10\/19\/ghi-encabezo-una-nueva-edicion-de-la-expo-uio-en-moron\/","title":{"rendered":"Ghi encabez\u00f3 una nueva edici\u00f3n de la Expo UIO en Mor\u00f3n"},"content":{"rendered":"\n<p>El intendente Lucas Ghi particip\u00f3 de la apertura de la 11\u00ba muestra de Educaci\u00f3n, Empleo e Industria en el Parque Industrial La Cant\u00e1brica. Los y las estudiantes del \u00faltimo a\u00f1o de Escuelas T\u00e9cnicas p\u00fablicas y privadas de Mor\u00f3n presentan sus proyectos tecnol\u00f3gicos ante empresas y autoridades de pymes.<\/p>\n\n\n\n<p>Esta ma\u00f1ana se realiz\u00f3 la apertura de la Expo UIO, que se desarrollar\u00e1 hoy y ma\u00f1ana, en Mor\u00f3n en el Parque Industrial La Cant\u00e1brica. Se trata de una muestra donde los y las estudiantes del \u00faltimo a\u00f1o de Escuelas T\u00e9cnicas p\u00fablicas y privadas de Mor\u00f3n presentan sus proyectos tecnol\u00f3gicos a empresas y autoridades de pymes. La iniciativa es organizada por la Uni\u00f3n Industrial del Oeste y re\u00fane alrededor de 60 escuelas.<\/p>\n\n\n\n<p>Participaron de la apertura el intendente Lucas Ghi, el presidente de la Uni\u00f3n Industrial del Oeste, Ing. Edgardo G\u00e1mbaro, la subsecretaria de Industria, Pymes y Cooperativas bonaerense, Mariela Bembi, y el ex intendente de Mor\u00f3n, Mart\u00edn Sabbatella.<\/p>\n\n\n\n<p class=\"has-light-green-cyan-background-color has-background\">El jefe comunal expres\u00f3 que: \u201cEn la muestra vemos el desarrollo del que son capaces nuestros chicos y chicas de las escuelas t\u00e9cnicas y uno no puede m\u00e1s que asombrarse, porque hay mucha inteligencia, porque hay mucho esfuerzo, porque hay mucho compromiso, tanto de los estudiantes como de los planteles docentes. Eso nos da la pauta del potencial enorme que tiene la Argentina en la medida que sigamos apostando por un modelo de desarrollo en donde la industria sea su eje central\u201d.<\/p>\n\n\n\n<p>Por su parte, G\u00e1mbaro destac\u00f3 que: \u201cAc\u00e1 vemos ese entusiasmo y esas ganas en los chicos, en los directores y en los maestros. Este espacio sirve para generar y fortalecer las cadenas productivas, lo p\u00fablico, lo privado, el Estado y todos apuntando a un mismo objetivo que es tener m\u00e1s desarrollo, m\u00e1s trabajo y mejor calidad de vida\u201d.<\/p>\n\n\n\n<p>La Expo UIO-Tec fue declarada de inter\u00e9s educativo por la Direcci\u00f3n de Cultura y Educaci\u00f3n de la Provincia de Buenos Aires y cuenta a\u00f1o a a\u00f1o con el apoyo de la C\u00e1mara de Diputados de la Provincia de Buenos Aires, la C\u00e1mara de la mediana empresa (CAME), el Ministerio de Producci\u00f3n de la Provincia de Buenos Aires, la Municipalidad de Mor\u00f3n, la Universidad de Mor\u00f3n y Pymes asociadas a la UIO.<\/p>\n","protected":false},"excerpt":{"rendered":"<p>El intendente Lucas Ghi particip&oacute; de la apertura de la 11&ordm; muestra de Educaci&oacute;n, Empleo e Industria en el Parque Industrial La Cant&aacute;brica. Los y las estudiantes del &uacute;ltimo a&ntilde;o de Escuelas T&eacute;cnicas p&uacute;blicas y privadas de Mor&oacute;n presentan sus proyectos tecnol&oacute;gicos ante empresas y autoridades de pymes. Esta ma&ntilde;ana se realiz&oacute; la apertura de &hellip; <\/p>\n","protected":false},"author":5,"featured_media":1753,"comment_status":"closed","ping_status":"closed","sticky":false,"template":"","format":"standard","meta":{"om_disable_all_campaigns":false,"_joinchat":[]},"categories":[9],"tags":[46,56,53,43],"featured_image_urls":{"full":["https:\/\/infotep.com.ar\/wp-content\/uploads\/2022\/10\/1_9Wrt3sLDDGhNX5mbPpe-IQ.jpeg",1280,852,false],"thumbnail":["https:\/\/infotep.com.ar\/wp-content\/uploads\/2022\/10\/1_9Wrt3sLDDGhNX5mbPpe-IQ-150x150.jpeg",150,150,true],"medium":["https:\/\/infotep.com.ar\/wp-content\/uploads\/2022\/10\/1_9Wrt3sLDDGhNX5mbPpe-IQ-300x200.jpeg",300,200,true],"medium_large":["https:\/\/infotep.com.ar\/wp-content\/uploads\/2022\/10\/1_9Wrt3sLDDGhNX5mbPpe-IQ-768x511.jpeg",768,511,true],"large":["https:\/\/infotep.com.ar\/wp-content\/uploads\/2022\/10\/1_9Wrt3sLDDGhNX5mbPpe-IQ-1024x682.jpeg",1020,679,true],"1536x1536":["https:\/\/infotep.com.ar\/wp-content\/uploads\/2022\/10\/1_9Wrt3sLDDGhNX5mbPpe-IQ.jpeg",1280,852,false],"2048x2048":["https:\/\/infotep.com.ar\/wp-content\/uploads\/2022\/10\/1_9Wrt3sLDDGhNX5mbPpe-IQ.jpeg",1280,852,false],"blossom-feminine-slider":["https:\/\/infotep.com.ar\/wp-content\/uploads\/2022\/10\/1_9Wrt3sLDDGhNX5mbPpe-IQ-1280x649.jpeg",1280,649,true],"blossom-feminine-featured":["https:\/\/infotep.com.ar\/wp-content\/uploads\/2022\/10\/1_9Wrt3sLDDGhNX5mbPpe-IQ-1280x600.jpeg",1280,600,true],"blossom-feminine-with-sidebar":["https:\/\/infotep.com.ar\/wp-content\/uploads\/2022\/10\/1_9Wrt3sLDDGhNX5mbPpe-IQ-1020x600.jpeg",1020,600,true],"blossom-feminine-blog":["https:\/\/infotep.com.ar\/wp-content\/uploads\/2022\/10\/1_9Wrt3sLDDGhNX5mbPpe-IQ-435x435.jpeg",435,435,true],"blossom-feminine-cat":["https:\/\/infotep.com.ar\/wp-content\/uploads\/2022\/10\/1_9Wrt3sLDDGhNX5mbPpe-IQ-450x300.jpeg",450,300,true],"blossom-feminine-related":["https:\/\/infotep.com.ar\/wp-content\/uploads\/2022\/10\/1_9Wrt3sLDDGhNX5mbPpe-IQ-320x200.jpeg",320,200,true],"blossom-feminine-schema":["https:\/\/infotep.com.ar\/wp-content\/uploads\/2022\/10\/1_9Wrt3sLDDGhNX5mbPpe-IQ-90x60.jpeg",90,60,true],"blossom-mommy-blog-slider-big":["https:\/\/infotep.com.ar\/wp-content\/uploads\/2022\/10\/1_9Wrt3sLDDGhNX5mbPpe-IQ-920x650.jpeg",920,650,true],"blossom-mommy-blog-slider":["https:\/\/infotep.com.ar\/wp-content\/uploads\/2022\/10\/1_9Wrt3sLDDGhNX5mbPpe-IQ-460x310.jpeg",460,310,true],"blossom-mommy-blog-two":["https:\/\/infotep.com.ar\/wp-content\/uploads\/2022\/10\/1_9Wrt3sLDDGhNX5mbPpe-IQ-768x480.jpeg",768,480,true]},"author_info":{"info":["Angela Tobar"]},"category_info":"<a href=\"https:\/\/infotep.com.ar\/index.php\/category\/municipales\/moron\/\" rel=\"category tag\">Mor\u00f3n<\/a>","tag_info":"Mor\u00f3n","comment_count":"0","_links":{"self":[{"href":"https:\/\/infotep.com.ar\/index.php\/wp-json\/wp\/v2\/posts\/1752"}],"collection":[{"href":"https:\/\/infotep.com.ar\/index.php\/wp-json\/wp\/v2\/posts"}],"about":[{"href":"https:\/\/infotep.com.ar\/index.php\/wp-json\/wp\/v2\/types\/post"}],"author":[{"embeddable":true,"href":"https:\/\/infotep.com.ar\/index.php\/wp-json\/wp\/v2\/users\/5"}],"replies":[{"embeddable":true,"href":"https:\/\/infotep.com.ar\/index.php\/wp-json\/wp\/v2\/comments?post=1752"}],"version-history":[{"count":1,"href":"https:\/\/infotep.com.ar\/index.php\/wp-json\/wp\/v2\/posts\/1752\/revisions"}],"predecessor-version":[{"id":1754,"href":"https:\/\/infotep.com.ar\/index.php\/wp-json\/wp\/v2\/posts\/1752\/revisions\/1754"}],"wp:featuredmedia":[{"embeddable":true,"href":"https:\/\/infotep.com.ar\/index.php\/wp-json\/wp\/v2\/media\/1753"}],"wp:attachment":[{"href":"https:\/\/infotep.com.ar\/index.php\/wp-json\/wp\/v2\/media?parent=1752"}],"wp:term":[{"taxonomy":"category","embeddable":true,"href":"https:\/\/infotep.com.ar\/index.php\/wp-json\/wp\/v2\/categories?post=1752"},{"taxonomy":"post_tag","embeddable":true,"href":"https:\/\/infotep.com.ar\/index.php\/wp-json\/wp\/v2\/tags?post=1752"}],"curies":[{"name":"wp","href":"https:\/\/api.w.org\/{rel}","templated":true}]}}