{"id":1755,"date":"2022-10-19T21:13:18","date_gmt":"2022-10-20T00:13:18","guid":{"rendered":"https:\/\/infotep.com.ar\/?p=1755"},"modified":"2022-10-19T21:13:56","modified_gmt":"2022-10-20T00:13:56","slug":"1755","status":"publish","type":"post","link":"https:\/\/infotep.com.ar\/index.php\/2022\/10\/19\/1755\/","title":{"rendered":"Moreno realiza una capacitaci\u00f3n esc\u00e9nica para cantantes populares"},"content":{"rendered":"\n<p>Se trata de una actividad gratuita, con inscripci\u00f3n previa y cupos limitados, destinado a cantantes populares mayores de 16 a\u00f1os<\/p>\n\n\n\n<p>El Municipio de Moreno, a trav\u00e9s de la Subsecretar\u00eda de Cultura, convoca a todas y todos los interesados mayores de 16 a\u00f1os a la Capacitaci\u00f3n esc\u00e9nica para cantantes populares, que se desarrollar\u00e1 el domingo 23 de octubre, de 14 a 18 horas, en el teatro municipal \u201cLeopoldo Marechal\u201d, ubicado en Asconap\u00e9 85.<\/p>\n\n\n\n<p>La actividad es gratuita, con inscripci\u00f3n previa y cupos limitados, con una duraci\u00f3n de 4 horas y estar\u00e1 a cargo de Guillermo Galv\u00e9 y Hugo Araujo.<\/p>\n\n\n\n<p>Durante la jornada se abordaran los conceptos y fundamentos del trabajo pre-esc\u00e9nicos de acondicionamiento postural, respiratorio y vocal; organizaci\u00f3n mental de la exposici\u00f3n art\u00edstica; ejemplo y trabajo colectivo, grupal e individual; abordaje a la puesta esc\u00e9nica desde la perspectiva corporal y vocal; la expresi\u00f3n corporal y vocal en el canto y en los recursos y t\u00e9cnicas esc\u00e9nicas para la pr\u00e1ctica del canto expositivo.<\/p>\n\n\n\n<p>Quienes deseen participar deben inscribirse ingresando al siguiente <a href=\"https:\/\/docs.google.com\/forms\/d\/1JnqADiWq9uEV0f_kJTF9x53L4swDvEqpRz_Apb_cmlA\/viewform?edit_requested=true&amp;pli=1&amp;fbclid=IwAR2wtu4wPrLBZzPNdiDEUOJ_4HmR4SaIN3HE3arslnFJbfVTtBTQ57yFpnI\" target=\"_blank\" rel=\"noreferrer noopener\">link\u00a0 <\/a><\/p>\n\n\n\n<p><\/p>\n","protected":false},"excerpt":{"rendered":"<p>Se trata de una actividad gratuita, con inscripci&oacute;n previa y cupos limitados, destinado a cantantes populares mayores de 16 a&ntilde;os El Municipio de Moreno, a trav&eacute;s de la Subsecretar&iacute;a de Cultura, convoca a todas y todos los interesados mayores de 16 a&ntilde;os a la Capacitaci&oacute;n esc&eacute;nica para cantantes populares, que se desarrollar&aacute; el domingo 23 &hellip; <\/p>\n","protected":false},"author":5,"featured_media":1756,"comment_status":"closed","ping_status":"closed","sticky":false,"template":"","format":"standard","meta":{"om_disable_all_campaigns":false,"_joinchat":[]},"categories":[85],"tags":[46,107,43],"featured_image_urls":{"full":["https:\/\/infotep.com.ar\/wp-content\/uploads\/2022\/10\/canta.jpg",299,169,false],"thumbnail":["https:\/\/infotep.com.ar\/wp-content\/uploads\/2022\/10\/canta-150x150.jpg",150,150,true],"medium":["https:\/\/infotep.com.ar\/wp-content\/uploads\/2022\/10\/canta.jpg",299,169,false],"medium_large":["https:\/\/infotep.com.ar\/wp-content\/uploads\/2022\/10\/canta.jpg",299,169,false],"large":["https:\/\/infotep.com.ar\/wp-content\/uploads\/2022\/10\/canta.jpg",299,169,false],"1536x1536":["https:\/\/infotep.com.ar\/wp-content\/uploads\/2022\/10\/canta.jpg",299,169,false],"2048x2048":["https:\/\/infotep.com.ar\/wp-content\/uploads\/2022\/10\/canta.jpg",299,169,false],"blossom-feminine-slider":["https:\/\/infotep.com.ar\/wp-content\/uploads\/2022\/10\/canta.jpg",299,169,false],"blossom-feminine-featured":["https:\/\/infotep.com.ar\/wp-content\/uploads\/2022\/10\/canta.jpg",299,169,false],"blossom-feminine-with-sidebar":["https:\/\/infotep.com.ar\/wp-content\/uploads\/2022\/10\/canta.jpg",299,169,false],"blossom-feminine-blog":["https:\/\/infotep.com.ar\/wp-content\/uploads\/2022\/10\/canta.jpg",299,169,false],"blossom-feminine-cat":["https:\/\/infotep.com.ar\/wp-content\/uploads\/2022\/10\/canta.jpg",299,169,false],"blossom-feminine-related":["https:\/\/infotep.com.ar\/wp-content\/uploads\/2022\/10\/canta.jpg",299,169,false],"blossom-feminine-schema":["https:\/\/infotep.com.ar\/wp-content\/uploads\/2022\/10\/canta-106x60.jpg",106,60,true],"blossom-mommy-blog-slider-big":["https:\/\/infotep.com.ar\/wp-content\/uploads\/2022\/10\/canta.jpg",299,169,false],"blossom-mommy-blog-slider":["https:\/\/infotep.com.ar\/wp-content\/uploads\/2022\/10\/canta.jpg",299,169,false],"blossom-mommy-blog-two":["https:\/\/infotep.com.ar\/wp-content\/uploads\/2022\/10\/canta.jpg",299,169,false]},"author_info":{"info":["Angela Tobar"]},"category_info":"<a href=\"https:\/\/infotep.com.ar\/index.php\/category\/municipales\/moreno\/\" rel=\"category tag\">Moreno<\/a>","tag_info":"Moreno","comment_count":"0","_links":{"self":[{"href":"https:\/\/infotep.com.ar\/index.php\/wp-json\/wp\/v2\/posts\/1755"}],"collection":[{"href":"https:\/\/infotep.com.ar\/index.php\/wp-json\/wp\/v2\/posts"}],"about":[{"href":"https:\/\/infotep.com.ar\/index.php\/wp-json\/wp\/v2\/types\/post"}],"author":[{"embeddable":true,"href":"https:\/\/infotep.com.ar\/index.php\/wp-json\/wp\/v2\/users\/5"}],"replies":[{"embeddable":true,"href":"https:\/\/infotep.com.ar\/index.php\/wp-json\/wp\/v2\/comments?post=1755"}],"version-history":[{"count":2,"href":"https:\/\/infotep.com.ar\/index.php\/wp-json\/wp\/v2\/posts\/1755\/revisions"}],"predecessor-version":[{"id":1758,"href":"https:\/\/infotep.com.ar\/index.php\/wp-json\/wp\/v2\/posts\/1755\/revisions\/1758"}],"wp:featuredmedia":[{"embeddable":true,"href":"https:\/\/infotep.com.ar\/index.php\/wp-json\/wp\/v2\/media\/1756"}],"wp:attachment":[{"href":"https:\/\/infotep.com.ar\/index.php\/wp-json\/wp\/v2\/media?parent=1755"}],"wp:term":[{"taxonomy":"category","embeddable":true,"href":"https:\/\/infotep.com.ar\/index.php\/wp-json\/wp\/v2\/categories?post=1755"},{"taxonomy":"post_tag","embeddable":true,"href":"https:\/\/infotep.com.ar\/index.php\/wp-json\/wp\/v2\/tags?post=1755"}],"curies":[{"name":"wp","href":"https:\/\/api.w.org\/{rel}","templated":true}]}}