{"id":1759,"date":"2022-10-20T01:56:18","date_gmt":"2022-10-20T04:56:18","guid":{"rendered":"https:\/\/infotep.com.ar\/?p=1759"},"modified":"2022-10-20T02:16:44","modified_gmt":"2022-10-20T05:16:44","slug":"la-cgt-la-matanza-relanza-el-frente-politico-sindical-como-instrumento-electoral-para-competir-en-las-elecciones-2023","status":"publish","type":"post","link":"https:\/\/infotep.com.ar\/index.php\/2022\/10\/20\/la-cgt-la-matanza-relanza-el-frente-politico-sindical-como-instrumento-electoral-para-competir-en-las-elecciones-2023\/","title":{"rendered":"La CGT La Matanza relanza el Frente Pol\u00edtico Sindical como instrumento electoral para competir en las elecciones 2023"},"content":{"rendered":"\n<p><\/p>\n\n\n\n<p><strong>El secretario de Prensa y Comunicaci\u00f3n de la CGT Regional La Matanza, Pablo Boschi<\/strong> adelant\u00f3 que en pocos d\u00edas se realizar\u00e1 el relanzamiento del Frente Pol\u00edtico Sindical Primero Matanza, como herramienta electoral que permita unir distintos sectores pol\u00edticos, sociales, sindicales que actualmente \u201cno se sienten incluidos y representados dentro del Frente de Todos\u201d.<\/p>\n\n\n\n<p class=\"has-light-green-cyan-background-color has-background\">Al analizar las pr\u00f3ximas elecciones ejecutivas que se llevar\u00e1n adelante en menos de 10 meses y la discusi\u00f3n actual sobre si es pertinente eliminar el sistema de las Primarias Abiertas Simultaneas y Obligatorias, el gremialista afirm\u00f3: \u201cLas PASO son absolutamente necesarias. Es el instrumento electoral m\u00e1s importante que hemos tenido los argentinos, porque permite la incorporaci\u00f3n de sectores de la pol\u00edtica que antes no participaban y con ella pueden incorporarse a la discusi\u00f3n interna y competir\u201d.<\/p>\n\n\n\n<p>Inmediatamente <strong>alert\u00f3 que \u201csi los que tienen nivel de responsabilidad en t\u00e9rminos de conducci\u00f3n entienden de alguna manera que se puede obviar ese instrumento, las consecuencias las vamos a ver en el resultado de las urnas\u201d.<\/strong><\/p>\n\n\n\n<p class=\"has-black-color has-text-color\">Por lo que argument\u00f3 en una entrevista realizada en el <strong>programa Todos es Pol\u00edtica por la Fribuay<\/strong>, que desde el Frente de Todos se debe \u201ctener la mejor alternativa y permitir que \u00e9l que quiera jugar pueda hacerlo y seguramente vamos a tener la victoria como en el 2019, porque vamos a ampliar la convocatoria a muchos sectores que se excluyen porque no tienen la posibilidad de jugar\u201d.<\/p>\n\n\n\n<iframe loading=\"lazy\" width=\"560\" height=\"315\" src=\"https:\/\/www.youtube.com\/embed\/WeCkdORxN-U\" title=\"YouTube video player\" frameborder=\"0\" allow=\"accelerometer; autoplay; clipboard-write; encrypted-media; gyroscope; picture-in-picture\" allowfullscreen><\/iframe>\n\n\n\n<p>Con respecto a las intenciones que tiene la CGT de La Matanza de competir en las elecciones 2023 por la intendencia local y representaci\u00f3n en distintos espacios, marc\u00f3 como primer paso el acto de <strong>relanzamiento que realizar\u00e1n del Frente Pol\u00edtico Sindical Primero Matanza<\/strong>, que tiene como objetivo principal \u201ctener una herramienta electoral de cara al a\u00f1o que viene, donde se nucleen todos los sectores de los distintos movimientos, organizaciones sindicales, agrupaciones pol\u00edticas, que hoy por hoy no est\u00e1n nucleadas dentro del Frente de Todos\u201d.<\/p>\n\n\n\n<p class=\"has-light-green-cyan-background-color has-background\">La propuesta seg\u00fan explic\u00f3 \u201ces tener un instrumento electoral lo m\u00e1s amplio posible, incorporar a todos los sectores que hasta el momento no se sienten representados y por eso se excluyen y no est\u00e1n actuando\u201d.<\/p>\n\n\n<div class=\"wp-block-image\">\n<figure class=\"alignright size-full is-resized\"><img decoding=\"async\" loading=\"lazy\" src=\"https:\/\/infotep.com.ar\/wp-content\/uploads\/2022\/10\/pablo-boschi-e1666241705763.jpg\" alt=\"\" class=\"wp-image-1760\" width=\"369\" height=\"304\" srcset=\"https:\/\/infotep.com.ar\/wp-content\/uploads\/2022\/10\/pablo-boschi-e1666241705763.jpg 325w, https:\/\/infotep.com.ar\/wp-content\/uploads\/2022\/10\/pablo-boschi-e1666241705763-300x247.jpg 300w, https:\/\/infotep.com.ar\/wp-content\/uploads\/2022\/10\/pablo-boschi-e1666241705763-73x60.jpg 73w\" sizes=\"(max-width: 369px) 100vw, 369px\" \/><\/figure><\/div>\n\n\n<p>Boschi ampli\u00f3 que el punto de partida del flamante espacio es \u201cque tenga su ra\u00edz bien peronista, <strong>recuperar los valores del peronismo que fueron perdidos u olvidados<\/strong>, para que en La Matanza el \u00b4peronista de bien\u00b4 como dec\u00eda Per\u00f3n se sienta representado y parte de un proyecto\u201d.<\/p>\n\n\n\n<p>Finalmente, reafirm\u00f3 que <strong>la propuesta es \u201cque estemos todos sentados en la misma mesa para discutir qu\u00e9 es lo mejor para La Matanza\u201d.<\/strong><\/p>\n\n\n\n<p>Aclar\u00f3: \u201chay que discutir antes el proyecto y no cuando ganamos las elecciones porque prometemos y despu\u00e9s no sabemos qu\u00e9 hacer. <strong>El peronismo tiene que empezar a discutir proyectos\u201d<\/strong>.<\/p>\n","protected":false},"excerpt":{"rendered":"<p>El secretario de Prensa y Comunicaci&oacute;n de la CGT Regional La Matanza, Pablo Boschi adelant&oacute; que en pocos d&iacute;as se realizar&aacute; el relanzamiento del Frente Pol&iacute;tico Sindical Primero Matanza, como herramienta electoral que permita unir distintos sectores pol&iacute;ticos, sociales, sindicales que actualmente &ldquo;no se sienten incluidos y representados dentro del Frente de Todos&rdquo;. Al analizar &hellip; <\/p>\n","protected":false},"author":5,"featured_media":1762,"comment_status":"closed","ping_status":"closed","sticky":false,"template":"","format":"standard","meta":{"om_disable_all_campaigns":false,"_joinchat":[]},"categories":[31,7],"tags":[194,195,46,197,43],"featured_image_urls":{"full":["https:\/\/infotep.com.ar\/wp-content\/uploads\/2022\/10\/cgt.jpg",640,427,false],"thumbnail":["https:\/\/infotep.com.ar\/wp-content\/uploads\/2022\/10\/cgt-150x150.jpg",150,150,true],"medium":["https:\/\/infotep.com.ar\/wp-content\/uploads\/2022\/10\/cgt-300x200.jpg",300,200,true],"medium_large":["https:\/\/infotep.com.ar\/wp-content\/uploads\/2022\/10\/cgt.jpg",640,427,false],"large":["https:\/\/infotep.com.ar\/wp-content\/uploads\/2022\/10\/cgt.jpg",640,427,false],"1536x1536":["https:\/\/infotep.com.ar\/wp-content\/uploads\/2022\/10\/cgt.jpg",640,427,false],"2048x2048":["https:\/\/infotep.com.ar\/wp-content\/uploads\/2022\/10\/cgt.jpg",640,427,false],"blossom-feminine-slider":["https:\/\/infotep.com.ar\/wp-content\/uploads\/2022\/10\/cgt.jpg",640,427,false],"blossom-feminine-featured":["https:\/\/infotep.com.ar\/wp-content\/uploads\/2022\/10\/cgt.jpg",640,427,false],"blossom-feminine-with-sidebar":["https:\/\/infotep.com.ar\/wp-content\/uploads\/2022\/10\/cgt.jpg",640,427,false],"blossom-feminine-blog":["https:\/\/infotep.com.ar\/wp-content\/uploads\/2022\/10\/cgt-435x427.jpg",435,427,true],"blossom-feminine-cat":["https:\/\/infotep.com.ar\/wp-content\/uploads\/2022\/10\/cgt-450x300.jpg",450,300,true],"blossom-feminine-related":["https:\/\/infotep.com.ar\/wp-content\/uploads\/2022\/10\/cgt-320x200.jpg",320,200,true],"blossom-feminine-schema":["https:\/\/infotep.com.ar\/wp-content\/uploads\/2022\/10\/cgt-90x60.jpg",90,60,true],"blossom-mommy-blog-slider-big":["https:\/\/infotep.com.ar\/wp-content\/uploads\/2022\/10\/cgt.jpg",640,427,false],"blossom-mommy-blog-slider":["https:\/\/infotep.com.ar\/wp-content\/uploads\/2022\/10\/cgt-460x310.jpg",460,310,true],"blossom-mommy-blog-two":["https:\/\/infotep.com.ar\/wp-content\/uploads\/2022\/10\/cgt.jpg",640,427,false]},"author_info":{"info":["Angela Tobar"]},"category_info":"<a href=\"https:\/\/infotep.com.ar\/index.php\/category\/destacadas\/\" rel=\"category tag\">Destacadas<\/a> <a href=\"https:\/\/infotep.com.ar\/index.php\/category\/gremios\/\" rel=\"category tag\">Gremios<\/a>","tag_info":"Gremios","comment_count":"0","_links":{"self":[{"href":"https:\/\/infotep.com.ar\/index.php\/wp-json\/wp\/v2\/posts\/1759"}],"collection":[{"href":"https:\/\/infotep.com.ar\/index.php\/wp-json\/wp\/v2\/posts"}],"about":[{"href":"https:\/\/infotep.com.ar\/index.php\/wp-json\/wp\/v2\/types\/post"}],"author":[{"embeddable":true,"href":"https:\/\/infotep.com.ar\/index.php\/wp-json\/wp\/v2\/users\/5"}],"replies":[{"embeddable":true,"href":"https:\/\/infotep.com.ar\/index.php\/wp-json\/wp\/v2\/comments?post=1759"}],"version-history":[{"count":3,"href":"https:\/\/infotep.com.ar\/index.php\/wp-json\/wp\/v2\/posts\/1759\/revisions"}],"predecessor-version":[{"id":1767,"href":"https:\/\/infotep.com.ar\/index.php\/wp-json\/wp\/v2\/posts\/1759\/revisions\/1767"}],"wp:featuredmedia":[{"embeddable":true,"href":"https:\/\/infotep.com.ar\/index.php\/wp-json\/wp\/v2\/media\/1762"}],"wp:attachment":[{"href":"https:\/\/infotep.com.ar\/index.php\/wp-json\/wp\/v2\/media?parent=1759"}],"wp:term":[{"taxonomy":"category","embeddable":true,"href":"https:\/\/infotep.com.ar\/index.php\/wp-json\/wp\/v2\/categories?post=1759"},{"taxonomy":"post_tag","embeddable":true,"href":"https:\/\/infotep.com.ar\/index.php\/wp-json\/wp\/v2\/tags?post=1759"}],"curies":[{"name":"wp","href":"https:\/\/api.w.org\/{rel}","templated":true}]}}