{"id":17628,"date":"2024-11-03T16:47:43","date_gmt":"2024-11-03T19:47:43","guid":{"rendered":"https:\/\/infotep.com.ar\/?p=17628"},"modified":"2024-11-03T16:47:44","modified_gmt":"2024-11-03T19:47:44","slug":"la-industria-pyme-volvio-a-caer-en-agosto-y-empresarios-piden-reduccion-de-impuestos","status":"publish","type":"post","link":"https:\/\/infotep.com.ar\/index.php\/2024\/11\/03\/la-industria-pyme-volvio-a-caer-en-agosto-y-empresarios-piden-reduccion-de-impuestos\/","title":{"rendered":"La industria pyme volvi\u00f3 a caer en agosto y empresarios piden reducci\u00f3n de impuestos"},"content":{"rendered":"\n<p>Seg\u00fan informe de la CAME, la retracci\u00f3n en los primeros ocho meses del a\u00f1o suma un 16,9% mientras que el uso de la capacidad instalada se ubic\u00f3 en el 60%.<\/p>\n\n\n\n<p>La actividad manufacturera de las pymes descendi\u00f3 8,7% interanual en agosto y acumula una retracci\u00f3n de 16,9% en los primeros ocho meses del a\u00f1o frente al mismo periodo de 2023. Las industrias pymes a\u00fan no muestran se\u00f1ales firmes como para afirmar la existencia de un cambio de tendencia o de reactivaci\u00f3n, m\u00e1s que algunos focos los cuales van siendo aleatorios mes a mes.<\/p>\n\n\n\n<p><strong>En la comparaci\u00f3n mensual desestacionalizada, la actividad creci\u00f3 3%, un incremento suave en virtud de los niveles de descenso que se vienen sucediendo.<\/strong><\/p>\n\n\n\n<p>En cuanto al uso de la capacidad instalada, se ubic\u00f3 en 60% en el octavo mes del a\u00f1o, esto es 0,6 puntos por debajo de julio (60,6%) pero a 10 puntos de distancia de los valores de principio de a\u00f1o, que de por s\u00ed acusaban las dificultades en la demanda interna.<\/p>\n\n\n\n<p>Todos estos resultados surgen del \u00cdndice de Producci\u00f3n Industrial Pyme (IPIP) que elabora CAME, con una muestra que alcanz\u00f3 a 414 industrias pyme a nivel federal.<\/p>\n\n\n\n<p><strong>Los sectores con m\u00e1s ca\u00edda<br><\/strong>Aunque en diferentes magnitudes, los seis sectores manufactureros del segmento pyme tuvieron declives en la comparaci\u00f3n anual, siendo los m\u00e1s afectados \u201cPapel e Impresiones\u201d (-21,1%) y \u201cQu\u00edmicos y pl\u00e1sticos\u201d (-15,5%). \u201cMaderas y Muebles\u201d fue el que menos cay\u00f3 (-1,1%).<\/p>\n\n\n\n<p>El sector Alimentos y Bebidas registr\u00f3 una ca\u00edda de 10,8% anual a precios constantes en agosto y una mejora de 0,9% en la comparaci\u00f3n mensual. Para los primeros ocho meses del a\u00f1o acumula una baja de 16,4% anual. Las industrias operaron con 60,4% de su capacidad instalada en el octavo mes del a\u00f1o, es 1,2 puntos por debajo de julio.<\/p>\n\n\n\n<p>La producci\u00f3n de textiles a indumentaria se retrajo 3,6% anual en agosto, y -0,9% frente a julio. Hasta agosto suma una ca\u00edda de 3,7%. Las industrias operaron con 60,9% de su capacidad instalada, los mismos valores que en julio.<\/p>\n\n\n\n<p>En agosto, el sector maderas y muebles se retrajo 1,1% anual a precios constantes, y creci\u00f3 4,3% en la comparaci\u00f3n mensual desestacionalizada. En el periodo enero-agosto la actividad cay\u00f3 15,6% frente a iguales meses del a\u00f1o pasado.<\/p>\n\n\n\n<p><strong>Durante el mes, las industrias operaron con 61,1% de su capacidad instalada (vs. 60,9% en julio). La actividad del rubro se activ\u00f3 despu\u00e9s de meses muy parados, impulsados por el recambio de mobiliario hogare\u00f1o y el repunte en la construcci\u00f3n. Si bien subieron algunos insumos, como la madera melamina, en general en las empresas valoraron como positivo la estabilidad de precios y las opciones de financiamiento que se abrieron con eso.<\/strong><\/p>\n\n\n\n<p>El rubro Metal, maquinaria y equipo, y material de transporte tuvo una contracci\u00f3n anual de 4,8% en agosto, a precios constantes y creci\u00f3 5,9% en la comparaci\u00f3n mensual. Para los primeros ocho meses del a\u00f1o, acumula un declive del 18,6%, siempre comparado a los mismos meses de 2023. Las industrias operaron al 60% de su capacidad instalada, son 0,9 puntos porcentuales por encima del mes anterior.<\/p>\n\n\n\n<p>En agosto, el ramo Qu\u00edmicos y pl\u00e1sticos experiment\u00f3 una significativa contracci\u00f3n del 15,5% anual, siempre a precios constantes, y un repunte de 2,1% en la comparaci\u00f3n mensual. Para los primeros ocho meses del a\u00f1o, la ca\u00edda acumulada es de 24,3%. Durante este mes, las industrias operaron con apenas 57,3% de su capacidad instalada, son 3,2 puntos por debajo de julio (60,5%).<\/p>\n\n\n\n<p>La actividad de papel e impresiones se retrajo 21,1% anual a precios constantes, siendo nuevamente el sector con mayor retroceso. En t\u00e9rminos mensuales, la actividad creci\u00f3 4,2% mientras que el declive hasta agosto suma un 18,2%, frente a los mismos meses del 2023. Las empresas operaron con 60,6% de su capacidad instalada, niveles menores a julio (62,8%),<\/p>\n\n\n\n<p><strong>Qu\u00e9 piden los empresarios pymes<br><\/strong>La medida m\u00e1s destacada que esperan en las industrias pymes en el corto plazo es la reducci\u00f3n de impuestos, que representa 58,8% de las respuestas, seguida por el est\u00edmulo a la demanda interna con 14,6%. La importancia de simplificar regulaciones y tr\u00e1mites ocup\u00f3 el tercer lugar con un 9% de las respuestas. A su vez, la generaci\u00f3n de incentivos para la contrataci\u00f3n de personal se lleva el cuarto lugar con 8,8%, lo que marca el incremento en el peso que tiene el componente laboral en la empresa.<\/p>\n","protected":false},"excerpt":{"rendered":"<p>Seg&uacute;n informe de la CAME, la retracci&oacute;n en los primeros ocho meses del a&ntilde;o suma un 16,9% mientras que el uso de la capacidad instalada se ubic&oacute; en el 60%. La actividad manufacturera de las pymes descendi&oacute; 8,7% interanual en agosto y acumula una retracci&oacute;n de 16,9% en los primeros ocho meses del a&ntilde;o frente &hellip; <\/p>\n","protected":false},"author":5,"featured_media":17629,"comment_status":"closed","ping_status":"closed","sticky":false,"template":"","format":"standard","meta":{"om_disable_all_campaigns":false,"_joinchat":[]},"categories":[7],"tags":[46,43],"featured_image_urls":{"full":["https:\/\/infotep.com.ar\/wp-content\/uploads\/2024\/11\/pyme.jpg",1004,565,false],"thumbnail":["https:\/\/infotep.com.ar\/wp-content\/uploads\/2024\/11\/pyme-150x150.jpg",150,150,true],"medium":["https:\/\/infotep.com.ar\/wp-content\/uploads\/2024\/11\/pyme-300x169.jpg",300,169,true],"medium_large":["https:\/\/infotep.com.ar\/wp-content\/uploads\/2024\/11\/pyme-768x432.jpg",768,432,true],"large":["https:\/\/infotep.com.ar\/wp-content\/uploads\/2024\/11\/pyme.jpg",1004,565,false],"1536x1536":["https:\/\/infotep.com.ar\/wp-content\/uploads\/2024\/11\/pyme.jpg",1004,565,false],"2048x2048":["https:\/\/infotep.com.ar\/wp-content\/uploads\/2024\/11\/pyme.jpg",1004,565,false],"blossom-feminine-slider":["https:\/\/infotep.com.ar\/wp-content\/uploads\/2024\/11\/pyme.jpg",1004,565,false],"blossom-feminine-featured":["https:\/\/infotep.com.ar\/wp-content\/uploads\/2024\/11\/pyme.jpg",1004,565,false],"blossom-feminine-with-sidebar":["https:\/\/infotep.com.ar\/wp-content\/uploads\/2024\/11\/pyme.jpg",1004,565,false],"blossom-feminine-blog":["https:\/\/infotep.com.ar\/wp-content\/uploads\/2024\/11\/pyme-435x435.jpg",435,435,true],"blossom-feminine-cat":["https:\/\/infotep.com.ar\/wp-content\/uploads\/2024\/11\/pyme-450x300.jpg",450,300,true],"blossom-feminine-related":["https:\/\/infotep.com.ar\/wp-content\/uploads\/2024\/11\/pyme-320x200.jpg",320,200,true],"blossom-feminine-schema":["https:\/\/infotep.com.ar\/wp-content\/uploads\/2024\/11\/pyme-107x60.jpg",107,60,true],"blossom-mommy-blog-slider-big":["https:\/\/infotep.com.ar\/wp-content\/uploads\/2024\/11\/pyme-920x565.jpg",920,565,true],"blossom-mommy-blog-slider":["https:\/\/infotep.com.ar\/wp-content\/uploads\/2024\/11\/pyme-460x310.jpg",460,310,true],"blossom-mommy-blog-two":["https:\/\/infotep.com.ar\/wp-content\/uploads\/2024\/11\/pyme-768x480.jpg",768,480,true]},"author_info":{"info":["Angela Tobar"]},"category_info":"<a href=\"https:\/\/infotep.com.ar\/index.php\/category\/gremios\/\" rel=\"category tag\">Gremios<\/a>","tag_info":"Gremios","comment_count":"0","_links":{"self":[{"href":"https:\/\/infotep.com.ar\/index.php\/wp-json\/wp\/v2\/posts\/17628"}],"collection":[{"href":"https:\/\/infotep.com.ar\/index.php\/wp-json\/wp\/v2\/posts"}],"about":[{"href":"https:\/\/infotep.com.ar\/index.php\/wp-json\/wp\/v2\/types\/post"}],"author":[{"embeddable":true,"href":"https:\/\/infotep.com.ar\/index.php\/wp-json\/wp\/v2\/users\/5"}],"replies":[{"embeddable":true,"href":"https:\/\/infotep.com.ar\/index.php\/wp-json\/wp\/v2\/comments?post=17628"}],"version-history":[{"count":1,"href":"https:\/\/infotep.com.ar\/index.php\/wp-json\/wp\/v2\/posts\/17628\/revisions"}],"predecessor-version":[{"id":17630,"href":"https:\/\/infotep.com.ar\/index.php\/wp-json\/wp\/v2\/posts\/17628\/revisions\/17630"}],"wp:featuredmedia":[{"embeddable":true,"href":"https:\/\/infotep.com.ar\/index.php\/wp-json\/wp\/v2\/media\/17629"}],"wp:attachment":[{"href":"https:\/\/infotep.com.ar\/index.php\/wp-json\/wp\/v2\/media?parent=17628"}],"wp:term":[{"taxonomy":"category","embeddable":true,"href":"https:\/\/infotep.com.ar\/index.php\/wp-json\/wp\/v2\/categories?post=17628"},{"taxonomy":"post_tag","embeddable":true,"href":"https:\/\/infotep.com.ar\/index.php\/wp-json\/wp\/v2\/tags?post=17628"}],"curies":[{"name":"wp","href":"https:\/\/api.w.org\/{rel}","templated":true}]}}