{"id":17631,"date":"2024-11-03T16:49:17","date_gmt":"2024-11-03T19:49:17","guid":{"rendered":"https:\/\/infotep.com.ar\/?p=17631"},"modified":"2024-11-03T16:49:19","modified_gmt":"2024-11-03T19:49:19","slug":"docentes-y-nodocentes-universitarios-repudiaron-tras-acusaciones-de-adoctrinamiento-en-la-uba","status":"publish","type":"post","link":"https:\/\/infotep.com.ar\/index.php\/2024\/11\/03\/docentes-y-nodocentes-universitarios-repudiaron-tras-acusaciones-de-adoctrinamiento-en-la-uba\/","title":{"rendered":"Docentes y nodocentes universitarios repudiaron tras acusaciones de \u201cadoctrinamiento\u201d en la UBA"},"content":{"rendered":"\n<p>Los gremios condenaron las manifestaciones en una se\u00f1al televisiva nacional, que apuntaba contra titulares y adjuntos de la facultad de Derecho.<\/p>\n\n\n\n<p>La Federaci\u00f3n de Docentes de las Universidades (FEDUN) y la Federaci\u00f3n Argentina del Trabajador de las Universidades Nacionales (FATUN) repudiaron las acusaciones period\u00edsticas contra docentes de la UBA por \u201cadoctrinamiento\u201d sindical y las enmarcaron como parte del ataque sistem\u00e1tico del gobierno.<\/p>\n\n\n\n<p>En ese sentido, las organizaciones gremiales aseguraron que el ejecutivo nacional contin\u00faa embistiendo contra la universidad p\u00fablica a trav\u00e9s de medios de comunicaci\u00f3n afines a la actual gesti\u00f3n, \u201cdifamando, hostigando, estigmatizando e intentando deslegitimar el justo reclamo de las universidades\u00bb.<\/p>\n\n\n\n<p>El repudio lleg\u00f3 luego de que durante la emisi\u00f3n del programa de Luis Majul en el Canal La Naci\u00f3n+, se acusara a docentes titulares y adjuntos de la Facultad de Derecho de la UBA de \u201cadoctrinar por su pertenencia sindical, su labor como abogados de sindicatos y su perspectiva pro-trabajador\u201d.<\/p>\n\n\n\n<p>Al respecto, los gremios manifestaron que este tipo de pr\u00e1cticas representan \u201cuna clara violaci\u00f3n al derecho de participaci\u00f3n gremial y un intento de cercenar la libertad de c\u00e1tedra consagrados en la Constituci\u00f3n Nacional y por tratados internacionales\u201d. \u201cNos solidarizamos con los docentes afectados y exigimos al canal una disculpa p\u00fablica\u201d, concluyeron.<\/p>\n","protected":false},"excerpt":{"rendered":"<p>Los gremios condenaron las manifestaciones en una se&ntilde;al televisiva nacional, que apuntaba contra titulares y adjuntos de la facultad de Derecho. La Federaci&oacute;n de Docentes de las Universidades (FEDUN) y la Federaci&oacute;n Argentina del Trabajador de las Universidades Nacionales (FATUN) repudiaron las acusaciones period&iacute;sticas contra docentes de la UBA por &ldquo;adoctrinamiento&rdquo; sindical y las enmarcaron &hellip; <\/p>\n","protected":false},"author":5,"featured_media":17632,"comment_status":"closed","ping_status":"closed","sticky":false,"template":"","format":"standard","meta":{"om_disable_all_campaigns":false,"_joinchat":[]},"categories":[6],"tags":[46,43],"featured_image_urls":{"full":["https:\/\/infotep.com.ar\/wp-content\/uploads\/2024\/11\/daniel-ricci-cgt-fedun.jpg",1440,960,false],"thumbnail":["https:\/\/infotep.com.ar\/wp-content\/uploads\/2024\/11\/daniel-ricci-cgt-fedun-150x150.jpg",150,150,true],"medium":["https:\/\/infotep.com.ar\/wp-content\/uploads\/2024\/11\/daniel-ricci-cgt-fedun-300x200.jpg",300,200,true],"medium_large":["https:\/\/infotep.com.ar\/wp-content\/uploads\/2024\/11\/daniel-ricci-cgt-fedun-768x512.jpg",768,512,true],"large":["https:\/\/infotep.com.ar\/wp-content\/uploads\/2024\/11\/daniel-ricci-cgt-fedun-1024x683.jpg",1020,680,true],"1536x1536":["https:\/\/infotep.com.ar\/wp-content\/uploads\/2024\/11\/daniel-ricci-cgt-fedun.jpg",1440,960,false],"2048x2048":["https:\/\/infotep.com.ar\/wp-content\/uploads\/2024\/11\/daniel-ricci-cgt-fedun.jpg",1440,960,false],"blossom-feminine-slider":["https:\/\/infotep.com.ar\/wp-content\/uploads\/2024\/11\/daniel-ricci-cgt-fedun-1440x649.jpg",1440,649,true],"blossom-feminine-featured":["https:\/\/infotep.com.ar\/wp-content\/uploads\/2024\/11\/daniel-ricci-cgt-fedun-1410x600.jpg",1410,600,true],"blossom-feminine-with-sidebar":["https:\/\/infotep.com.ar\/wp-content\/uploads\/2024\/11\/daniel-ricci-cgt-fedun-1020x600.jpg",1020,600,true],"blossom-feminine-blog":["https:\/\/infotep.com.ar\/wp-content\/uploads\/2024\/11\/daniel-ricci-cgt-fedun-435x435.jpg",435,435,true],"blossom-feminine-cat":["https:\/\/infotep.com.ar\/wp-content\/uploads\/2024\/11\/daniel-ricci-cgt-fedun-450x300.jpg",450,300,true],"blossom-feminine-related":["https:\/\/infotep.com.ar\/wp-content\/uploads\/2024\/11\/daniel-ricci-cgt-fedun-320x200.jpg",320,200,true],"blossom-feminine-schema":["https:\/\/infotep.com.ar\/wp-content\/uploads\/2024\/11\/daniel-ricci-cgt-fedun-90x60.jpg",90,60,true],"blossom-mommy-blog-slider-big":["https:\/\/infotep.com.ar\/wp-content\/uploads\/2024\/11\/daniel-ricci-cgt-fedun-920x650.jpg",920,650,true],"blossom-mommy-blog-slider":["https:\/\/infotep.com.ar\/wp-content\/uploads\/2024\/11\/daniel-ricci-cgt-fedun-460x310.jpg",460,310,true],"blossom-mommy-blog-two":["https:\/\/infotep.com.ar\/wp-content\/uploads\/2024\/11\/daniel-ricci-cgt-fedun-768x480.jpg",768,480,true]},"author_info":{"info":["Angela Tobar"]},"category_info":"<a href=\"https:\/\/infotep.com.ar\/index.php\/category\/universitarias\/\" rel=\"category tag\">Universitarias<\/a>","tag_info":"Universitarias","comment_count":"0","_links":{"self":[{"href":"https:\/\/infotep.com.ar\/index.php\/wp-json\/wp\/v2\/posts\/17631"}],"collection":[{"href":"https:\/\/infotep.com.ar\/index.php\/wp-json\/wp\/v2\/posts"}],"about":[{"href":"https:\/\/infotep.com.ar\/index.php\/wp-json\/wp\/v2\/types\/post"}],"author":[{"embeddable":true,"href":"https:\/\/infotep.com.ar\/index.php\/wp-json\/wp\/v2\/users\/5"}],"replies":[{"embeddable":true,"href":"https:\/\/infotep.com.ar\/index.php\/wp-json\/wp\/v2\/comments?post=17631"}],"version-history":[{"count":1,"href":"https:\/\/infotep.com.ar\/index.php\/wp-json\/wp\/v2\/posts\/17631\/revisions"}],"predecessor-version":[{"id":17633,"href":"https:\/\/infotep.com.ar\/index.php\/wp-json\/wp\/v2\/posts\/17631\/revisions\/17633"}],"wp:featuredmedia":[{"embeddable":true,"href":"https:\/\/infotep.com.ar\/index.php\/wp-json\/wp\/v2\/media\/17632"}],"wp:attachment":[{"href":"https:\/\/infotep.com.ar\/index.php\/wp-json\/wp\/v2\/media?parent=17631"}],"wp:term":[{"taxonomy":"category","embeddable":true,"href":"https:\/\/infotep.com.ar\/index.php\/wp-json\/wp\/v2\/categories?post=17631"},{"taxonomy":"post_tag","embeddable":true,"href":"https:\/\/infotep.com.ar\/index.php\/wp-json\/wp\/v2\/tags?post=17631"}],"curies":[{"name":"wp","href":"https:\/\/api.w.org\/{rel}","templated":true}]}}