{"id":1768,"date":"2022-10-20T12:34:12","date_gmt":"2022-10-20T15:34:12","guid":{"rendered":"https:\/\/infotep.com.ar\/?p=1768"},"modified":"2022-10-20T12:35:59","modified_gmt":"2022-10-20T15:35:59","slug":"en-reclamo-de-mejoras-salariales-trabajadores-municipales-de-moreno-tomaron-el-palacio-municipal","status":"publish","type":"post","link":"https:\/\/infotep.com.ar\/index.php\/2022\/10\/20\/en-reclamo-de-mejoras-salariales-trabajadores-municipales-de-moreno-tomaron-el-palacio-municipal\/","title":{"rendered":"En reclamo de mejoras salariales trabajadores municipales de Moreno tomaron el Palacio Municipal"},"content":{"rendered":"\n<p>&#8220;<span style=\"font-size: revert; color: initial;\">Ante la falta de respuestas de la Intendenta Mariel Fern\u00e1ndez, los trabajadores municipales decidimos tomar la planta baja del palacio municipal<\/span>&#8220;, se inform\u00f3 desde el gremio ATE que nuclea a empleados y empleadas.<\/p>\n\n\n\n<p>Se ratific\u00f3 la exigencia de una reapertura de paritarias para acordar un aumento salarial que mejore la economia de miles de familias que pierden ante la inflaci\u00f3n y padecen sueldos por debajo de la l\u00ednea de indigencia.<\/p>\n\n\n\n<iframe loading=\"lazy\" width=\"560\" height=\"315\" src=\"https:\/\/www.youtube.com\/embed\/YzbGYU7KRcs\" title=\"YouTube video player\" frameborder=\"0\" allow=\"accelerometer; autoplay; clipboard-write; encrypted-media; gyroscope; picture-in-picture\" allowfullscreen=\"\"><\/iframe>\n\n\n\n<p>En horas de la ma\u00f1ana, previa a la toma de la planta baja del edificio municipal, los trabajadores municipales de Moreno que integran la agrupaci\u00f3n Alternativa Estatal (ATE) realizaron un corte de las v\u00edas del tren Sarmiento altura Moreno para &#8220;visibilizar el reclamo que llevamos adelante hace meses&#8221;, informaron.<\/p>\n\n\n<div class=\"wp-block-image\">\n<figure class=\"alignleft size-large is-resized\"><img decoding=\"async\" loading=\"lazy\" src=\"https:\/\/infotep.com.ar\/wp-content\/uploads\/2022\/10\/91db3201-4e27-4187-b2dc-11f9b1b5557d-1024x768.jpg\" alt=\"\" class=\"wp-image-1771\" width=\"-374\" height=\"-280\" srcset=\"https:\/\/infotep.com.ar\/wp-content\/uploads\/2022\/10\/91db3201-4e27-4187-b2dc-11f9b1b5557d-1024x768.jpg 1024w, https:\/\/infotep.com.ar\/wp-content\/uploads\/2022\/10\/91db3201-4e27-4187-b2dc-11f9b1b5557d-300x225.jpg 300w, https:\/\/infotep.com.ar\/wp-content\/uploads\/2022\/10\/91db3201-4e27-4187-b2dc-11f9b1b5557d-768x576.jpg 768w, https:\/\/infotep.com.ar\/wp-content\/uploads\/2022\/10\/91db3201-4e27-4187-b2dc-11f9b1b5557d-80x60.jpg 80w, https:\/\/infotep.com.ar\/wp-content\/uploads\/2022\/10\/91db3201-4e27-4187-b2dc-11f9b1b5557d.jpg 1280w\" sizes=\"(max-width: 1024px) 100vw, 1024px\" \/><figcaption>Trabajadores municipales de Moreno reclaman mejoras salariales.<\/figcaption><\/figure><\/div>\n\n\n<p class=\"has-light-green-cyan-background-color has-background\">&#8220;En el d\u00eda de hoy estamos realizando paro de trabajadores municipales porque nuestros salarios son una miseria, la estamos pasando muy mal, familias que no tienen para comer porque la intendenta Mariel Fern\u00e1ndez, del Movimiento Evita, cerr\u00f3 de manera arbitraria y por decreto las paritarias por un 21% de aumento en tres tramos, dejando de manera autoritaria cerrada la discusi\u00f3n parital hasta el pr\u00f3ximo a\u00f1o, dejando a la familia municipal sumergidos en la indigencia con salarios promedios de 42 mil pesos y tomando como escudo a los compa\u00f1eros que reciben potenciar trabajo para realizar el trabajo municipal&#8221;, denunciaron. <br><br>Y alertaron que seguiran &#8220;reclamando hasta que se reabra las paritarias y se de un aumento real que empate los n\u00fameros de inflaci\u00f3n porque los y las trabajadores municipales ya no aguantamos la miseria que cobramos y no poder llevar a nuestros hijxs un plato de comida&#8221;.<\/p>\n\n\n\n<p><\/p>\n","protected":false},"excerpt":{"rendered":"<p>&ldquo;Ante la falta de respuestas de la Intendenta Mariel Fern&aacute;ndez, los trabajadores municipales decidimos tomar la planta baja del palacio municipal&ldquo;, se inform&oacute; desde el gremio ATE que nuclea a empleados y empleadas. Se ratific&oacute; la exigencia de una reapertura de paritarias para acordar un aumento salarial que mejore la economia de miles de familias &hellip; <\/p>\n","protected":false},"author":5,"featured_media":1769,"comment_status":"closed","ping_status":"closed","sticky":false,"template":"","format":"standard","meta":{"om_disable_all_campaigns":false,"_joinchat":[]},"categories":[7,85],"tags":[46,43],"featured_image_urls":{"full":["https:\/\/infotep.com.ar\/wp-content\/uploads\/2022\/10\/ate-moreno.jpg",1599,899,false],"thumbnail":["https:\/\/infotep.com.ar\/wp-content\/uploads\/2022\/10\/ate-moreno-150x150.jpg",150,150,true],"medium":["https:\/\/infotep.com.ar\/wp-content\/uploads\/2022\/10\/ate-moreno-300x169.jpg",300,169,true],"medium_large":["https:\/\/infotep.com.ar\/wp-content\/uploads\/2022\/10\/ate-moreno-768x432.jpg",768,432,true],"large":["https:\/\/infotep.com.ar\/wp-content\/uploads\/2022\/10\/ate-moreno-1024x576.jpg",1020,574,true],"1536x1536":["https:\/\/infotep.com.ar\/wp-content\/uploads\/2022\/10\/ate-moreno-1536x864.jpg",1536,864,true],"2048x2048":["https:\/\/infotep.com.ar\/wp-content\/uploads\/2022\/10\/ate-moreno.jpg",1599,899,false],"blossom-feminine-slider":["https:\/\/infotep.com.ar\/wp-content\/uploads\/2022\/10\/ate-moreno-1599x649.jpg",1599,649,true],"blossom-feminine-featured":["https:\/\/infotep.com.ar\/wp-content\/uploads\/2022\/10\/ate-moreno-1410x600.jpg",1410,600,true],"blossom-feminine-with-sidebar":["https:\/\/infotep.com.ar\/wp-content\/uploads\/2022\/10\/ate-moreno-1020x600.jpg",1020,600,true],"blossom-feminine-blog":["https:\/\/infotep.com.ar\/wp-content\/uploads\/2022\/10\/ate-moreno-435x435.jpg",435,435,true],"blossom-feminine-cat":["https:\/\/infotep.com.ar\/wp-content\/uploads\/2022\/10\/ate-moreno-450x300.jpg",450,300,true],"blossom-feminine-related":["https:\/\/infotep.com.ar\/wp-content\/uploads\/2022\/10\/ate-moreno-320x200.jpg",320,200,true],"blossom-feminine-schema":["https:\/\/infotep.com.ar\/wp-content\/uploads\/2022\/10\/ate-moreno-107x60.jpg",107,60,true],"blossom-mommy-blog-slider-big":["https:\/\/infotep.com.ar\/wp-content\/uploads\/2022\/10\/ate-moreno-920x650.jpg",920,650,true],"blossom-mommy-blog-slider":["https:\/\/infotep.com.ar\/wp-content\/uploads\/2022\/10\/ate-moreno-460x310.jpg",460,310,true],"blossom-mommy-blog-two":["https:\/\/infotep.com.ar\/wp-content\/uploads\/2022\/10\/ate-moreno-768x480.jpg",768,480,true]},"author_info":{"info":["Angela Tobar"]},"category_info":"<a href=\"https:\/\/infotep.com.ar\/index.php\/category\/gremios\/\" rel=\"category tag\">Gremios<\/a> <a href=\"https:\/\/infotep.com.ar\/index.php\/category\/municipales\/moreno\/\" rel=\"category tag\">Moreno<\/a>","tag_info":"Moreno","comment_count":"0","_links":{"self":[{"href":"https:\/\/infotep.com.ar\/index.php\/wp-json\/wp\/v2\/posts\/1768"}],"collection":[{"href":"https:\/\/infotep.com.ar\/index.php\/wp-json\/wp\/v2\/posts"}],"about":[{"href":"https:\/\/infotep.com.ar\/index.php\/wp-json\/wp\/v2\/types\/post"}],"author":[{"embeddable":true,"href":"https:\/\/infotep.com.ar\/index.php\/wp-json\/wp\/v2\/users\/5"}],"replies":[{"embeddable":true,"href":"https:\/\/infotep.com.ar\/index.php\/wp-json\/wp\/v2\/comments?post=1768"}],"version-history":[{"count":3,"href":"https:\/\/infotep.com.ar\/index.php\/wp-json\/wp\/v2\/posts\/1768\/revisions"}],"predecessor-version":[{"id":1774,"href":"https:\/\/infotep.com.ar\/index.php\/wp-json\/wp\/v2\/posts\/1768\/revisions\/1774"}],"wp:featuredmedia":[{"embeddable":true,"href":"https:\/\/infotep.com.ar\/index.php\/wp-json\/wp\/v2\/media\/1769"}],"wp:attachment":[{"href":"https:\/\/infotep.com.ar\/index.php\/wp-json\/wp\/v2\/media?parent=1768"}],"wp:term":[{"taxonomy":"category","embeddable":true,"href":"https:\/\/infotep.com.ar\/index.php\/wp-json\/wp\/v2\/categories?post=1768"},{"taxonomy":"post_tag","embeddable":true,"href":"https:\/\/infotep.com.ar\/index.php\/wp-json\/wp\/v2\/tags?post=1768"}],"curies":[{"name":"wp","href":"https:\/\/api.w.org\/{rel}","templated":true}]}}