{"id":17703,"date":"2024-11-05T01:13:40","date_gmt":"2024-11-05T04:13:40","guid":{"rendered":"https:\/\/infotep.com.ar\/?p=17703"},"modified":"2024-11-05T01:13:41","modified_gmt":"2024-11-05T04:13:41","slug":"con-consenso-entre-distintos-bloques-debatiran-sobre-violencia-contra-las-mujeres-en-el-contexto-laboral-y-academico","status":"publish","type":"post","link":"https:\/\/infotep.com.ar\/index.php\/2024\/11\/05\/con-consenso-entre-distintos-bloques-debatiran-sobre-violencia-contra-las-mujeres-en-el-contexto-laboral-y-academico\/","title":{"rendered":"Con consenso entre distintos bloques, debatir\u00e1n sobre violencia contra las mujeres en el contexto laboral y acad\u00e9mico"},"content":{"rendered":"\n<p>Un proyecto que lleva la firma de varios espacios se tratar\u00e1 en un plenario de las comisiones de Mujeres y Diversidad y Legislaci\u00f3n del Trabajo de Diputados.<\/p>\n\n\n\n<p>Las comisiones de Mujeres y Diversidad y Legislaci\u00f3n del Trabajo de la C\u00e1mara de Diputados se reunir\u00e1n el pr\u00f3ximo martes 5 de noviembre para tratar un proyecto de ley que lleva la firma de distintos bloques y propone una modificaci\u00f3n a la Ley 26.485, sobre Protecci\u00f3n Integral a las Mujeres. El plenario ser\u00e1 a las 12.30 en el Sal\u00f3n Delia Parodi.<\/p>\n\n\n\n<p>La iniciativa est\u00e1 encabezada por la legisladora de Uni\u00f3n por la Patria M\u00f3nica Macha, presidenta de la Comisi\u00f3n de Mujeres, pero es acompa\u00f1ada por integrantes del Pro, la UCR, Encuentro Federal, la Coalici\u00f3n C\u00edvica y el Frente de Izquierda.<\/p>\n\n\n\n<p>El proyecto plantea incorporar el inciso \u201cj\u201d al art\u00edculo 6 de la Ley 26.485, sobre las modalidades en que se manifiesta violencia contra las mujeres.<\/p>\n\n\n\n<p>El nuevo inciso reza: \u201cViolencia y acoso sexual contra las mujeres en el contexto laboral o acad\u00e9mico, que consiste en la conducta o comportamiento verbal, no verbal, f\u00edsico y\/o psicol\u00f3gico, efectuado por cualquier medio, de \u00edndole sexual y no consentido, con el prop\u00f3sito y\/o el efecto de atentar contra la dignidad de la mujer, generando sobre la misma un entorno intimidatorio, hostil, degradante, humillante y\/u ofensivo\u201d.<\/p>\n\n\n\n<p>\u201cLa violencia de g\u00e9nero constituye una problem\u00e1tica caracterizada por el uso de la violencia contra las mujeres como una violaci\u00f3n de sus derechos fundamentales\u201d, se enfatiz\u00f3 en los argumentos de la iniciativa.<\/p>\n\n\n\n<p>Adem\u00e1s, se record\u00f3 que Argentina ratific\u00f3 el Convenio 190 de la Organizaci\u00f3n Internacional del Trabajo (OIT), el cual \u201crepresenta un compromiso global para mejorar la seguridad y el bienestar en los lugares de trabajo y aborda, entre otras tem\u00e1ticas, el acoso sexual, centr\u00e1ndose en su eliminaci\u00f3n definitiva\u201d.<\/p>\n\n\n\n<p>\u201cLa violencia por acoso sexual en el contexto laboral y acad\u00e9mico es una modalidad de violencia generalizada desde a\u00f1os atr\u00e1s, tanto en la Argentina como en diversos pa\u00edses, y, a la vez, invisibilizada por la sociedad, las instituciones y el sistema judicial. Se ha naturalizado y carece en nuestro pa\u00eds de abordaje legislativo espec\u00edfico\u201d, se\u00f1alaron los firmantes del proyecto.<\/p>\n","protected":false},"excerpt":{"rendered":"<p>Un proyecto que lleva la firma de varios espacios se tratar&aacute; en un plenario de las comisiones de Mujeres y Diversidad y Legislaci&oacute;n del Trabajo de Diputados. Las comisiones de Mujeres y Diversidad y Legislaci&oacute;n del Trabajo de la C&aacute;mara de Diputados se reunir&aacute;n el pr&oacute;ximo martes 5 de noviembre para tratar un proyecto de &hellip; <\/p>\n","protected":false},"author":5,"featured_media":17560,"comment_status":"closed","ping_status":"closed","sticky":false,"template":"","format":"standard","meta":{"om_disable_all_campaigns":false,"_joinchat":[]},"categories":[3],"tags":[46,43],"featured_image_urls":{"full":["https:\/\/infotep.com.ar\/wp-content\/uploads\/2024\/10\/macha.webp",1080,720,false],"thumbnail":["https:\/\/infotep.com.ar\/wp-content\/uploads\/2024\/10\/macha-150x150.webp",150,150,true],"medium":["https:\/\/infotep.com.ar\/wp-content\/uploads\/2024\/10\/macha-300x200.webp",300,200,true],"medium_large":["https:\/\/infotep.com.ar\/wp-content\/uploads\/2024\/10\/macha-768x512.webp",768,512,true],"large":["https:\/\/infotep.com.ar\/wp-content\/uploads\/2024\/10\/macha-1024x683.webp",1020,680,true],"1536x1536":["https:\/\/infotep.com.ar\/wp-content\/uploads\/2024\/10\/macha.webp",1080,720,false],"2048x2048":["https:\/\/infotep.com.ar\/wp-content\/uploads\/2024\/10\/macha.webp",1080,720,false],"blossom-feminine-slider":["https:\/\/infotep.com.ar\/wp-content\/uploads\/2024\/10\/macha-1080x649.webp",1080,649,true],"blossom-feminine-featured":["https:\/\/infotep.com.ar\/wp-content\/uploads\/2024\/10\/macha-1080x600.webp",1080,600,true],"blossom-feminine-with-sidebar":["https:\/\/infotep.com.ar\/wp-content\/uploads\/2024\/10\/macha-1020x600.webp",1020,600,true],"blossom-feminine-blog":["https:\/\/infotep.com.ar\/wp-content\/uploads\/2024\/10\/macha-435x435.webp",435,435,true],"blossom-feminine-cat":["https:\/\/infotep.com.ar\/wp-content\/uploads\/2024\/10\/macha-450x300.webp",450,300,true],"blossom-feminine-related":["https:\/\/infotep.com.ar\/wp-content\/uploads\/2024\/10\/macha-320x200.webp",320,200,true],"blossom-feminine-schema":["https:\/\/infotep.com.ar\/wp-content\/uploads\/2024\/10\/macha-90x60.webp",90,60,true],"blossom-mommy-blog-slider-big":["https:\/\/infotep.com.ar\/wp-content\/uploads\/2024\/10\/macha-920x650.webp",920,650,true],"blossom-mommy-blog-slider":["https:\/\/infotep.com.ar\/wp-content\/uploads\/2024\/10\/macha-460x310.webp",460,310,true],"blossom-mommy-blog-two":["https:\/\/infotep.com.ar\/wp-content\/uploads\/2024\/10\/macha-768x480.webp",768,480,true]},"author_info":{"info":["Angela Tobar"]},"category_info":"<a href=\"https:\/\/infotep.com.ar\/index.php\/category\/nacionales\/\" rel=\"category tag\">Nacionales<\/a>","tag_info":"Nacionales","comment_count":"0","_links":{"self":[{"href":"https:\/\/infotep.com.ar\/index.php\/wp-json\/wp\/v2\/posts\/17703"}],"collection":[{"href":"https:\/\/infotep.com.ar\/index.php\/wp-json\/wp\/v2\/posts"}],"about":[{"href":"https:\/\/infotep.com.ar\/index.php\/wp-json\/wp\/v2\/types\/post"}],"author":[{"embeddable":true,"href":"https:\/\/infotep.com.ar\/index.php\/wp-json\/wp\/v2\/users\/5"}],"replies":[{"embeddable":true,"href":"https:\/\/infotep.com.ar\/index.php\/wp-json\/wp\/v2\/comments?post=17703"}],"version-history":[{"count":1,"href":"https:\/\/infotep.com.ar\/index.php\/wp-json\/wp\/v2\/posts\/17703\/revisions"}],"predecessor-version":[{"id":17704,"href":"https:\/\/infotep.com.ar\/index.php\/wp-json\/wp\/v2\/posts\/17703\/revisions\/17704"}],"wp:featuredmedia":[{"embeddable":true,"href":"https:\/\/infotep.com.ar\/index.php\/wp-json\/wp\/v2\/media\/17560"}],"wp:attachment":[{"href":"https:\/\/infotep.com.ar\/index.php\/wp-json\/wp\/v2\/media?parent=17703"}],"wp:term":[{"taxonomy":"category","embeddable":true,"href":"https:\/\/infotep.com.ar\/index.php\/wp-json\/wp\/v2\/categories?post=17703"},{"taxonomy":"post_tag","embeddable":true,"href":"https:\/\/infotep.com.ar\/index.php\/wp-json\/wp\/v2\/tags?post=17703"}],"curies":[{"name":"wp","href":"https:\/\/api.w.org\/{rel}","templated":true}]}}